{"id":10870,"date":"2021-09-17T10:06:20","date_gmt":"2021-09-17T13:06:20","guid":{"rendered":"https:\/\/www.policiadelneuquen.gob.ar\/?p=10870"},"modified":"2021-09-17T10:06:26","modified_gmt":"2021-09-17T13:06:26","slug":"cria-1-allanamiento-permitio-la-demora-de-dos-personas-en-una-causa-por-abuso-de-arma","status":"publish","type":"post","link":"https:\/\/www.policiadelneuquen.gob.ar\/index.php\/cria-1-allanamiento-permitio-la-demora-de-dos-personas-en-una-causa-por-abuso-de-arma\/","title":{"rendered":"CR\u00cdA 1\u00b0: Allanamiento permiti\u00f3 la demora de dos personas en una causa por abuso de arma."},"content":{"rendered":"\n<p>Dos j\u00f3venes de 22 y 23 a\u00f1os fueron demorados ayer&nbsp;(16-09) por personal de Comisar\u00eda 1\u00b0, posterior a realizar una diligencia judicial, cont\u00e1ndose con la colaboraci\u00f3n de personal del Departamento&nbsp;D.E.S.P.O, secuestr\u00e1ndose elementos de inter\u00e9s para la causa.<\/p>\n\n\n\n<p>A ra\u00edz de una investigaci\u00f3n llevada adelante por personal de la mencionada Unidad, en el marco de una causa por \u201cAbuso de Arma\u201d, la justicia orden\u00f3 en la jornada de ayer tres \u00f3rdenes judiciales, las que fueron realizadas a partir de las 09:00 horas, en distintos domicilios ubicados en el B\u00b0 Belgrano.<\/p>\n\n\n\n<p>Como resultado de los mismos, se procedi\u00f3 a la demora de dos personas, una de ellas sindicada como presunto autor del hecho. Adem\u00e1s, se efectu\u00f3 el secuestro de dos equipos HT, que guardan relaci\u00f3n al hecho.<\/p>\n\n\n\n<p>Tanto los demorados, como los elementos secuestrados quedaron a disposici\u00f3n de la Justicia.<\/p>\n","protected":false},"excerpt":{"rendered":"<p>Dos j\u00f3venes de 22 y 23 a\u00f1os fueron demorados ayer&nbsp;(16-09) por personal de Comisar\u00eda 1\u00b0, posterior a realizar una diligencia judicial, cont\u00e1ndose con la colaboraci\u00f3n de personal del Departamento&nbsp;D.E.S.P.O, secuestr\u00e1ndose elementos de inter\u00e9s para la causa. A ra\u00edz de una investigaci\u00f3n llevada adelante por personal de la mencionada Unidad, en el marco de una causa [&hellip;]<\/p>\n","protected":false},"author":14,"featured_media":10871,"comment_status":"open","ping_status":"open","sticky":false,"template":"","format":"standard","meta":{"site-sidebar-layout":"default","site-content-layout":"","ast-site-content-layout":"","site-content-style":"default","site-sidebar-style":"default","ast-global-header-display":"","ast-banner-title-visibility":"","ast-main-header-display":"","ast-hfb-above-header-display":"","ast-hfb-below-header-display":"","ast-hfb-mobile-header-display":"","site-post-title":"","ast-breadcrumbs-content":"","ast-featured-img":"","footer-sml-layout":"","theme-transparent-header-meta":"","adv-header-id-meta":"","stick-header-meta":"","header-above-stick-meta":"","header-main-stick-meta":"","header-below-stick-meta":"","astra-migrate-meta-layouts":"default","ast-page-background-enabled":"default","ast-page-background-meta":{"desktop":{"background-color":"","background-image":"","background-repeat":"repeat","background-position":"center center","background-size":"auto","background-attachment":"scroll","background-type":"","background-media":"","overlay-type":"","overlay-color":"","overlay-opacity":"","overlay-gradient":""},"tablet":{"background-color":"","background-image":"","background-repeat":"repeat","background-position":"center center","background-size":"auto","background-attachment":"scroll","background-type":"","background-media":"","overlay-type":"","overlay-color":"","overlay-opacity":"","overlay-gradient":""},"mobile":{"background-color":"","background-image":"","background-repeat":"repeat","background-position":"center center","background-size":"auto","background-attachment":"scroll","background-type":"","background-media":"","overlay-type":"","overlay-color":"","overlay-opacity":"","overlay-gradient":""}},"ast-content-background-meta":{"desktop":{"background-color":"var(--ast-global-color-5)","background-image":"","background-repeat":"repeat","background-position":"center center","background-size":"auto","background-attachment":"scroll","background-type":"","background-media":"","overlay-type":"","overlay-color":"","overlay-opacity":"","overlay-gradient":""},"tablet":{"background-color":"var(--ast-global-color-5)","background-image":"","background-repeat":"repeat","background-position":"center center","background-size":"auto","background-attachment":"scroll","background-type":"","background-media":"","overlay-type":"","overlay-color":"","overlay-opacity":"","overlay-gradient":""},"mobile":{"background-color":"var(--ast-global-color-5)","background-image":"","background-repeat":"repeat","background-position":"center center","background-size":"auto","background-attachment":"scroll","background-type":"","background-media":"","overlay-type":"","overlay-color":"","overlay-opacity":"","overlay-gradient":""}},"footnotes":""},"categories":[1],"tags":[],"class_list":["post-10870","post","type-post","status-publish","format-standard","has-post-thumbnail","hentry","category-sin-categorizar"],"jetpack_featured_media_url":"https:\/\/www.policiadelneuquen.gob.ar\/wp-content\/uploads\/2021\/09\/1-4.jpg","_links":{"self":[{"href":"https:\/\/www.policiadelneuquen.gob.ar\/index.php\/wp-json\/wp\/v2\/posts\/10870","targetHints":{"allow":["GET"]}}],"collection":[{"href":"https:\/\/www.policiadelneuquen.gob.ar\/index.php\/wp-json\/wp\/v2\/posts"}],"about":[{"href":"https:\/\/www.policiadelneuquen.gob.ar\/index.php\/wp-json\/wp\/v2\/types\/post"}],"author":[{"embeddable":true,"href":"https:\/\/www.policiadelneuquen.gob.ar\/index.php\/wp-json\/wp\/v2\/users\/14"}],"replies":[{"embeddable":true,"href":"https:\/\/www.policiadelneuquen.gob.ar\/index.php\/wp-json\/wp\/v2\/comments?post=10870"}],"version-history":[{"count":1,"href":"https:\/\/www.policiadelneuquen.gob.ar\/index.php\/wp-json\/wp\/v2\/posts\/10870\/revisions"}],"predecessor-version":[{"id":10872,"href":"https:\/\/www.policiadelneuquen.gob.ar\/index.php\/wp-json\/wp\/v2\/posts\/10870\/revisions\/10872"}],"wp:featuredmedia":[{"embeddable":true,"href":"https:\/\/www.policiadelneuquen.gob.ar\/index.php\/wp-json\/wp\/v2\/media\/10871"}],"wp:attachment":[{"href":"https:\/\/www.policiadelneuquen.gob.ar\/index.php\/wp-json\/wp\/v2\/media?parent=10870"}],"wp:term":[{"taxonomy":"category","embeddable":true,"href":"https:\/\/www.policiadelneuquen.gob.ar\/index.php\/wp-json\/wp\/v2\/categories?post=10870"},{"taxonomy":"post_tag","embeddable":true,"href":"https:\/\/www.policiadelneuquen.gob.ar\/index.php\/wp-json\/wp\/v2\/tags?post=10870"}],"curies":[{"name":"wp","href":"https:\/\/api.w.org\/{rel}","templated":true}]}}