{"id":10873,"date":"2021-09-17T10:09:46","date_gmt":"2021-09-17T13:09:46","guid":{"rendered":"https:\/\/www.policiadelneuquen.gob.ar\/?p=10873"},"modified":"2021-09-17T10:09:50","modified_gmt":"2021-09-17T13:09:50","slug":"1008-plaza-huincul-requisa-vehicular-y-secuestro-de-arma-de-fuego","status":"publish","type":"post","link":"https:\/\/www.policiadelneuquen.gob.ar\/index.php\/1008-plaza-huincul-requisa-vehicular-y-secuestro-de-arma-de-fuego\/","title":{"rendered":"10:08 Plaza Huincul: Requisa vehicular y secuestro de arma de fuego"},"content":{"rendered":"\n<p><\/p>\n\n\n\n<p>El mi\u00e9rcoles por la noche, personal de Comisar\u00eda 6\u00b0 de la ciudad de Plaza Huincul, demor\u00f3 a un hombre mayor de edad, secuestr\u00f3 el veh\u00edculo en el que circulaba e incaut\u00f3 un arma de fuego seg\u00fan lo dispusiera la justicia, luego de expedir una orden de requisa vehicular.<\/p>\n\n\n\n<p>Todo comenz\u00f3 minutos despu\u00e9s de las 23:30 horas, mientras el personal realizaba patrullajes preventivos por Avenida 1\u00b0 de Mayo, cuando divisaron un veh\u00edculo Renault Fluence, conducido por un hombre el que al notar la presencia policial se dio a la fuga, pero gracias al r\u00e1pido accionar policial fue alcanzado sobre Ruta 22 a la altura de la terminal de \u00f3mnibus.<\/p>\n\n\n\n<p>En el lugar, el sujeto de 26 a\u00f1os baj\u00f3 del autom\u00f3vil en una actitud amenazante y fue en ese momento que uno de los efectivos divis\u00f3 en el sobre el piso del lado del acompa\u00f1ante un arma de fuego; por lo que inmediatamente fue demorado y trasladado junto al veh\u00edculo a la Unidad policial.<\/p>\n\n\n\n<p>Al d\u00eda siguiente la Fiscal\u00eda Penal de la ciudad de Cutral C\u00f3, dio la orden de la requisa vehicular, enmarcada en la causa de \u201cTenencia ilegal de arma de Fuego y Resistencia a la Autoridad\u201d; fue all\u00ed que el personal de la Divisi\u00f3n Criminal\u00edstica realiz\u00f3 el secuestro de un arma de fuego tipo revolver calibre 32 largo y una caja con 50 cartuchos calibre 22 largo.<\/p>\n","protected":false},"excerpt":{"rendered":"<p>El mi\u00e9rcoles por la noche, personal de Comisar\u00eda 6\u00b0 de la ciudad de Plaza Huincul, demor\u00f3 a un hombre mayor de edad, secuestr\u00f3 el veh\u00edculo en el que circulaba e incaut\u00f3 un arma de fuego seg\u00fan lo dispusiera la justicia, luego de expedir una orden de requisa vehicular. Todo comenz\u00f3 minutos despu\u00e9s de las 23:30 [&hellip;]<\/p>\n","protected":false},"author":14,"featured_media":10874,"comment_status":"open","ping_status":"open","sticky":false,"template":"","format":"standard","meta":{"site-sidebar-layout":"default","site-content-layout":"","ast-site-content-layout":"","site-content-style":"default","site-sidebar-style":"default","ast-global-header-display":"","ast-banner-title-visibility":"","ast-main-header-display":"","ast-hfb-above-header-display":"","ast-hfb-below-header-display":"","ast-hfb-mobile-header-display":"","site-post-title":"","ast-breadcrumbs-content":"","ast-featured-img":"","footer-sml-layout":"","theme-transparent-header-meta":"","adv-header-id-meta":"","stick-header-meta":"","header-above-stick-meta":"","header-main-stick-meta":"","header-below-stick-meta":"","astra-migrate-meta-layouts":"default","ast-page-background-enabled":"default","ast-page-background-meta":{"desktop":{"background-color":"","background-image":"","background-repeat":"repeat","background-position":"center center","background-size":"auto","background-attachment":"scroll","background-type":"","background-media":"","overlay-type":"","overlay-color":"","overlay-opacity":"","overlay-gradient":""},"tablet":{"background-color":"","background-image":"","background-repeat":"repeat","background-position":"center center","background-size":"auto","background-attachment":"scroll","background-type":"","background-media":"","overlay-type":"","overlay-color":"","overlay-opacity":"","overlay-gradient":""},"mobile":{"background-color":"","background-image":"","background-repeat":"repeat","background-position":"center center","background-size":"auto","background-attachment":"scroll","background-type":"","background-media":"","overlay-type":"","overlay-color":"","overlay-opacity":"","overlay-gradient":""}},"ast-content-background-meta":{"desktop":{"background-color":"var(--ast-global-color-5)","background-image":"","background-repeat":"repeat","background-position":"center center","background-size":"auto","background-attachment":"scroll","background-type":"","background-media":"","overlay-type":"","overlay-color":"","overlay-opacity":"","overlay-gradient":""},"tablet":{"background-color":"var(--ast-global-color-5)","background-image":"","background-repeat":"repeat","background-position":"center center","background-size":"auto","background-attachment":"scroll","background-type":"","background-media":"","overlay-type":"","overlay-color":"","overlay-opacity":"","overlay-gradient":""},"mobile":{"background-color":"var(--ast-global-color-5)","background-image":"","background-repeat":"repeat","background-position":"center center","background-size":"auto","background-attachment":"scroll","background-type":"","background-media":"","overlay-type":"","overlay-color":"","overlay-opacity":"","overlay-gradient":""}},"footnotes":""},"categories":[1],"tags":[],"class_list":["post-10873","post","type-post","status-publish","format-standard","has-post-thumbnail","hentry","category-sin-categorizar"],"jetpack_featured_media_url":"https:\/\/www.policiadelneuquen.gob.ar\/wp-content\/uploads\/2021\/09\/IMG-20210916-WA0075.jpg","_links":{"self":[{"href":"https:\/\/www.policiadelneuquen.gob.ar\/index.php\/wp-json\/wp\/v2\/posts\/10873","targetHints":{"allow":["GET"]}}],"collection":[{"href":"https:\/\/www.policiadelneuquen.gob.ar\/index.php\/wp-json\/wp\/v2\/posts"}],"about":[{"href":"https:\/\/www.policiadelneuquen.gob.ar\/index.php\/wp-json\/wp\/v2\/types\/post"}],"author":[{"embeddable":true,"href":"https:\/\/www.policiadelneuquen.gob.ar\/index.php\/wp-json\/wp\/v2\/users\/14"}],"replies":[{"embeddable":true,"href":"https:\/\/www.policiadelneuquen.gob.ar\/index.php\/wp-json\/wp\/v2\/comments?post=10873"}],"version-history":[{"count":1,"href":"https:\/\/www.policiadelneuquen.gob.ar\/index.php\/wp-json\/wp\/v2\/posts\/10873\/revisions"}],"predecessor-version":[{"id":10875,"href":"https:\/\/www.policiadelneuquen.gob.ar\/index.php\/wp-json\/wp\/v2\/posts\/10873\/revisions\/10875"}],"wp:featuredmedia":[{"embeddable":true,"href":"https:\/\/www.policiadelneuquen.gob.ar\/index.php\/wp-json\/wp\/v2\/media\/10874"}],"wp:attachment":[{"href":"https:\/\/www.policiadelneuquen.gob.ar\/index.php\/wp-json\/wp\/v2\/media?parent=10873"}],"wp:term":[{"taxonomy":"category","embeddable":true,"href":"https:\/\/www.policiadelneuquen.gob.ar\/index.php\/wp-json\/wp\/v2\/categories?post=10873"},{"taxonomy":"post_tag","embeddable":true,"href":"https:\/\/www.policiadelneuquen.gob.ar\/index.php\/wp-json\/wp\/v2\/tags?post=10873"}],"curies":[{"name":"wp","href":"https:\/\/api.w.org\/{rel}","templated":true}]}}