{"id":10876,"date":"2021-09-17T10:51:00","date_gmt":"2021-09-17T13:51:00","guid":{"rendered":"https:\/\/www.policiadelneuquen.gob.ar\/?p=10876"},"modified":"2021-09-17T10:51:04","modified_gmt":"2021-09-17T13:51:04","slug":"1027-cria-14-allanamientos-con-demorados-y-el-secuestro-de-prendas-de-vestir-y-una-tumbera","status":"publish","type":"post","link":"https:\/\/www.policiadelneuquen.gob.ar\/index.php\/1027-cria-14-allanamientos-con-demorados-y-el-secuestro-de-prendas-de-vestir-y-una-tumbera\/","title":{"rendered":"10:27 CR\u00cdA 14\u00b0: Allanamientos con demorados y el secuestro de prendas de vestir y una tumbera"},"content":{"rendered":"\n<p><\/p>\n\n\n\n<p>Dos mujeres de 32 y 21 a\u00f1os y un hombre de 38, fueron demorados ayer&nbsp;(16-09) por personal de Comisar\u00eda 14\u00b0 de Cutral-C\u00f3, luego de realizados cuatro allanamientos, en donde se procedi\u00f3 al secuestro de prendas de vestir y un arma de fabricaci\u00f3n casera tipo tumbera.<\/p>\n\n\n\n<p>Relacionado a una causa que era investigada por personal de la mencionada Unidad, en la jornada de ayer se realizaron cuatro diligencias judiciales en domicilios ubicados en los barrios General San Mart\u00edn y&nbsp;Zani.<\/p>\n\n\n\n<p>Como resultado de los mismos, personal policial demor\u00f3 a tres personas y procedi\u00f3 al secuestro de una importante cantidad de prendas de vestir como remeras, camperas, jeans, entre otros. Asimismo, en uno de los domicilios fue ubicada una tumbera.<\/p>\n\n\n\n<p>Tanto las personas aprehendidas, como los elementos ubicados, fueron trasladados a la Unidad, en donde la Justicia dispuso que los demorados sean notificados de su imputaci\u00f3n en una causa por \u201cPresunto Encubrimiento\u201d.&nbsp;&nbsp;<\/p>\n\n\n\n<figure class=\"wp-block-gallery columns-2 is-cropped wp-block-gallery-1 is-layout-flex wp-block-gallery-is-layout-flex\"><ul class=\"blocks-gallery-grid\"><li class=\"blocks-gallery-item\"><figure><img fetchpriority=\"high\" decoding=\"async\" width=\"576\" height=\"1024\" src=\"https:\/\/www.policiadelneuquen.gob.ar\/wp-content\/uploads\/2021\/09\/1-1-2-576x1024.jpeg\" alt=\"\" data-id=\"10880\" data-link=\"https:\/\/www.policiadelneuquen.gob.ar\/?attachment_id=10880\" class=\"wp-image-10880\" srcset=\"https:\/\/www.policiadelneuquen.gob.ar\/wp-content\/uploads\/2021\/09\/1-1-2-576x1024.jpeg 576w, https:\/\/www.policiadelneuquen.gob.ar\/wp-content\/uploads\/2021\/09\/1-1-2-169x300.jpeg 169w, https:\/\/www.policiadelneuquen.gob.ar\/wp-content\/uploads\/2021\/09\/1-1-2-230x409.jpeg 230w, https:\/\/www.policiadelneuquen.gob.ar\/wp-content\/uploads\/2021\/09\/1-1-2-350x622.jpeg 350w, https:\/\/www.policiadelneuquen.gob.ar\/wp-content\/uploads\/2021\/09\/1-1-2-480x853.jpeg 480w, https:\/\/www.policiadelneuquen.gob.ar\/wp-content\/uploads\/2021\/09\/1-1-2.jpeg 720w\" sizes=\"(max-width: 576px) 100vw, 576px\" \/><\/figure><\/li><li class=\"blocks-gallery-item\"><figure><img decoding=\"async\" width=\"576\" height=\"1024\" src=\"https:\/\/www.policiadelneuquen.gob.ar\/wp-content\/uploads\/2021\/09\/6-1-576x1024.jpeg\" alt=\"\" data-id=\"10882\" data-full-url=\"https:\/\/www.policiadelneuquen.gob.ar\/wp-content\/uploads\/2021\/09\/6-1.jpeg\" data-link=\"https:\/\/www.policiadelneuquen.gob.ar\/?attachment_id=10882\" class=\"wp-image-10882\" srcset=\"https:\/\/www.policiadelneuquen.gob.ar\/wp-content\/uploads\/2021\/09\/6-1-576x1024.jpeg 576w, https:\/\/www.policiadelneuquen.gob.ar\/wp-content\/uploads\/2021\/09\/6-1-169x300.jpeg 169w, https:\/\/www.policiadelneuquen.gob.ar\/wp-content\/uploads\/2021\/09\/6-1-230x409.jpeg 230w, https:\/\/www.policiadelneuquen.gob.ar\/wp-content\/uploads\/2021\/09\/6-1-350x622.jpeg 350w, https:\/\/www.policiadelneuquen.gob.ar\/wp-content\/uploads\/2021\/09\/6-1-480x853.jpeg 480w, https:\/\/www.policiadelneuquen.gob.ar\/wp-content\/uploads\/2021\/09\/6-1.jpeg 720w\" sizes=\"(max-width: 576px) 100vw, 576px\" \/><\/figure><\/li><\/ul><\/figure>\n\n\n\n<figure class=\"wp-block-gallery columns-2 is-cropped wp-block-gallery-2 is-layout-flex wp-block-gallery-is-layout-flex\"><ul class=\"blocks-gallery-grid\"><li class=\"blocks-gallery-item\"><figure><img decoding=\"async\" width=\"576\" height=\"1024\" src=\"https:\/\/www.policiadelneuquen.gob.ar\/wp-content\/uploads\/2021\/09\/3-3-576x1024.jpeg\" alt=\"\" data-id=\"10883\" data-link=\"https:\/\/www.policiadelneuquen.gob.ar\/?attachment_id=10883\" class=\"wp-image-10883\" srcset=\"https:\/\/www.policiadelneuquen.gob.ar\/wp-content\/uploads\/2021\/09\/3-3-576x1024.jpeg 576w, https:\/\/www.policiadelneuquen.gob.ar\/wp-content\/uploads\/2021\/09\/3-3-169x300.jpeg 169w, https:\/\/www.policiadelneuquen.gob.ar\/wp-content\/uploads\/2021\/09\/3-3-230x409.jpeg 230w, https:\/\/www.policiadelneuquen.gob.ar\/wp-content\/uploads\/2021\/09\/3-3-350x622.jpeg 350w, https:\/\/www.policiadelneuquen.gob.ar\/wp-content\/uploads\/2021\/09\/3-3-480x853.jpeg 480w, https:\/\/www.policiadelneuquen.gob.ar\/wp-content\/uploads\/2021\/09\/3-3.jpeg 720w\" sizes=\"(max-width: 576px) 100vw, 576px\" \/><\/figure><\/li><li class=\"blocks-gallery-item\"><figure><img loading=\"lazy\" decoding=\"async\" width=\"1024\" height=\"471\" src=\"https:\/\/www.policiadelneuquen.gob.ar\/wp-content\/uploads\/2021\/09\/2-1-1-1024x471.jpeg\" alt=\"\" data-id=\"10884\" data-full-url=\"https:\/\/www.policiadelneuquen.gob.ar\/wp-content\/uploads\/2021\/09\/2-1-1.jpeg\" data-link=\"https:\/\/www.policiadelneuquen.gob.ar\/?attachment_id=10884\" class=\"wp-image-10884\" srcset=\"https:\/\/www.policiadelneuquen.gob.ar\/wp-content\/uploads\/2021\/09\/2-1-1-1024x471.jpeg 1024w, https:\/\/www.policiadelneuquen.gob.ar\/wp-content\/uploads\/2021\/09\/2-1-1-300x138.jpeg 300w, https:\/\/www.policiadelneuquen.gob.ar\/wp-content\/uploads\/2021\/09\/2-1-1-768x353.jpeg 768w, https:\/\/www.policiadelneuquen.gob.ar\/wp-content\/uploads\/2021\/09\/2-1-1-1536x707.jpeg 1536w, https:\/\/www.policiadelneuquen.gob.ar\/wp-content\/uploads\/2021\/09\/2-1-1-830x382.jpeg 830w, https:\/\/www.policiadelneuquen.gob.ar\/wp-content\/uploads\/2021\/09\/2-1-1-230x106.jpeg 230w, https:\/\/www.policiadelneuquen.gob.ar\/wp-content\/uploads\/2021\/09\/2-1-1-350x161.jpeg 350w, https:\/\/www.policiadelneuquen.gob.ar\/wp-content\/uploads\/2021\/09\/2-1-1-480x221.jpeg 480w, https:\/\/www.policiadelneuquen.gob.ar\/wp-content\/uploads\/2021\/09\/2-1-1.jpeg 1600w\" sizes=\"(max-width: 1024px) 100vw, 1024px\" \/><\/figure><\/li><\/ul><\/figure>\n","protected":false},"excerpt":{"rendered":"<p>Dos mujeres de 32 y 21 a\u00f1os y un hombre de 38, fueron demorados ayer&nbsp;(16-09) por personal de Comisar\u00eda 14\u00b0 de Cutral-C\u00f3, luego de realizados cuatro allanamientos, en donde se procedi\u00f3 al secuestro de prendas de vestir y un arma de fabricaci\u00f3n casera tipo tumbera. Relacionado a una causa que era investigada por personal de [&hellip;]<\/p>\n","protected":false},"author":14,"featured_media":10879,"comment_status":"open","ping_status":"open","sticky":false,"template":"","format":"standard","meta":{"site-sidebar-layout":"default","site-content-layout":"","ast-site-content-layout":"","site-content-style":"default","site-sidebar-style":"default","ast-global-header-display":"","ast-banner-title-visibility":"","ast-main-header-display":"","ast-hfb-above-header-display":"","ast-hfb-below-header-display":"","ast-hfb-mobile-header-display":"","site-post-title":"","ast-breadcrumbs-content":"","ast-featured-img":"","footer-sml-layout":"","theme-transparent-header-meta":"","adv-header-id-meta":"","stick-header-meta":"","header-above-stick-meta":"","header-main-stick-meta":"","header-below-stick-meta":"","astra-migrate-meta-layouts":"default","ast-page-background-enabled":"default","ast-page-background-meta":{"desktop":{"background-color":"","background-image":"","background-repeat":"repeat","background-position":"center center","background-size":"auto","background-attachment":"scroll","background-type":"","background-media":"","overlay-type":"","overlay-color":"","overlay-opacity":"","overlay-gradient":""},"tablet":{"background-color":"","background-image":"","background-repeat":"repeat","background-position":"center center","background-size":"auto","background-attachment":"scroll","background-type":"","background-media":"","overlay-type":"","overlay-color":"","overlay-opacity":"","overlay-gradient":""},"mobile":{"background-color":"","background-image":"","background-repeat":"repeat","background-position":"center center","background-size":"auto","background-attachment":"scroll","background-type":"","background-media":"","overlay-type":"","overlay-color":"","overlay-opacity":"","overlay-gradient":""}},"ast-content-background-meta":{"desktop":{"background-color":"var(--ast-global-color-5)","background-image":"","background-repeat":"repeat","background-position":"center center","background-size":"auto","background-attachment":"scroll","background-type":"","background-media":"","overlay-type":"","overlay-color":"","overlay-opacity":"","overlay-gradient":""},"tablet":{"background-color":"var(--ast-global-color-5)","background-image":"","background-repeat":"repeat","background-position":"center center","background-size":"auto","background-attachment":"scroll","background-type":"","background-media":"","overlay-type":"","overlay-color":"","overlay-opacity":"","overlay-gradient":""},"mobile":{"background-color":"var(--ast-global-color-5)","background-image":"","background-repeat":"repeat","background-position":"center center","background-size":"auto","background-attachment":"scroll","background-type":"","background-media":"","overlay-type":"","overlay-color":"","overlay-opacity":"","overlay-gradient":""}},"footnotes":""},"categories":[1],"tags":[],"class_list":["post-10876","post","type-post","status-publish","format-standard","has-post-thumbnail","hentry","category-sin-categorizar"],"jetpack_featured_media_url":"https:\/\/www.policiadelneuquen.gob.ar\/wp-content\/uploads\/2021\/09\/1-1-1.jpeg","_links":{"self":[{"href":"https:\/\/www.policiadelneuquen.gob.ar\/index.php\/wp-json\/wp\/v2\/posts\/10876","targetHints":{"allow":["GET"]}}],"collection":[{"href":"https:\/\/www.policiadelneuquen.gob.ar\/index.php\/wp-json\/wp\/v2\/posts"}],"about":[{"href":"https:\/\/www.policiadelneuquen.gob.ar\/index.php\/wp-json\/wp\/v2\/types\/post"}],"author":[{"embeddable":true,"href":"https:\/\/www.policiadelneuquen.gob.ar\/index.php\/wp-json\/wp\/v2\/users\/14"}],"replies":[{"embeddable":true,"href":"https:\/\/www.policiadelneuquen.gob.ar\/index.php\/wp-json\/wp\/v2\/comments?post=10876"}],"version-history":[{"count":1,"href":"https:\/\/www.policiadelneuquen.gob.ar\/index.php\/wp-json\/wp\/v2\/posts\/10876\/revisions"}],"predecessor-version":[{"id":10888,"href":"https:\/\/www.policiadelneuquen.gob.ar\/index.php\/wp-json\/wp\/v2\/posts\/10876\/revisions\/10888"}],"wp:featuredmedia":[{"embeddable":true,"href":"https:\/\/www.policiadelneuquen.gob.ar\/index.php\/wp-json\/wp\/v2\/media\/10879"}],"wp:attachment":[{"href":"https:\/\/www.policiadelneuquen.gob.ar\/index.php\/wp-json\/wp\/v2\/media?parent=10876"}],"wp:term":[{"taxonomy":"category","embeddable":true,"href":"https:\/\/www.policiadelneuquen.gob.ar\/index.php\/wp-json\/wp\/v2\/categories?post=10876"},{"taxonomy":"post_tag","embeddable":true,"href":"https:\/\/www.policiadelneuquen.gob.ar\/index.php\/wp-json\/wp\/v2\/tags?post=10876"}],"curies":[{"name":"wp","href":"https:\/\/api.w.org\/{rel}","templated":true}]}}