{"id":10893,"date":"2021-09-17T13:43:06","date_gmt":"2021-09-17T16:43:06","guid":{"rendered":"https:\/\/www.policiadelneuquen.gob.ar\/?p=10893"},"modified":"2021-09-17T13:43:13","modified_gmt":"2021-09-17T16:43:13","slug":"dos-demorados-y-una-motocicleta-secuestrada","status":"publish","type":"post","link":"https:\/\/www.policiadelneuquen.gob.ar\/index.php\/dos-demorados-y-una-motocicleta-secuestrada\/","title":{"rendered":"Dos demorados y una motocicleta secuestrada"},"content":{"rendered":"\n<p>Uniformados de Comisar\u00eda 16\u00b0 demoraron hoy en la madrugada &nbsp;(17-09), a dos personas mayores de edad, dado a que la motocicleta en la que circulaban registraba una prohibici\u00f3n de circulaci\u00f3n.<br><br>El hecho se origin\u00f3 a las 03:05 horas, cuando personal de la mencionada Unidad se encontraba abocado a un patrullaje preventivo en el barrio San Lorenzo. En ese instante, procedieron a la identificaci\u00f3n de una motocicleta con dos ocupantes en calles Racedo y Galarza, los cuales no llevaban colocados sus cascos de seguridad, con luces apagadas realizando maniobras indebidas y carec\u00eda de chapa patente.<br><br>Continuando con el procedimiento, el personal policial verific\u00f3 la motocicleta a trav\u00e9s del Centro de An\u00e1lisis Estrat\u00e9gico y Monitoreo, lo que permiti\u00f3 confirmar que presentaba una prohibici\u00f3n de circulaci\u00f3n con fecha 19\/06\/21, asimismo mientras transcurr\u00eda el procedimiento, los vecinos del sector comenzaron a arrojar piedras hacia el personal policial, para evitar la demora de los sujetos, por lo que se procede al traslado inmediato de ambos masculinos al m\u00f3vil policial, cabe destacar que no se registraron m\u00f3viles da\u00f1ados , ni personal lesionado.<br><br>Finalmente los ciudadanos de 28 y 36 a\u00f1os de edad, fueron demorados y trasladados a los asientos de Comisar\u00eda 16\u00b0, secuestrando adem\u00e1s la motocicleta, que qued\u00f3 a disposici\u00f3n de la justicia.<\/p>\n","protected":false},"excerpt":{"rendered":"<p>Uniformados de Comisar\u00eda 16\u00b0 demoraron hoy en la madrugada &nbsp;(17-09), a dos personas mayores de edad, dado a que la motocicleta en la que circulaban registraba una prohibici\u00f3n de circulaci\u00f3n. El hecho se origin\u00f3 a las 03:05 horas, cuando personal de la mencionada Unidad se encontraba abocado a un patrullaje preventivo en el barrio San [&hellip;]<\/p>\n","protected":false},"author":14,"featured_media":10894,"comment_status":"open","ping_status":"open","sticky":false,"template":"","format":"standard","meta":{"site-sidebar-layout":"default","site-content-layout":"","ast-site-content-layout":"","site-content-style":"default","site-sidebar-style":"default","ast-global-header-display":"","ast-banner-title-visibility":"","ast-main-header-display":"","ast-hfb-above-header-display":"","ast-hfb-below-header-display":"","ast-hfb-mobile-header-display":"","site-post-title":"","ast-breadcrumbs-content":"","ast-featured-img":"","footer-sml-layout":"","theme-transparent-header-meta":"","adv-header-id-meta":"","stick-header-meta":"","header-above-stick-meta":"","header-main-stick-meta":"","header-below-stick-meta":"","astra-migrate-meta-layouts":"default","ast-page-background-enabled":"default","ast-page-background-meta":{"desktop":{"background-color":"","background-image":"","background-repeat":"repeat","background-position":"center center","background-size":"auto","background-attachment":"scroll","background-type":"","background-media":"","overlay-type":"","overlay-color":"","overlay-opacity":"","overlay-gradient":""},"tablet":{"background-color":"","background-image":"","background-repeat":"repeat","background-position":"center center","background-size":"auto","background-attachment":"scroll","background-type":"","background-media":"","overlay-type":"","overlay-color":"","overlay-opacity":"","overlay-gradient":""},"mobile":{"background-color":"","background-image":"","background-repeat":"repeat","background-position":"center center","background-size":"auto","background-attachment":"scroll","background-type":"","background-media":"","overlay-type":"","overlay-color":"","overlay-opacity":"","overlay-gradient":""}},"ast-content-background-meta":{"desktop":{"background-color":"var(--ast-global-color-5)","background-image":"","background-repeat":"repeat","background-position":"center center","background-size":"auto","background-attachment":"scroll","background-type":"","background-media":"","overlay-type":"","overlay-color":"","overlay-opacity":"","overlay-gradient":""},"tablet":{"background-color":"var(--ast-global-color-5)","background-image":"","background-repeat":"repeat","background-position":"center center","background-size":"auto","background-attachment":"scroll","background-type":"","background-media":"","overlay-type":"","overlay-color":"","overlay-opacity":"","overlay-gradient":""},"mobile":{"background-color":"var(--ast-global-color-5)","background-image":"","background-repeat":"repeat","background-position":"center center","background-size":"auto","background-attachment":"scroll","background-type":"","background-media":"","overlay-type":"","overlay-color":"","overlay-opacity":"","overlay-gradient":""}},"footnotes":""},"categories":[1],"tags":[],"class_list":["post-10893","post","type-post","status-publish","format-standard","has-post-thumbnail","hentry","category-sin-categorizar"],"jetpack_featured_media_url":"https:\/\/www.policiadelneuquen.gob.ar\/wp-content\/uploads\/2021\/09\/WhatsApp-Image-2021-09-17-at-13.24.37-1.jpeg","_links":{"self":[{"href":"https:\/\/www.policiadelneuquen.gob.ar\/index.php\/wp-json\/wp\/v2\/posts\/10893","targetHints":{"allow":["GET"]}}],"collection":[{"href":"https:\/\/www.policiadelneuquen.gob.ar\/index.php\/wp-json\/wp\/v2\/posts"}],"about":[{"href":"https:\/\/www.policiadelneuquen.gob.ar\/index.php\/wp-json\/wp\/v2\/types\/post"}],"author":[{"embeddable":true,"href":"https:\/\/www.policiadelneuquen.gob.ar\/index.php\/wp-json\/wp\/v2\/users\/14"}],"replies":[{"embeddable":true,"href":"https:\/\/www.policiadelneuquen.gob.ar\/index.php\/wp-json\/wp\/v2\/comments?post=10893"}],"version-history":[{"count":1,"href":"https:\/\/www.policiadelneuquen.gob.ar\/index.php\/wp-json\/wp\/v2\/posts\/10893\/revisions"}],"predecessor-version":[{"id":10895,"href":"https:\/\/www.policiadelneuquen.gob.ar\/index.php\/wp-json\/wp\/v2\/posts\/10893\/revisions\/10895"}],"wp:featuredmedia":[{"embeddable":true,"href":"https:\/\/www.policiadelneuquen.gob.ar\/index.php\/wp-json\/wp\/v2\/media\/10894"}],"wp:attachment":[{"href":"https:\/\/www.policiadelneuquen.gob.ar\/index.php\/wp-json\/wp\/v2\/media?parent=10893"}],"wp:term":[{"taxonomy":"category","embeddable":true,"href":"https:\/\/www.policiadelneuquen.gob.ar\/index.php\/wp-json\/wp\/v2\/categories?post=10893"},{"taxonomy":"post_tag","embeddable":true,"href":"https:\/\/www.policiadelneuquen.gob.ar\/index.php\/wp-json\/wp\/v2\/tags?post=10893"}],"curies":[{"name":"wp","href":"https:\/\/api.w.org\/{rel}","templated":true}]}}