{"id":10913,"date":"2021-09-17T21:12:03","date_gmt":"2021-09-18T00:12:03","guid":{"rendered":"https:\/\/www.policiadelneuquen.gob.ar\/?p=10913"},"modified":"2021-09-17T21:18:14","modified_gmt":"2021-09-18T00:18:14","slug":"cria-3-dos-demorados-por-intento-de-robo","status":"publish","type":"post","link":"https:\/\/www.policiadelneuquen.gob.ar\/index.php\/cria-3-dos-demorados-por-intento-de-robo\/","title":{"rendered":"21:17 Cr\u00eda. 3\u00b0: Dos demorados por intento de robo"},"content":{"rendered":"\n<p>Dos sujetos fueron demorados en la jornada de hoy (17\/09), por intento de arrebato y por intento de robo, en dos procedimientos que realiz\u00f3 personal policial con servicio en Comisar\u00eda Tercera del barrio El Progreso.<\/p>\n\n\n\n<p>El primer episodio, ocurri\u00f3 poco despu\u00e9s de la una de la tarde, cuando los efectivos fueron alertados de un robo en proceso en calle Combate de San Lorenzo. Al llegar, notaron que los vecinos ten\u00edan retenido a un sujeto a quien sindicaban como el autor de un intento de robo de una motocicleta, por lo que procedieron a la demora del mismo, ya que el propietario del veh\u00edculo se dirigir\u00eda a radicar la correspondiente denuncia del caso.<\/p>\n\n\n\n<p>En otro procedimiento, ocurrido en barrio Islas Malvinas, poco despu\u00e9s de las seis de la tarde, donde llegaron los efectivos policiales y dieron con uniformados del Departamento M\u00f3vil de Seguridad, quienes ten\u00edan demorado a un sujeto que, poco antes, hab\u00eda arrebatado el celular a una mujer.<\/p>\n\n\n\n<p>Inmediatamente, debieron resguardarlo ya que los vecinos ten\u00edan intenciones de hacer justicia mediante golpes, por lo que tuvieron que trasladarlo de inmediato a los asientos de la Unidad Policial, donde la damnificada acudi\u00f3 a radicar la denuncia del caso.<\/p>\n\n\n\n<figure class=\"wp-block-gallery columns-1 is-cropped wp-block-gallery-1 is-layout-flex wp-block-gallery-is-layout-flex\"><ul class=\"blocks-gallery-grid\"><li class=\"blocks-gallery-item\"><figure><img decoding=\"async\" src=\"blob:https:\/\/www.policiadelneuquen.gob.ar\/fa0f7178-8f72-42f7-a59c-56b7d4ce2743\" data-id=\"\"\/><\/figure><\/li><\/ul><\/figure>\n\n\n\n<figure class=\"wp-block-gallery columns-1 is-cropped wp-block-gallery-2 is-layout-flex wp-block-gallery-is-layout-flex\"><ul class=\"blocks-gallery-grid\"><li class=\"blocks-gallery-item\"><figure><img fetchpriority=\"high\" decoding=\"async\" width=\"575\" height=\"1024\" src=\"https:\/\/www.policiadelneuquen.gob.ar\/wp-content\/uploads\/2021\/09\/WhatsApp-Image-2021-09-17-at-7.58.58-PM-1-575x1024.jpeg\" alt=\"\" data-id=\"10918\" data-full-url=\"https:\/\/www.policiadelneuquen.gob.ar\/wp-content\/uploads\/2021\/09\/WhatsApp-Image-2021-09-17-at-7.58.58-PM-1.jpeg\" data-link=\"https:\/\/www.policiadelneuquen.gob.ar\/index.php\/cria-3-dos-demorados-por-intento-de-robo\/whatsapp-image-2021-09-17-at-7-58-58-pm-1\/\" class=\"wp-image-10918\" srcset=\"https:\/\/www.policiadelneuquen.gob.ar\/wp-content\/uploads\/2021\/09\/WhatsApp-Image-2021-09-17-at-7.58.58-PM-1-575x1024.jpeg 575w, https:\/\/www.policiadelneuquen.gob.ar\/wp-content\/uploads\/2021\/09\/WhatsApp-Image-2021-09-17-at-7.58.58-PM-1-169x300.jpeg 169w, https:\/\/www.policiadelneuquen.gob.ar\/wp-content\/uploads\/2021\/09\/WhatsApp-Image-2021-09-17-at-7.58.58-PM-1-768x1367.jpeg 768w, https:\/\/www.policiadelneuquen.gob.ar\/wp-content\/uploads\/2021\/09\/WhatsApp-Image-2021-09-17-at-7.58.58-PM-1-863x1536.jpeg 863w, https:\/\/www.policiadelneuquen.gob.ar\/wp-content\/uploads\/2021\/09\/WhatsApp-Image-2021-09-17-at-7.58.58-PM-1-830x1477.jpeg 830w, https:\/\/www.policiadelneuquen.gob.ar\/wp-content\/uploads\/2021\/09\/WhatsApp-Image-2021-09-17-at-7.58.58-PM-1-230x409.jpeg 230w, https:\/\/www.policiadelneuquen.gob.ar\/wp-content\/uploads\/2021\/09\/WhatsApp-Image-2021-09-17-at-7.58.58-PM-1-350x623.jpeg 350w, https:\/\/www.policiadelneuquen.gob.ar\/wp-content\/uploads\/2021\/09\/WhatsApp-Image-2021-09-17-at-7.58.58-PM-1-480x854.jpeg 480w, https:\/\/www.policiadelneuquen.gob.ar\/wp-content\/uploads\/2021\/09\/WhatsApp-Image-2021-09-17-at-7.58.58-PM-1.jpeg 899w\" sizes=\"(max-width: 575px) 100vw, 575px\" \/><\/figure><\/li><\/ul><\/figure>\n","protected":false},"excerpt":{"rendered":"<p>Dos sujetos fueron demorados en la jornada de hoy (17\/09), por intento de arrebato y por intento de robo, en dos procedimientos que realiz\u00f3 personal policial con servicio en Comisar\u00eda Tercera del barrio El Progreso. El primer episodio, ocurri\u00f3 poco despu\u00e9s de la una de la tarde, cuando los efectivos fueron alertados de un robo [&hellip;]<\/p>\n","protected":false},"author":14,"featured_media":10914,"comment_status":"open","ping_status":"open","sticky":false,"template":"","format":"standard","meta":{"site-sidebar-layout":"default","site-content-layout":"","ast-site-content-layout":"","site-content-style":"default","site-sidebar-style":"default","ast-global-header-display":"","ast-banner-title-visibility":"","ast-main-header-display":"","ast-hfb-above-header-display":"","ast-hfb-below-header-display":"","ast-hfb-mobile-header-display":"","site-post-title":"","ast-breadcrumbs-content":"","ast-featured-img":"","footer-sml-layout":"","theme-transparent-header-meta":"","adv-header-id-meta":"","stick-header-meta":"","header-above-stick-meta":"","header-main-stick-meta":"","header-below-stick-meta":"","astra-migrate-meta-layouts":"default","ast-page-background-enabled":"default","ast-page-background-meta":{"desktop":{"background-color":"","background-image":"","background-repeat":"repeat","background-position":"center center","background-size":"auto","background-attachment":"scroll","background-type":"","background-media":"","overlay-type":"","overlay-color":"","overlay-opacity":"","overlay-gradient":""},"tablet":{"background-color":"","background-image":"","background-repeat":"repeat","background-position":"center center","background-size":"auto","background-attachment":"scroll","background-type":"","background-media":"","overlay-type":"","overlay-color":"","overlay-opacity":"","overlay-gradient":""},"mobile":{"background-color":"","background-image":"","background-repeat":"repeat","background-position":"center center","background-size":"auto","background-attachment":"scroll","background-type":"","background-media":"","overlay-type":"","overlay-color":"","overlay-opacity":"","overlay-gradient":""}},"ast-content-background-meta":{"desktop":{"background-color":"var(--ast-global-color-5)","background-image":"","background-repeat":"repeat","background-position":"center center","background-size":"auto","background-attachment":"scroll","background-type":"","background-media":"","overlay-type":"","overlay-color":"","overlay-opacity":"","overlay-gradient":""},"tablet":{"background-color":"var(--ast-global-color-5)","background-image":"","background-repeat":"repeat","background-position":"center center","background-size":"auto","background-attachment":"scroll","background-type":"","background-media":"","overlay-type":"","overlay-color":"","overlay-opacity":"","overlay-gradient":""},"mobile":{"background-color":"var(--ast-global-color-5)","background-image":"","background-repeat":"repeat","background-position":"center center","background-size":"auto","background-attachment":"scroll","background-type":"","background-media":"","overlay-type":"","overlay-color":"","overlay-opacity":"","overlay-gradient":""}},"footnotes":""},"categories":[1],"tags":[],"class_list":["post-10913","post","type-post","status-publish","format-standard","has-post-thumbnail","hentry","category-sin-categorizar"],"jetpack_featured_media_url":"https:\/\/www.policiadelneuquen.gob.ar\/wp-content\/uploads\/2021\/09\/WhatsApp-Image-2021-09-17-at-2.49.13-PM.jpeg","_links":{"self":[{"href":"https:\/\/www.policiadelneuquen.gob.ar\/index.php\/wp-json\/wp\/v2\/posts\/10913","targetHints":{"allow":["GET"]}}],"collection":[{"href":"https:\/\/www.policiadelneuquen.gob.ar\/index.php\/wp-json\/wp\/v2\/posts"}],"about":[{"href":"https:\/\/www.policiadelneuquen.gob.ar\/index.php\/wp-json\/wp\/v2\/types\/post"}],"author":[{"embeddable":true,"href":"https:\/\/www.policiadelneuquen.gob.ar\/index.php\/wp-json\/wp\/v2\/users\/14"}],"replies":[{"embeddable":true,"href":"https:\/\/www.policiadelneuquen.gob.ar\/index.php\/wp-json\/wp\/v2\/comments?post=10913"}],"version-history":[{"count":3,"href":"https:\/\/www.policiadelneuquen.gob.ar\/index.php\/wp-json\/wp\/v2\/posts\/10913\/revisions"}],"predecessor-version":[{"id":10920,"href":"https:\/\/www.policiadelneuquen.gob.ar\/index.php\/wp-json\/wp\/v2\/posts\/10913\/revisions\/10920"}],"wp:featuredmedia":[{"embeddable":true,"href":"https:\/\/www.policiadelneuquen.gob.ar\/index.php\/wp-json\/wp\/v2\/media\/10914"}],"wp:attachment":[{"href":"https:\/\/www.policiadelneuquen.gob.ar\/index.php\/wp-json\/wp\/v2\/media?parent=10913"}],"wp:term":[{"taxonomy":"category","embeddable":true,"href":"https:\/\/www.policiadelneuquen.gob.ar\/index.php\/wp-json\/wp\/v2\/categories?post=10913"},{"taxonomy":"post_tag","embeddable":true,"href":"https:\/\/www.policiadelneuquen.gob.ar\/index.php\/wp-json\/wp\/v2\/tags?post=10913"}],"curies":[{"name":"wp","href":"https:\/\/api.w.org\/{rel}","templated":true}]}}