{"id":10976,"date":"2021-09-18T13:34:36","date_gmt":"2021-09-18T16:34:36","guid":{"rendered":"https:\/\/www.policiadelneuquen.gob.ar\/?p=10976"},"modified":"2021-09-18T13:37:23","modified_gmt":"2021-09-18T16:37:23","slug":"1334-cria-n21-desarticulan-fiesta-privada-en-un-club-deportivo","status":"publish","type":"post","link":"https:\/\/www.policiadelneuquen.gob.ar\/index.php\/1334-cria-n21-desarticulan-fiesta-privada-en-un-club-deportivo\/","title":{"rendered":"13:34 &#8211; CR\u00cdA N\u00b021: Desarticulan fiesta privada en un Club Deportivo."},"content":{"rendered":"\t\t<div data-elementor-type=\"wp-post\" data-elementor-id=\"10976\" class=\"elementor elementor-10976\">\n\t\t\t\t\t\t<section class=\"elementor-section elementor-top-section elementor-element elementor-element-6c8bb178 elementor-section-boxed elementor-section-height-default elementor-section-height-default\" data-id=\"6c8bb178\" data-element_type=\"section\" data-e-type=\"section\">\n\t\t\t\t\t\t<div class=\"elementor-container elementor-column-gap-default\">\n\t\t\t\t\t<div class=\"elementor-column elementor-col-100 elementor-top-column elementor-element elementor-element-10439ad0\" data-id=\"10439ad0\" data-element_type=\"column\" data-e-type=\"column\">\n\t\t\t<div class=\"elementor-widget-wrap elementor-element-populated\">\n\t\t\t\t\t\t<div class=\"elementor-element elementor-element-7b548cff elementor-widget elementor-widget-text-editor\" data-id=\"7b548cff\" data-element_type=\"widget\" data-e-type=\"widget\" data-widget_type=\"text-editor.default\">\n\t\t\t\t<div class=\"elementor-widget-container\">\n\t\t\t\t\t\t\t\t\t\n<p style=\"font-size: 22px;\">Personal de Comisar\u00eda N\u00b021 desarticul\u00f3 ayer (18\/09), una fiesta privada con m\u00e1s de 40 personas, que se desarrollaba en el interior de un Club Deportivo del oeste de la Ciudad.<\/p>\n\n<p style=\"font-size: 22px;\">La intervenci\u00f3n policial surgi\u00f3 a ra\u00edz de varios llamados telef\u00f3nicos que mencionaban el presunto desarrollo de una fiesta clandestina en el predio de un Club Deportivo de calle 1\u00b0 de enero, donde al arribar, uniformados observaron la presencia de aproximadamente 70 veh\u00edculos y personas ingiriendo bebidas alcoh\u00f3licas, varias de ellas sin tapabocas.\u00a0<\/p>\n\n<p style=\"font-size: 22px;\">Luego, notaron la presencia de 40 personas dentro de un sal\u00f3n, donde uno de ellos manifest\u00f3 que se estar\u00eda llevando a cabo una fiesta autorizada por comercio, recordando al entrevistado las medidas preventivas por la pandemia, que proh\u00edbe las reuniones sociales con cierta cantidad de personas.\u00a0<\/p>\n\n<p style=\"font-size: 22px;\">Pasado unos minutos, se present\u00f3 un integrante de la Comisi\u00f3n Directiva, ofuscado por la presencia de polic\u00edas, solicitando que se retiren del lugar, ya que ser\u00eda un evento privado, vociferando denunciar a los uniformados por la intervenci\u00f3n cometida.\u00a0<\/p>\n\n<p style=\"font-size: 22px;\">Como consecuencia, se le dio intervenci\u00f3n al \u00e1rea judicial que notifico, seg\u00fan lo dispuesto por la Fiscal\u00eda de Actuaci\u00f3n Gen\u00e9rica de la transgresi\u00f3n del art\u00edculo 205\u00b0 del C\u00f3digo Penal Argentino, observando que los presentes procedieron a retirarse por una de las salidas para no ser identificados.<\/p>\n\t\t\t\t\t\t\t\t<\/div>\n\t\t\t\t<\/div>\n\t\t\t\t\t<\/div>\n\t\t<\/div>\n\t\t\t\t\t<\/div>\n\t\t<\/section>\n\t\t\t\t<section class=\"elementor-section elementor-top-section elementor-element elementor-element-6dd3b2e elementor-section-boxed elementor-section-height-default elementor-section-height-default\" data-id=\"6dd3b2e\" data-element_type=\"section\" data-e-type=\"section\">\n\t\t\t\t\t\t<div class=\"elementor-container elementor-column-gap-default\">\n\t\t\t\t\t<div class=\"elementor-column elementor-col-100 elementor-top-column elementor-element elementor-element-d545ad5\" data-id=\"d545ad5\" data-element_type=\"column\" data-e-type=\"column\">\n\t\t\t<div class=\"elementor-widget-wrap elementor-element-populated\">\n\t\t\t\t\t\t<div class=\"elementor-element elementor-element-2c88432 elementor-widget elementor-widget-image-gallery\" data-id=\"2c88432\" data-element_type=\"widget\" data-e-type=\"widget\" data-widget_type=\"image-gallery.default\">\n\t\t\t\t<div class=\"elementor-widget-container\">\n\t\t\t\t\t\t\t<div class=\"elementor-image-gallery\">\n\t\t\t<div id='gallery-3' class='gallery galleryid-10976 gallery-columns-2 gallery-size-thumbnail'><figure class='gallery-item'>\n\t\t\t<div class='gallery-icon landscape'>\n\t\t\t\t<a data-elementor-open-lightbox=\"yes\" data-elementor-lightbox-slideshow=\"2c88432\" data-elementor-lightbox-title=\"IMG\" data-e-action-hash=\"#elementor-action%3Aaction%3Dlightbox%26settings%3DeyJpZCI6MTA5NzQsInVybCI6Imh0dHBzOlwvXC93d3cucG9saWNpYWRlbG5ldXF1ZW4uZ29iLmFyXC93cC1jb250ZW50XC91cGxvYWRzXC8yMDIxXC8wOVwvRklFU1RBMS5qcGciLCJzbGlkZXNob3ciOiIyYzg4NDMyIn0%3D\" href='https:\/\/www.policiadelneuquen.gob.ar\/wp-content\/uploads\/2021\/09\/FIESTA1.jpg'><img decoding=\"async\" width=\"150\" height=\"150\" src=\"https:\/\/www.policiadelneuquen.gob.ar\/wp-content\/uploads\/2021\/09\/FIESTA1-150x150.jpg\" class=\"attachment-thumbnail size-thumbnail\" alt=\"\" srcset=\"https:\/\/www.policiadelneuquen.gob.ar\/wp-content\/uploads\/2021\/09\/FIESTA1-150x150.jpg 150w, https:\/\/www.policiadelneuquen.gob.ar\/wp-content\/uploads\/2021\/09\/FIESTA1-250x250.jpg 250w\" sizes=\"(max-width: 150px) 100vw, 150px\" \/><\/a>\n\t\t\t<\/div><\/figure><figure class='gallery-item'>\n\t\t\t<div class='gallery-icon landscape'>\n\t\t\t\t<a data-elementor-open-lightbox=\"yes\" data-elementor-lightbox-slideshow=\"2c88432\" data-elementor-lightbox-title=\"IMG\" data-e-action-hash=\"#elementor-action%3Aaction%3Dlightbox%26settings%3DeyJpZCI6MTA5NzMsInVybCI6Imh0dHBzOlwvXC93d3cucG9saWNpYWRlbG5ldXF1ZW4uZ29iLmFyXC93cC1jb250ZW50XC91cGxvYWRzXC8yMDIxXC8wOVwvRklFU1RBLmpwZyIsInNsaWRlc2hvdyI6IjJjODg0MzIifQ%3D%3D\" href='https:\/\/www.policiadelneuquen.gob.ar\/wp-content\/uploads\/2021\/09\/FIESTA.jpg'><img decoding=\"async\" width=\"150\" height=\"150\" src=\"https:\/\/www.policiadelneuquen.gob.ar\/wp-content\/uploads\/2021\/09\/FIESTA-150x150.jpg\" class=\"attachment-thumbnail size-thumbnail\" alt=\"\" srcset=\"https:\/\/www.policiadelneuquen.gob.ar\/wp-content\/uploads\/2021\/09\/FIESTA-150x150.jpg 150w, https:\/\/www.policiadelneuquen.gob.ar\/wp-content\/uploads\/2021\/09\/FIESTA-250x250.jpg 250w\" sizes=\"(max-width: 150px) 100vw, 150px\" \/><\/a>\n\t\t\t<\/div><\/figure>\n\t\t<\/div>\n\t\t<\/div>\n\t\t\t\t\t\t<\/div>\n\t\t\t\t<\/div>\n\t\t\t\t\t<\/div>\n\t\t<\/div>\n\t\t\t\t\t<\/div>\n\t\t<\/section>\n\t\t\t\t<\/div>\n\t\t","protected":false},"excerpt":{"rendered":"<p>Personal de Comisar\u00eda N\u00b021 desarticul\u00f3 ayer (18\/09), una fiesta privada con m\u00e1s de 40 personas, que se desarrollaba en el interior de un Club Deportivo del oeste de la Ciudad. La intervenci\u00f3n policial surgi\u00f3 a ra\u00edz de varios llamados telef\u00f3nicos que mencionaban el presunto desarrollo de una fiesta clandestina en el predio de un Club [&hellip;]<\/p>\n","protected":false},"author":9,"featured_media":10975,"comment_status":"open","ping_status":"open","sticky":false,"template":"","format":"standard","meta":{"site-sidebar-layout":"default","site-content-layout":"","ast-site-content-layout":"","site-content-style":"default","site-sidebar-style":"default","ast-global-header-display":"","ast-banner-title-visibility":"","ast-main-header-display":"","ast-hfb-above-header-display":"","ast-hfb-below-header-display":"","ast-hfb-mobile-header-display":"","site-post-title":"","ast-breadcrumbs-content":"","ast-featured-img":"","footer-sml-layout":"","theme-transparent-header-meta":"","adv-header-id-meta":"","stick-header-meta":"","header-above-stick-meta":"","header-main-stick-meta":"","header-below-stick-meta":"","astra-migrate-meta-layouts":"default","ast-page-background-enabled":"default","ast-page-background-meta":{"desktop":{"background-color":"","background-image":"","background-repeat":"repeat","background-position":"center center","background-size":"auto","background-attachment":"scroll","background-type":"","background-media":"","overlay-type":"","overlay-color":"","overlay-opacity":"","overlay-gradient":""},"tablet":{"background-color":"","background-image":"","background-repeat":"repeat","background-position":"center center","background-size":"auto","background-attachment":"scroll","background-type":"","background-media":"","overlay-type":"","overlay-color":"","overlay-opacity":"","overlay-gradient":""},"mobile":{"background-color":"","background-image":"","background-repeat":"repeat","background-position":"center center","background-size":"auto","background-attachment":"scroll","background-type":"","background-media":"","overlay-type":"","overlay-color":"","overlay-opacity":"","overlay-gradient":""}},"ast-content-background-meta":{"desktop":{"background-color":"var(--ast-global-color-5)","background-image":"","background-repeat":"repeat","background-position":"center center","background-size":"auto","background-attachment":"scroll","background-type":"","background-media":"","overlay-type":"","overlay-color":"","overlay-opacity":"","overlay-gradient":""},"tablet":{"background-color":"var(--ast-global-color-5)","background-image":"","background-repeat":"repeat","background-position":"center center","background-size":"auto","background-attachment":"scroll","background-type":"","background-media":"","overlay-type":"","overlay-color":"","overlay-opacity":"","overlay-gradient":""},"mobile":{"background-color":"var(--ast-global-color-5)","background-image":"","background-repeat":"repeat","background-position":"center center","background-size":"auto","background-attachment":"scroll","background-type":"","background-media":"","overlay-type":"","overlay-color":"","overlay-opacity":"","overlay-gradient":""}},"footnotes":""},"categories":[1],"tags":[],"class_list":["post-10976","post","type-post","status-publish","format-standard","has-post-thumbnail","hentry","category-sin-categorizar"],"jetpack_featured_media_url":"https:\/\/www.policiadelneuquen.gob.ar\/wp-content\/uploads\/2021\/09\/FIESTA2.jpg","_links":{"self":[{"href":"https:\/\/www.policiadelneuquen.gob.ar\/index.php\/wp-json\/wp\/v2\/posts\/10976","targetHints":{"allow":["GET"]}}],"collection":[{"href":"https:\/\/www.policiadelneuquen.gob.ar\/index.php\/wp-json\/wp\/v2\/posts"}],"about":[{"href":"https:\/\/www.policiadelneuquen.gob.ar\/index.php\/wp-json\/wp\/v2\/types\/post"}],"author":[{"embeddable":true,"href":"https:\/\/www.policiadelneuquen.gob.ar\/index.php\/wp-json\/wp\/v2\/users\/9"}],"replies":[{"embeddable":true,"href":"https:\/\/www.policiadelneuquen.gob.ar\/index.php\/wp-json\/wp\/v2\/comments?post=10976"}],"version-history":[{"count":10,"href":"https:\/\/www.policiadelneuquen.gob.ar\/index.php\/wp-json\/wp\/v2\/posts\/10976\/revisions"}],"predecessor-version":[{"id":10986,"href":"https:\/\/www.policiadelneuquen.gob.ar\/index.php\/wp-json\/wp\/v2\/posts\/10976\/revisions\/10986"}],"wp:featuredmedia":[{"embeddable":true,"href":"https:\/\/www.policiadelneuquen.gob.ar\/index.php\/wp-json\/wp\/v2\/media\/10975"}],"wp:attachment":[{"href":"https:\/\/www.policiadelneuquen.gob.ar\/index.php\/wp-json\/wp\/v2\/media?parent=10976"}],"wp:term":[{"taxonomy":"category","embeddable":true,"href":"https:\/\/www.policiadelneuquen.gob.ar\/index.php\/wp-json\/wp\/v2\/categories?post=10976"},{"taxonomy":"post_tag","embeddable":true,"href":"https:\/\/www.policiadelneuquen.gob.ar\/index.php\/wp-json\/wp\/v2\/tags?post=10976"}],"curies":[{"name":"wp","href":"https:\/\/api.w.org\/{rel}","templated":true}]}}