{"id":11034,"date":"2021-09-20T09:04:47","date_gmt":"2021-09-20T12:04:47","guid":{"rendered":"https:\/\/www.policiadelneuquen.gob.ar\/?p=11034"},"modified":"2021-09-20T09:04:50","modified_gmt":"2021-09-20T12:04:50","slug":"0903-cria-3ra-demorado-con-pedido-de-captura","status":"publish","type":"post","link":"https:\/\/www.policiadelneuquen.gob.ar\/index.php\/0903-cria-3ra-demorado-con-pedido-de-captura\/","title":{"rendered":"09:03 CR\u00cdA 3RA: Demorado con pedido de captura."},"content":{"rendered":"\n<p><br>Un hombre que registraba un pedido de captura en su contra fue demorado el pasado s\u00e1bado (18\/09), luego de que intentara perpetrar un robo en una vivienda del Oeste.<br>El episodio tuvo lugar alrededor de las 14.20, cuando personal de Comisar\u00eda Tercera que se encontraba realizando tareas preventivas por calle Arabarco y Sauco del barrio MUTEN, escucharon gritos de auxilio de una vivienda del sector que alertaba de un intento de robo.<br>Inmediatamente se acercaron al lugar, donde al arribar observaron a un individuo saltar la medianera emprendiendo la huida, pero fue r\u00e1pidamente demorado.<br>Al entrevistar al due\u00f1o del inmueble, este manifest\u00f3 que al encontrarse en el interior escuch\u00f3 un fuerte golpe en la puerta trasera y al verificar, not\u00f3 que un sujeto estaba intentando ingresar por lo que comenz\u00f3 a pedir auxilio.<br>Al compulsar los datos en los sistemas inform\u00e1ticos, arroj\u00f3 que el sujeto de 22 a\u00f1os presentaba un pedido de captura en su contra por estar involucrado en una causa por robo simple.<br>Finalmente, el aprehendido fue trasladado a sede policial, quedando a disposici\u00f3n de la fiscal\u00eda Interviniente.<\/p>\n","protected":false},"excerpt":{"rendered":"<p>Un hombre que registraba un pedido de captura en su contra fue demorado el pasado s\u00e1bado (18\/09), luego de que intentara perpetrar un robo en una vivienda del Oeste.El episodio tuvo lugar alrededor de las 14.20, cuando personal de Comisar\u00eda Tercera que se encontraba realizando tareas preventivas por calle Arabarco y Sauco del barrio MUTEN, [&hellip;]<\/p>\n","protected":false},"author":14,"featured_media":11035,"comment_status":"open","ping_status":"open","sticky":false,"template":"","format":"standard","meta":{"site-sidebar-layout":"default","site-content-layout":"","ast-site-content-layout":"","site-content-style":"default","site-sidebar-style":"default","ast-global-header-display":"","ast-banner-title-visibility":"","ast-main-header-display":"","ast-hfb-above-header-display":"","ast-hfb-below-header-display":"","ast-hfb-mobile-header-display":"","site-post-title":"","ast-breadcrumbs-content":"","ast-featured-img":"","footer-sml-layout":"","theme-transparent-header-meta":"","adv-header-id-meta":"","stick-header-meta":"","header-above-stick-meta":"","header-main-stick-meta":"","header-below-stick-meta":"","astra-migrate-meta-layouts":"default","ast-page-background-enabled":"default","ast-page-background-meta":{"desktop":{"background-color":"","background-image":"","background-repeat":"repeat","background-position":"center center","background-size":"auto","background-attachment":"scroll","background-type":"","background-media":"","overlay-type":"","overlay-color":"","overlay-opacity":"","overlay-gradient":""},"tablet":{"background-color":"","background-image":"","background-repeat":"repeat","background-position":"center center","background-size":"auto","background-attachment":"scroll","background-type":"","background-media":"","overlay-type":"","overlay-color":"","overlay-opacity":"","overlay-gradient":""},"mobile":{"background-color":"","background-image":"","background-repeat":"repeat","background-position":"center center","background-size":"auto","background-attachment":"scroll","background-type":"","background-media":"","overlay-type":"","overlay-color":"","overlay-opacity":"","overlay-gradient":""}},"ast-content-background-meta":{"desktop":{"background-color":"var(--ast-global-color-5)","background-image":"","background-repeat":"repeat","background-position":"center center","background-size":"auto","background-attachment":"scroll","background-type":"","background-media":"","overlay-type":"","overlay-color":"","overlay-opacity":"","overlay-gradient":""},"tablet":{"background-color":"var(--ast-global-color-5)","background-image":"","background-repeat":"repeat","background-position":"center center","background-size":"auto","background-attachment":"scroll","background-type":"","background-media":"","overlay-type":"","overlay-color":"","overlay-opacity":"","overlay-gradient":""},"mobile":{"background-color":"var(--ast-global-color-5)","background-image":"","background-repeat":"repeat","background-position":"center center","background-size":"auto","background-attachment":"scroll","background-type":"","background-media":"","overlay-type":"","overlay-color":"","overlay-opacity":"","overlay-gradient":""}},"footnotes":""},"categories":[1],"tags":[],"class_list":["post-11034","post","type-post","status-publish","format-standard","has-post-thumbnail","hentry","category-sin-categorizar"],"jetpack_featured_media_url":"https:\/\/www.policiadelneuquen.gob.ar\/wp-content\/uploads\/2021\/09\/3RA.jpeg","_links":{"self":[{"href":"https:\/\/www.policiadelneuquen.gob.ar\/index.php\/wp-json\/wp\/v2\/posts\/11034","targetHints":{"allow":["GET"]}}],"collection":[{"href":"https:\/\/www.policiadelneuquen.gob.ar\/index.php\/wp-json\/wp\/v2\/posts"}],"about":[{"href":"https:\/\/www.policiadelneuquen.gob.ar\/index.php\/wp-json\/wp\/v2\/types\/post"}],"author":[{"embeddable":true,"href":"https:\/\/www.policiadelneuquen.gob.ar\/index.php\/wp-json\/wp\/v2\/users\/14"}],"replies":[{"embeddable":true,"href":"https:\/\/www.policiadelneuquen.gob.ar\/index.php\/wp-json\/wp\/v2\/comments?post=11034"}],"version-history":[{"count":1,"href":"https:\/\/www.policiadelneuquen.gob.ar\/index.php\/wp-json\/wp\/v2\/posts\/11034\/revisions"}],"predecessor-version":[{"id":11036,"href":"https:\/\/www.policiadelneuquen.gob.ar\/index.php\/wp-json\/wp\/v2\/posts\/11034\/revisions\/11036"}],"wp:featuredmedia":[{"embeddable":true,"href":"https:\/\/www.policiadelneuquen.gob.ar\/index.php\/wp-json\/wp\/v2\/media\/11035"}],"wp:attachment":[{"href":"https:\/\/www.policiadelneuquen.gob.ar\/index.php\/wp-json\/wp\/v2\/media?parent=11034"}],"wp:term":[{"taxonomy":"category","embeddable":true,"href":"https:\/\/www.policiadelneuquen.gob.ar\/index.php\/wp-json\/wp\/v2\/categories?post=11034"},{"taxonomy":"post_tag","embeddable":true,"href":"https:\/\/www.policiadelneuquen.gob.ar\/index.php\/wp-json\/wp\/v2\/tags?post=11034"}],"curies":[{"name":"wp","href":"https:\/\/api.w.org\/{rel}","templated":true}]}}