{"id":11037,"date":"2021-09-20T09:06:01","date_gmt":"2021-09-20T12:06:01","guid":{"rendered":"https:\/\/www.policiadelneuquen.gob.ar\/?p=11037"},"modified":"2021-09-20T09:06:05","modified_gmt":"2021-09-20T12:06:05","slug":"0903-desarticulan-fiesta-clandestina-en-el-oeste-de-neuquen","status":"publish","type":"post","link":"https:\/\/www.policiadelneuquen.gob.ar\/index.php\/0903-desarticulan-fiesta-clandestina-en-el-oeste-de-neuquen\/","title":{"rendered":"09:03 Desarticulan fiesta clandestina en el oeste de Neuqu\u00e9n"},"content":{"rendered":"\n<p>En la ma\u00f1ana del domingo 19\/09, personal de Comisar\u00eda 16\u00b0 con la colaboraci\u00f3n del Centro De Operaciones Policiales, desarticularon una fiesta clandestina que se estaba realizando en una vivienda del barrio Sector 26 de Agosto, donde fueron desalojadas un total aproximado de 100 j\u00f3venes y se notific\u00f3 a la propietaria de la vivienda.<\/p>\n\n\n\n<p>Minutos antes de las seis de la ma\u00f1ana, personal del Centro de Operaciones Policiales inform\u00f3 a efectivos de Comisar\u00eda 16\u00b0, sobre un presunto desorden en la v\u00eda p\u00fablica, sobre calles Mar\u00edn y Venado Tuerto del barrio antes mencionado.<\/p>\n\n\n\n<p>Al llegar al lugar se encontraron con un gran grupo de j\u00f3venes protagonizaron una gresca entre dos grupos antag\u00f3nicos, por lo que procedieron a intervenir en el hecho, logrando que la mayor\u00eda de los j\u00f3venes desistiera de la actitud violenta y se retiraran del lugar.<\/p>\n\n\n\n<p>Luego de restituir el orden en las inmediaciones del barrio, el personal policial entrevist\u00f3 a la propietaria de la vivienda, una mujer de 40 a\u00f1os quien relat\u00f3 que ella hab\u00eda autorizado a su hijo a realizar dicho evento, pero que desconoc\u00eda la difusi\u00f3n a trav\u00e9s de las redes sociales sobre la presunta fiesta, la cual se sali\u00f3 de control por la cantidad de j\u00f3venes.<\/p>\n\n\n\n<p>Como resultado el personal policial inform\u00f3 al \u00c1rea judicial quienes mantuvieron comunicaci\u00f3n con la Dra. Panozzo Valeria, la que dispuso se notificar\u00e1 a la propietaria del lugar por infracci\u00f3n al Art. 205 del C.P.A por presunta fiesta clandestina.<\/p>\n","protected":false},"excerpt":{"rendered":"<p>En la ma\u00f1ana del domingo 19\/09, personal de Comisar\u00eda 16\u00b0 con la colaboraci\u00f3n del Centro De Operaciones Policiales, desarticularon una fiesta clandestina que se estaba realizando en una vivienda del barrio Sector 26 de Agosto, donde fueron desalojadas un total aproximado de 100 j\u00f3venes y se notific\u00f3 a la propietaria de la vivienda. Minutos antes [&hellip;]<\/p>\n","protected":false},"author":11,"featured_media":10678,"comment_status":"open","ping_status":"open","sticky":false,"template":"","format":"standard","meta":{"site-sidebar-layout":"default","site-content-layout":"","ast-site-content-layout":"","site-content-style":"default","site-sidebar-style":"default","ast-global-header-display":"","ast-banner-title-visibility":"","ast-main-header-display":"","ast-hfb-above-header-display":"","ast-hfb-below-header-display":"","ast-hfb-mobile-header-display":"","site-post-title":"","ast-breadcrumbs-content":"","ast-featured-img":"","footer-sml-layout":"","theme-transparent-header-meta":"","adv-header-id-meta":"","stick-header-meta":"","header-above-stick-meta":"","header-main-stick-meta":"","header-below-stick-meta":"","astra-migrate-meta-layouts":"default","ast-page-background-enabled":"default","ast-page-background-meta":{"desktop":{"background-color":"","background-image":"","background-repeat":"repeat","background-position":"center center","background-size":"auto","background-attachment":"scroll","background-type":"","background-media":"","overlay-type":"","overlay-color":"","overlay-opacity":"","overlay-gradient":""},"tablet":{"background-color":"","background-image":"","background-repeat":"repeat","background-position":"center center","background-size":"auto","background-attachment":"scroll","background-type":"","background-media":"","overlay-type":"","overlay-color":"","overlay-opacity":"","overlay-gradient":""},"mobile":{"background-color":"","background-image":"","background-repeat":"repeat","background-position":"center center","background-size":"auto","background-attachment":"scroll","background-type":"","background-media":"","overlay-type":"","overlay-color":"","overlay-opacity":"","overlay-gradient":""}},"ast-content-background-meta":{"desktop":{"background-color":"var(--ast-global-color-5)","background-image":"","background-repeat":"repeat","background-position":"center center","background-size":"auto","background-attachment":"scroll","background-type":"","background-media":"","overlay-type":"","overlay-color":"","overlay-opacity":"","overlay-gradient":""},"tablet":{"background-color":"var(--ast-global-color-5)","background-image":"","background-repeat":"repeat","background-position":"center center","background-size":"auto","background-attachment":"scroll","background-type":"","background-media":"","overlay-type":"","overlay-color":"","overlay-opacity":"","overlay-gradient":""},"mobile":{"background-color":"var(--ast-global-color-5)","background-image":"","background-repeat":"repeat","background-position":"center center","background-size":"auto","background-attachment":"scroll","background-type":"","background-media":"","overlay-type":"","overlay-color":"","overlay-opacity":"","overlay-gradient":""}},"footnotes":""},"categories":[1],"tags":[],"class_list":["post-11037","post","type-post","status-publish","format-standard","has-post-thumbnail","hentry","category-sin-categorizar"],"jetpack_featured_media_url":"https:\/\/www.policiadelneuquen.gob.ar\/wp-content\/uploads\/2021\/09\/PLACA-PRENSA-2020.jpg","_links":{"self":[{"href":"https:\/\/www.policiadelneuquen.gob.ar\/index.php\/wp-json\/wp\/v2\/posts\/11037","targetHints":{"allow":["GET"]}}],"collection":[{"href":"https:\/\/www.policiadelneuquen.gob.ar\/index.php\/wp-json\/wp\/v2\/posts"}],"about":[{"href":"https:\/\/www.policiadelneuquen.gob.ar\/index.php\/wp-json\/wp\/v2\/types\/post"}],"author":[{"embeddable":true,"href":"https:\/\/www.policiadelneuquen.gob.ar\/index.php\/wp-json\/wp\/v2\/users\/11"}],"replies":[{"embeddable":true,"href":"https:\/\/www.policiadelneuquen.gob.ar\/index.php\/wp-json\/wp\/v2\/comments?post=11037"}],"version-history":[{"count":1,"href":"https:\/\/www.policiadelneuquen.gob.ar\/index.php\/wp-json\/wp\/v2\/posts\/11037\/revisions"}],"predecessor-version":[{"id":11038,"href":"https:\/\/www.policiadelneuquen.gob.ar\/index.php\/wp-json\/wp\/v2\/posts\/11037\/revisions\/11038"}],"wp:featuredmedia":[{"embeddable":true,"href":"https:\/\/www.policiadelneuquen.gob.ar\/index.php\/wp-json\/wp\/v2\/media\/10678"}],"wp:attachment":[{"href":"https:\/\/www.policiadelneuquen.gob.ar\/index.php\/wp-json\/wp\/v2\/media?parent=11037"}],"wp:term":[{"taxonomy":"category","embeddable":true,"href":"https:\/\/www.policiadelneuquen.gob.ar\/index.php\/wp-json\/wp\/v2\/categories?post=11037"},{"taxonomy":"post_tag","embeddable":true,"href":"https:\/\/www.policiadelneuquen.gob.ar\/index.php\/wp-json\/wp\/v2\/tags?post=11037"}],"curies":[{"name":"wp","href":"https:\/\/api.w.org\/{rel}","templated":true}]}}