{"id":11189,"date":"2021-09-24T08:26:28","date_gmt":"2021-09-24T11:26:28","guid":{"rendered":"https:\/\/www.policiadelneuquen.gob.ar\/?p=11189"},"modified":"2021-09-24T08:27:14","modified_gmt":"2021-09-24T11:27:14","slug":"0822-demoran-a-un-hombre-por-atentado-resistencia-a-la-autoridad-y-danar-un-movil-policial","status":"publish","type":"post","link":"https:\/\/www.policiadelneuquen.gob.ar\/index.php\/0822-demoran-a-un-hombre-por-atentado-resistencia-a-la-autoridad-y-danar-un-movil-policial\/","title":{"rendered":"08:22 Demoran a un hombre por atentado, resistencia a la autoridad y da\u00f1ar un m\u00f3vil policial"},"content":{"rendered":"\t\t<div data-elementor-type=\"wp-post\" data-elementor-id=\"11189\" class=\"elementor elementor-11189\">\n\t\t\t\t\t\t<section class=\"elementor-section elementor-top-section elementor-element elementor-element-5e4221bf elementor-section-boxed elementor-section-height-default elementor-section-height-default\" data-id=\"5e4221bf\" data-element_type=\"section\" data-e-type=\"section\">\n\t\t\t\t\t\t<div class=\"elementor-container elementor-column-gap-default\">\n\t\t\t\t\t<div class=\"elementor-column elementor-col-100 elementor-top-column elementor-element elementor-element-459cb3e1\" data-id=\"459cb3e1\" data-element_type=\"column\" data-e-type=\"column\">\n\t\t\t<div class=\"elementor-widget-wrap elementor-element-populated\">\n\t\t\t\t\t\t<div class=\"elementor-element elementor-element-761a52b8 elementor-widget elementor-widget-text-editor\" data-id=\"761a52b8\" data-element_type=\"widget\" data-e-type=\"widget\" data-widget_type=\"text-editor.default\">\n\t\t\t\t<div class=\"elementor-widget-container\">\n\t\t\t\t\t\t\t\t\t\n<p>Un hombre de 30 a\u00f1os de edad, fue demorado anoche por personal policial de la Comisar\u00eda 19\u00b0, luego que protagonizara disturbios en el ingreso a un barrio privado de la ciudad de Neuqu\u00e9n. El sujeto, que se presume se encontraba bajo los efectos de estupefacientes, se resisti\u00f3 al procedimiento policial y termin\u00f3 demorado tras colisionar un m\u00f3vil con el auto en el que se movilizaba.<\/p>\n\n\n\n<p>El episodio tuvo lugar minutos despu\u00e9s de las 23, cuando el sujeto lleg\u00f3 a bordo de un VW Fox hasta el port\u00f3n de entradas de un barrio privado ubicado sobre la calle Obrero Argentino.<\/p>\n\n\n\n<p>El hombre, obstaculiz\u00f3 durante algunos minutos el ingreso al barrio residencial, sin justificar su presencia en el lugar ni el motivo de su actitud, motivo por el cual se solicit\u00f3 la presencia de personal policial de la Comisar\u00eda 19\u00b0.<\/p>\n\n\n\n<p>En el lugar, los uniformados intentaron convencer al hombre para que descendiera del auto y proceder con su identificaci\u00f3n, pero lejos de acatar la orden, el sujeto mantuvo su actitud y permaneci\u00f3 en el interior del veh\u00edculo con las puertas cerradas y aseguradas.<\/p>\n\n\n\n<p>Luego de algunos minutos, el sujeto puso en marcha el auto y embisti\u00f3 la barrera de seguridad para luego impactar contra la parte trasera de una patrulla, lo que oblig\u00f3 al personal policial a romper uno de los cristales del auto y reducir al hombre, que en todo momento opuso resistencia.<\/p>\n\n\n\n<p>Hasta el lugar, lleg\u00f3 tambi\u00e9n personal policial de la Divisi\u00f3n Criminal\u00edstica y de Tr\u00e1nsito Policial, que se plegaron al procedimiento.<\/p>\n\n\n\n<p>Finalmente, el hombre fue demorado y trasladado a Comisar\u00eda Segunda, en tanto que el veh\u00edculo en el que se movilizaba, fue secuestrado.<\/p>\n\t\t\t\t\t\t\t\t<\/div>\n\t\t\t\t<\/div>\n\t\t\t\t\t<\/div>\n\t\t<\/div>\n\t\t\t\t\t<\/div>\n\t\t<\/section>\n\t\t\t\t<section class=\"elementor-section elementor-top-section elementor-element elementor-element-ae5b3d7 elementor-section-boxed elementor-section-height-default elementor-section-height-default\" data-id=\"ae5b3d7\" data-element_type=\"section\" data-e-type=\"section\">\n\t\t\t\t\t\t<div class=\"elementor-container elementor-column-gap-default\">\n\t\t\t\t\t<div class=\"elementor-column elementor-col-100 elementor-top-column elementor-element elementor-element-608513f\" data-id=\"608513f\" data-element_type=\"column\" data-e-type=\"column\">\n\t\t\t<div class=\"elementor-widget-wrap elementor-element-populated\">\n\t\t\t\t\t\t<div class=\"elementor-element elementor-element-4f02fd0 elementor-widget elementor-widget-image-gallery\" data-id=\"4f02fd0\" data-element_type=\"widget\" data-e-type=\"widget\" data-widget_type=\"image-gallery.default\">\n\t\t\t\t<div class=\"elementor-widget-container\">\n\t\t\t\t\t\t\t<div class=\"elementor-image-gallery\">\n\t\t\t<div id='gallery-1' class='gallery galleryid-11189 gallery-columns-3 gallery-size-thumbnail'><figure class='gallery-item'>\n\t\t\t<div class='gallery-icon portrait'>\n\t\t\t\t<a data-elementor-open-lightbox=\"yes\" data-elementor-lightbox-slideshow=\"4f02fd0\" data-elementor-lightbox-title=\"2\" data-e-action-hash=\"#elementor-action%3Aaction%3Dlightbox%26settings%3DeyJpZCI6MTExOTEsInVybCI6Imh0dHBzOlwvXC93d3cucG9saWNpYWRlbG5ldXF1ZW4uZ29iLmFyXC93cC1jb250ZW50XC91cGxvYWRzXC8yMDIxXC8wOVwvV2hhdHNBcHAtSW1hZ2UtMjAyMS0wOS0yMy1hdC0wOC41OC4zNy0xLmpwZWciLCJzbGlkZXNob3ciOiI0ZjAyZmQwIn0%3D\" href='https:\/\/www.policiadelneuquen.gob.ar\/wp-content\/uploads\/2021\/09\/WhatsApp-Image-2021-09-23-at-08.58.37-1.jpeg'><img decoding=\"async\" width=\"150\" height=\"150\" src=\"https:\/\/www.policiadelneuquen.gob.ar\/wp-content\/uploads\/2021\/09\/WhatsApp-Image-2021-09-23-at-08.58.37-1-150x150.jpeg\" class=\"attachment-thumbnail size-thumbnail\" alt=\"\" srcset=\"https:\/\/www.policiadelneuquen.gob.ar\/wp-content\/uploads\/2021\/09\/WhatsApp-Image-2021-09-23-at-08.58.37-1-150x150.jpeg 150w, https:\/\/www.policiadelneuquen.gob.ar\/wp-content\/uploads\/2021\/09\/WhatsApp-Image-2021-09-23-at-08.58.37-1-250x250.jpeg 250w\" sizes=\"(max-width: 150px) 100vw, 150px\" \/><\/a>\n\t\t\t<\/div><\/figure><figure class='gallery-item'>\n\t\t\t<div class='gallery-icon portrait'>\n\t\t\t\t<a data-elementor-open-lightbox=\"yes\" data-elementor-lightbox-slideshow=\"4f02fd0\" data-elementor-lightbox-title=\"3\" data-e-action-hash=\"#elementor-action%3Aaction%3Dlightbox%26settings%3DeyJpZCI6MTExOTIsInVybCI6Imh0dHBzOlwvXC93d3cucG9saWNpYWRlbG5ldXF1ZW4uZ29iLmFyXC93cC1jb250ZW50XC91cGxvYWRzXC8yMDIxXC8wOVwvV2hhdHNBcHAtSW1hZ2UtMjAyMS0wOS0yMy1hdC0wOC41OC4zNi0xLmpwZWciLCJzbGlkZXNob3ciOiI0ZjAyZmQwIn0%3D\" href='https:\/\/www.policiadelneuquen.gob.ar\/wp-content\/uploads\/2021\/09\/WhatsApp-Image-2021-09-23-at-08.58.36-1.jpeg'><img decoding=\"async\" width=\"150\" height=\"150\" src=\"https:\/\/www.policiadelneuquen.gob.ar\/wp-content\/uploads\/2021\/09\/WhatsApp-Image-2021-09-23-at-08.58.36-1-150x150.jpeg\" class=\"attachment-thumbnail size-thumbnail\" alt=\"\" srcset=\"https:\/\/www.policiadelneuquen.gob.ar\/wp-content\/uploads\/2021\/09\/WhatsApp-Image-2021-09-23-at-08.58.36-1-150x150.jpeg 150w, https:\/\/www.policiadelneuquen.gob.ar\/wp-content\/uploads\/2021\/09\/WhatsApp-Image-2021-09-23-at-08.58.36-1-250x250.jpeg 250w\" sizes=\"(max-width: 150px) 100vw, 150px\" \/><\/a>\n\t\t\t<\/div><\/figure><figure class='gallery-item'>\n\t\t\t<div class='gallery-icon portrait'>\n\t\t\t\t<a data-elementor-open-lightbox=\"yes\" data-elementor-lightbox-slideshow=\"4f02fd0\" data-elementor-lightbox-title=\"1\" data-e-action-hash=\"#elementor-action%3Aaction%3Dlightbox%26settings%3DeyJpZCI6MTExOTAsInVybCI6Imh0dHBzOlwvXC93d3cucG9saWNpYWRlbG5ldXF1ZW4uZ29iLmFyXC93cC1jb250ZW50XC91cGxvYWRzXC8yMDIxXC8wOVwvV2hhdHNBcHAtSW1hZ2UtMjAyMS0wOS0yMy1hdC0wOC41OC4zNS0xLmpwZWciLCJzbGlkZXNob3ciOiI0ZjAyZmQwIn0%3D\" href='https:\/\/www.policiadelneuquen.gob.ar\/wp-content\/uploads\/2021\/09\/WhatsApp-Image-2021-09-23-at-08.58.35-1.jpeg'><img decoding=\"async\" width=\"150\" height=\"150\" src=\"https:\/\/www.policiadelneuquen.gob.ar\/wp-content\/uploads\/2021\/09\/WhatsApp-Image-2021-09-23-at-08.58.35-1-150x150.jpeg\" class=\"attachment-thumbnail size-thumbnail\" alt=\"\" srcset=\"https:\/\/www.policiadelneuquen.gob.ar\/wp-content\/uploads\/2021\/09\/WhatsApp-Image-2021-09-23-at-08.58.35-1-150x150.jpeg 150w, https:\/\/www.policiadelneuquen.gob.ar\/wp-content\/uploads\/2021\/09\/WhatsApp-Image-2021-09-23-at-08.58.35-1-250x250.jpeg 250w\" sizes=\"(max-width: 150px) 100vw, 150px\" \/><\/a>\n\t\t\t<\/div><\/figure>\n\t\t<\/div>\n\t\t<\/div>\n\t\t\t\t\t\t<\/div>\n\t\t\t\t<\/div>\n\t\t\t\t\t<\/div>\n\t\t<\/div>\n\t\t\t\t\t<\/div>\n\t\t<\/section>\n\t\t\t\t<\/div>\n\t\t","protected":false},"excerpt":{"rendered":"<p>Un hombre de 30 a\u00f1os de edad, fue demorado anoche por personal policial de la Comisar\u00eda 19\u00b0, luego que protagonizara disturbios en el ingreso a un barrio privado de la ciudad de Neuqu\u00e9n. El sujeto, que se presume se encontraba bajo los efectos de estupefacientes, se resisti\u00f3 al procedimiento policial y termin\u00f3 demorado tras colisionar [&hellip;]<\/p>\n","protected":false},"author":6,"featured_media":11191,"comment_status":"open","ping_status":"open","sticky":false,"template":"","format":"standard","meta":{"site-sidebar-layout":"default","site-content-layout":"","ast-site-content-layout":"","site-content-style":"default","site-sidebar-style":"default","ast-global-header-display":"","ast-banner-title-visibility":"","ast-main-header-display":"","ast-hfb-above-header-display":"","ast-hfb-below-header-display":"","ast-hfb-mobile-header-display":"","site-post-title":"","ast-breadcrumbs-content":"","ast-featured-img":"","footer-sml-layout":"","theme-transparent-header-meta":"","adv-header-id-meta":"","stick-header-meta":"","header-above-stick-meta":"","header-main-stick-meta":"","header-below-stick-meta":"","astra-migrate-meta-layouts":"default","ast-page-background-enabled":"default","ast-page-background-meta":{"desktop":{"background-color":"","background-image":"","background-repeat":"repeat","background-position":"center center","background-size":"auto","background-attachment":"scroll","background-type":"","background-media":"","overlay-type":"","overlay-color":"","overlay-opacity":"","overlay-gradient":""},"tablet":{"background-color":"","background-image":"","background-repeat":"repeat","background-position":"center center","background-size":"auto","background-attachment":"scroll","background-type":"","background-media":"","overlay-type":"","overlay-color":"","overlay-opacity":"","overlay-gradient":""},"mobile":{"background-color":"","background-image":"","background-repeat":"repeat","background-position":"center center","background-size":"auto","background-attachment":"scroll","background-type":"","background-media":"","overlay-type":"","overlay-color":"","overlay-opacity":"","overlay-gradient":""}},"ast-content-background-meta":{"desktop":{"background-color":"var(--ast-global-color-5)","background-image":"","background-repeat":"repeat","background-position":"center center","background-size":"auto","background-attachment":"scroll","background-type":"","background-media":"","overlay-type":"","overlay-color":"","overlay-opacity":"","overlay-gradient":""},"tablet":{"background-color":"var(--ast-global-color-5)","background-image":"","background-repeat":"repeat","background-position":"center center","background-size":"auto","background-attachment":"scroll","background-type":"","background-media":"","overlay-type":"","overlay-color":"","overlay-opacity":"","overlay-gradient":""},"mobile":{"background-color":"var(--ast-global-color-5)","background-image":"","background-repeat":"repeat","background-position":"center center","background-size":"auto","background-attachment":"scroll","background-type":"","background-media":"","overlay-type":"","overlay-color":"","overlay-opacity":"","overlay-gradient":""}},"footnotes":""},"categories":[1],"tags":[],"class_list":["post-11189","post","type-post","status-publish","format-standard","has-post-thumbnail","hentry","category-sin-categorizar"],"jetpack_featured_media_url":"https:\/\/www.policiadelneuquen.gob.ar\/wp-content\/uploads\/2021\/09\/WhatsApp-Image-2021-09-23-at-08.58.37-1.jpeg","_links":{"self":[{"href":"https:\/\/www.policiadelneuquen.gob.ar\/index.php\/wp-json\/wp\/v2\/posts\/11189","targetHints":{"allow":["GET"]}}],"collection":[{"href":"https:\/\/www.policiadelneuquen.gob.ar\/index.php\/wp-json\/wp\/v2\/posts"}],"about":[{"href":"https:\/\/www.policiadelneuquen.gob.ar\/index.php\/wp-json\/wp\/v2\/types\/post"}],"author":[{"embeddable":true,"href":"https:\/\/www.policiadelneuquen.gob.ar\/index.php\/wp-json\/wp\/v2\/users\/6"}],"replies":[{"embeddable":true,"href":"https:\/\/www.policiadelneuquen.gob.ar\/index.php\/wp-json\/wp\/v2\/comments?post=11189"}],"version-history":[{"count":5,"href":"https:\/\/www.policiadelneuquen.gob.ar\/index.php\/wp-json\/wp\/v2\/posts\/11189\/revisions"}],"predecessor-version":[{"id":11375,"href":"https:\/\/www.policiadelneuquen.gob.ar\/index.php\/wp-json\/wp\/v2\/posts\/11189\/revisions\/11375"}],"wp:featuredmedia":[{"embeddable":true,"href":"https:\/\/www.policiadelneuquen.gob.ar\/index.php\/wp-json\/wp\/v2\/media\/11191"}],"wp:attachment":[{"href":"https:\/\/www.policiadelneuquen.gob.ar\/index.php\/wp-json\/wp\/v2\/media?parent=11189"}],"wp:term":[{"taxonomy":"category","embeddable":true,"href":"https:\/\/www.policiadelneuquen.gob.ar\/index.php\/wp-json\/wp\/v2\/categories?post=11189"},{"taxonomy":"post_tag","embeddable":true,"href":"https:\/\/www.policiadelneuquen.gob.ar\/index.php\/wp-json\/wp\/v2\/tags?post=11189"}],"curies":[{"name":"wp","href":"https:\/\/api.w.org\/{rel}","templated":true}]}}