{"id":11225,"date":"2021-09-24T11:10:43","date_gmt":"2021-09-24T14:10:43","guid":{"rendered":"https:\/\/www.policiadelneuquen.gob.ar\/?p=11225"},"modified":"2021-09-24T11:12:38","modified_gmt":"2021-09-24T14:12:38","slug":"1105-dos-adolescentes-demorados-tras-protagonizar-un-hurto-en-la-via-publica","status":"publish","type":"post","link":"https:\/\/www.policiadelneuquen.gob.ar\/index.php\/1105-dos-adolescentes-demorados-tras-protagonizar-un-hurto-en-la-via-publica\/","title":{"rendered":"11:05 Dos adolescentes demorados tras protagonizar un hurto en la v\u00eda p\u00fablica"},"content":{"rendered":"\t\t<div data-elementor-type=\"wp-post\" data-elementor-id=\"11225\" class=\"elementor elementor-11225\">\n\t\t\t\t\t\t<section class=\"elementor-section elementor-top-section elementor-element elementor-element-3cecd4ae elementor-section-boxed elementor-section-height-default elementor-section-height-default\" data-id=\"3cecd4ae\" data-element_type=\"section\" data-e-type=\"section\">\n\t\t\t\t\t\t<div class=\"elementor-container elementor-column-gap-default\">\n\t\t\t\t\t<div class=\"elementor-column elementor-col-100 elementor-top-column elementor-element elementor-element-4ddc949c\" data-id=\"4ddc949c\" data-element_type=\"column\" data-e-type=\"column\">\n\t\t\t<div class=\"elementor-widget-wrap elementor-element-populated\">\n\t\t\t\t\t\t<div class=\"elementor-element elementor-element-6a10a555 elementor-widget elementor-widget-text-editor\" data-id=\"6a10a555\" data-element_type=\"widget\" data-e-type=\"widget\" data-widget_type=\"text-editor.default\">\n\t\t\t\t<div class=\"elementor-widget-container\">\n\t\t\t\t\t\t\t\t\t\n<p>Dos adolescentes menores de edad, fueron demorados en la tarde de ayer, tras hurtar las pertenencias de una mujer en plena v\u00eda p\u00fablica. Los sujetos fueron aprehendidos en un procedimiento conjunto realizado por personal policial de la Divisi\u00f3n Tr\u00e1nsito Neuqu\u00e9n y Comisar\u00eda 44\u00b0.<\/p>\n\n\n\n<p>Ocurri\u00f3 minutos despu\u00e9s de las 14, cuando transe\u00fantes alertaron a personal policial de la mencionada Divisi\u00f3n, que patrullaban sobre la Avenida Mosconi a la altura de Oconnor, sobre el accionar de dos j\u00f3venes que circulaba en bicicleta y que tras abordar a un mujer le sustrajeron algunas pertenencias con las que luego se dieron a la fuga.&nbsp;<\/p>\n\n\n\n<p>Con los datos aportados por los testigos, los uniformados realizaron un patrullaje por el sector en procura de dar con los malvivientes.<\/p>\n\n\n\n<p>Finalmente, el personal policial logr\u00f3 dar en la intersecci\u00f3n de las calles Drury y Luis Bletr\u00e1n con los sujetos, dos menores de 16 y 17 a\u00f1os de edad. Hasta el lugar, arrib\u00f3 tambi\u00e9n personal policial de la Comisar\u00eda 44\u00b0, que se pleg\u00f3 al procedimiento.<\/p>\n\n\n\n<p>Adem\u00e1s de aprehender a los adolescentes, los efectivos pudieron dar con los bienes que hab\u00edan sido sustra\u00eddos a la v\u00edctima, una mochila con pertenencias en su interior y un tel\u00e9fono celular.<\/p>\n\n\n\n<p>Mientras el personal policial identificaba correctamente a los j\u00f3venes, se present\u00f3 tambi\u00e9n en el lugar la damnificada, una mujer de 57 a\u00f1os, que reconoci\u00f3 los elementos e indic\u00f3 que luego radicar\u00eda la denuncia correspondiente.<\/p>\n\n\n\n<p>En cuanto a los demorados, fueron puestos a disposici\u00f3n de la Comisar\u00eda de la Ni\u00f1ez y la Adolescencia, que continu\u00f3 con las diligencias correspondientes.<\/p>\n\t\t\t\t\t\t\t\t<\/div>\n\t\t\t\t<\/div>\n\t\t\t\t\t<\/div>\n\t\t<\/div>\n\t\t\t\t\t<\/div>\n\t\t<\/section>\n\t\t\t\t<section class=\"elementor-section elementor-top-section elementor-element elementor-element-177f7f2 elementor-section-boxed elementor-section-height-default elementor-section-height-default\" data-id=\"177f7f2\" data-element_type=\"section\" data-e-type=\"section\">\n\t\t\t\t\t\t<div class=\"elementor-container elementor-column-gap-default\">\n\t\t\t\t\t<div class=\"elementor-column elementor-col-100 elementor-top-column elementor-element elementor-element-47b670c\" data-id=\"47b670c\" data-element_type=\"column\" data-e-type=\"column\">\n\t\t\t<div class=\"elementor-widget-wrap elementor-element-populated\">\n\t\t\t\t\t\t<div class=\"elementor-element elementor-element-92722f8 elementor-widget elementor-widget-image-gallery\" data-id=\"92722f8\" data-element_type=\"widget\" data-e-type=\"widget\" data-widget_type=\"image-gallery.default\">\n\t\t\t\t<div class=\"elementor-widget-container\">\n\t\t\t\t\t\t\t<div class=\"elementor-image-gallery\">\n\t\t\t<div id='gallery-3' class='gallery galleryid-11225 gallery-columns-3 gallery-size-thumbnail'><figure class='gallery-item'>\n\t\t\t<div class='gallery-icon portrait'>\n\t\t\t\t<a data-elementor-open-lightbox=\"yes\" data-elementor-lightbox-slideshow=\"92722f8\" data-elementor-lightbox-title=\"4\" data-e-action-hash=\"#elementor-action%3Aaction%3Dlightbox%26settings%3DeyJpZCI6MTEyMjksInVybCI6Imh0dHBzOlwvXC93d3cucG9saWNpYWRlbG5ldXF1ZW4uZ29iLmFyXC93cC1jb250ZW50XC91cGxvYWRzXC8yMDIxXC8wOVwvcGVyc29uYWwuanBnIiwic2xpZGVzaG93IjoiOTI3MjJmOCJ9\" href='https:\/\/www.policiadelneuquen.gob.ar\/wp-content\/uploads\/2021\/09\/personal.jpg'><img decoding=\"async\" width=\"150\" height=\"150\" src=\"https:\/\/www.policiadelneuquen.gob.ar\/wp-content\/uploads\/2021\/09\/personal-150x150.jpg\" class=\"attachment-thumbnail size-thumbnail\" alt=\"\" srcset=\"https:\/\/www.policiadelneuquen.gob.ar\/wp-content\/uploads\/2021\/09\/personal-150x150.jpg 150w, https:\/\/www.policiadelneuquen.gob.ar\/wp-content\/uploads\/2021\/09\/personal-250x250.jpg 250w\" sizes=\"(max-width: 150px) 100vw, 150px\" \/><\/a>\n\t\t\t<\/div><\/figure><figure class='gallery-item'>\n\t\t\t<div class='gallery-icon landscape'>\n\t\t\t\t<a data-elementor-open-lightbox=\"yes\" data-elementor-lightbox-slideshow=\"92722f8\" data-elementor-lightbox-title=\"3\" data-e-action-hash=\"#elementor-action%3Aaction%3Dlightbox%26settings%3DeyJpZCI6MTEyMjgsInVybCI6Imh0dHBzOlwvXC93d3cucG9saWNpYWRlbG5ldXF1ZW4uZ29iLmFyXC93cC1jb250ZW50XC91cGxvYWRzXC8yMDIxXC8wOVwvYmljaS5qcGciLCJzbGlkZXNob3ciOiI5MjcyMmY4In0%3D\" href='https:\/\/www.policiadelneuquen.gob.ar\/wp-content\/uploads\/2021\/09\/bici.jpg'><img decoding=\"async\" width=\"150\" height=\"150\" src=\"https:\/\/www.policiadelneuquen.gob.ar\/wp-content\/uploads\/2021\/09\/bici-150x150.jpg\" class=\"attachment-thumbnail size-thumbnail\" alt=\"\" srcset=\"https:\/\/www.policiadelneuquen.gob.ar\/wp-content\/uploads\/2021\/09\/bici-150x150.jpg 150w, https:\/\/www.policiadelneuquen.gob.ar\/wp-content\/uploads\/2021\/09\/bici-250x250.jpg 250w\" sizes=\"(max-width: 150px) 100vw, 150px\" \/><\/a>\n\t\t\t<\/div><\/figure><figure class='gallery-item'>\n\t\t\t<div class='gallery-icon portrait'>\n\t\t\t\t<a data-elementor-open-lightbox=\"yes\" data-elementor-lightbox-slideshow=\"92722f8\" data-elementor-lightbox-title=\"2\" data-e-action-hash=\"#elementor-action%3Aaction%3Dlightbox%26settings%3DeyJpZCI6MTEyMjcsInVybCI6Imh0dHBzOlwvXC93d3cucG9saWNpYWRlbG5ldXF1ZW4uZ29iLmFyXC93cC1jb250ZW50XC91cGxvYWRzXC8yMDIxXC8wOVwvY3VjaGlsbG8uanBnIiwic2xpZGVzaG93IjoiOTI3MjJmOCJ9\" href='https:\/\/www.policiadelneuquen.gob.ar\/wp-content\/uploads\/2021\/09\/cuchillo.jpg'><img decoding=\"async\" width=\"150\" height=\"150\" src=\"https:\/\/www.policiadelneuquen.gob.ar\/wp-content\/uploads\/2021\/09\/cuchillo-150x150.jpg\" class=\"attachment-thumbnail size-thumbnail\" alt=\"\" srcset=\"https:\/\/www.policiadelneuquen.gob.ar\/wp-content\/uploads\/2021\/09\/cuchillo-150x150.jpg 150w, https:\/\/www.policiadelneuquen.gob.ar\/wp-content\/uploads\/2021\/09\/cuchillo-250x250.jpg 250w\" sizes=\"(max-width: 150px) 100vw, 150px\" \/><\/a>\n\t\t\t<\/div><\/figure>\n\t\t<\/div>\n\t\t<\/div>\n\t\t\t\t\t\t<\/div>\n\t\t\t\t<\/div>\n\t\t\t\t\t<\/div>\n\t\t<\/div>\n\t\t\t\t\t<\/div>\n\t\t<\/section>\n\t\t\t\t<\/div>\n\t\t","protected":false},"excerpt":{"rendered":"<p>Dos adolescentes menores de edad, fueron demorados en la tarde de ayer, tras hurtar las pertenencias de una mujer en plena v\u00eda p\u00fablica. Los sujetos fueron aprehendidos en un procedimiento conjunto realizado por personal policial de la Divisi\u00f3n Tr\u00e1nsito Neuqu\u00e9n y Comisar\u00eda 44\u00b0. Ocurri\u00f3 minutos despu\u00e9s de las 14, cuando transe\u00fantes alertaron a personal policial [&hellip;]<\/p>\n","protected":false},"author":6,"featured_media":11226,"comment_status":"open","ping_status":"open","sticky":false,"template":"","format":"standard","meta":{"site-sidebar-layout":"default","site-content-layout":"","ast-site-content-layout":"","site-content-style":"default","site-sidebar-style":"default","ast-global-header-display":"","ast-banner-title-visibility":"","ast-main-header-display":"","ast-hfb-above-header-display":"","ast-hfb-below-header-display":"","ast-hfb-mobile-header-display":"","site-post-title":"","ast-breadcrumbs-content":"","ast-featured-img":"","footer-sml-layout":"","theme-transparent-header-meta":"","adv-header-id-meta":"","stick-header-meta":"","header-above-stick-meta":"","header-main-stick-meta":"","header-below-stick-meta":"","astra-migrate-meta-layouts":"default","ast-page-background-enabled":"default","ast-page-background-meta":{"desktop":{"background-color":"","background-image":"","background-repeat":"repeat","background-position":"center center","background-size":"auto","background-attachment":"scroll","background-type":"","background-media":"","overlay-type":"","overlay-color":"","overlay-opacity":"","overlay-gradient":""},"tablet":{"background-color":"","background-image":"","background-repeat":"repeat","background-position":"center center","background-size":"auto","background-attachment":"scroll","background-type":"","background-media":"","overlay-type":"","overlay-color":"","overlay-opacity":"","overlay-gradient":""},"mobile":{"background-color":"","background-image":"","background-repeat":"repeat","background-position":"center center","background-size":"auto","background-attachment":"scroll","background-type":"","background-media":"","overlay-type":"","overlay-color":"","overlay-opacity":"","overlay-gradient":""}},"ast-content-background-meta":{"desktop":{"background-color":"var(--ast-global-color-5)","background-image":"","background-repeat":"repeat","background-position":"center center","background-size":"auto","background-attachment":"scroll","background-type":"","background-media":"","overlay-type":"","overlay-color":"","overlay-opacity":"","overlay-gradient":""},"tablet":{"background-color":"var(--ast-global-color-5)","background-image":"","background-repeat":"repeat","background-position":"center center","background-size":"auto","background-attachment":"scroll","background-type":"","background-media":"","overlay-type":"","overlay-color":"","overlay-opacity":"","overlay-gradient":""},"mobile":{"background-color":"var(--ast-global-color-5)","background-image":"","background-repeat":"repeat","background-position":"center center","background-size":"auto","background-attachment":"scroll","background-type":"","background-media":"","overlay-type":"","overlay-color":"","overlay-opacity":"","overlay-gradient":""}},"footnotes":""},"categories":[1],"tags":[],"class_list":["post-11225","post","type-post","status-publish","format-standard","has-post-thumbnail","hentry","category-sin-categorizar"],"jetpack_featured_media_url":"https:\/\/www.policiadelneuquen.gob.ar\/wp-content\/uploads\/2021\/09\/mochila.jpg","_links":{"self":[{"href":"https:\/\/www.policiadelneuquen.gob.ar\/index.php\/wp-json\/wp\/v2\/posts\/11225","targetHints":{"allow":["GET"]}}],"collection":[{"href":"https:\/\/www.policiadelneuquen.gob.ar\/index.php\/wp-json\/wp\/v2\/posts"}],"about":[{"href":"https:\/\/www.policiadelneuquen.gob.ar\/index.php\/wp-json\/wp\/v2\/types\/post"}],"author":[{"embeddable":true,"href":"https:\/\/www.policiadelneuquen.gob.ar\/index.php\/wp-json\/wp\/v2\/users\/6"}],"replies":[{"embeddable":true,"href":"https:\/\/www.policiadelneuquen.gob.ar\/index.php\/wp-json\/wp\/v2\/comments?post=11225"}],"version-history":[{"count":4,"href":"https:\/\/www.policiadelneuquen.gob.ar\/index.php\/wp-json\/wp\/v2\/posts\/11225\/revisions"}],"predecessor-version":[{"id":11233,"href":"https:\/\/www.policiadelneuquen.gob.ar\/index.php\/wp-json\/wp\/v2\/posts\/11225\/revisions\/11233"}],"wp:featuredmedia":[{"embeddable":true,"href":"https:\/\/www.policiadelneuquen.gob.ar\/index.php\/wp-json\/wp\/v2\/media\/11226"}],"wp:attachment":[{"href":"https:\/\/www.policiadelneuquen.gob.ar\/index.php\/wp-json\/wp\/v2\/media?parent=11225"}],"wp:term":[{"taxonomy":"category","embeddable":true,"href":"https:\/\/www.policiadelneuquen.gob.ar\/index.php\/wp-json\/wp\/v2\/categories?post=11225"},{"taxonomy":"post_tag","embeddable":true,"href":"https:\/\/www.policiadelneuquen.gob.ar\/index.php\/wp-json\/wp\/v2\/tags?post=11225"}],"curies":[{"name":"wp","href":"https:\/\/api.w.org\/{rel}","templated":true}]}}