{"id":11314,"date":"2021-09-25T21:52:29","date_gmt":"2021-09-26T00:52:29","guid":{"rendered":"https:\/\/www.policiadelneuquen.gob.ar\/?p=11314"},"modified":"2021-09-25T21:52:34","modified_gmt":"2021-09-26T00:52:34","slug":"2144-la-policia-del-neuquen-solicita-urgente-colaboracion","status":"publish","type":"post","link":"https:\/\/www.policiadelneuquen.gob.ar\/index.php\/2144-la-policia-del-neuquen-solicita-urgente-colaboracion\/","title":{"rendered":"21:44 La polic\u00eda del Neuqu\u00e9n solicita urgente colaboraci\u00f3n"},"content":{"rendered":"\n<p>La Polic\u00eda del Neuqu\u00e9n, solicita ubicaci\u00f3n y detenci\u00f3n de JUAN OCTAVIO GODOY, de 37 a\u00f1os de edad, 1,78 m de estatura, tez trigue\u00f1a, ojos marrones, contextura f\u00edsica semi robusto, cabellos casta\u00f1os oscuros.<br>El mismo presenta se\u00f1as particulares como una cicatriz lineal en el antebrazo izquierdo, cicatriz de quemadura en el tobillo derecho; tatuajes de San la Muerte en el tobillo derecho, Kiara en el antebrazo izquierdo, un drag\u00f3n en brazo izquierdo cara externa; imagen de tigre en brazo izquierdo cara externa; nombre Irma en el pectoral derecho, imagen de un Elfo oscuro y las siglas KG te amo en pectoral izquierdo, nombres Evelin, Yessica y Micaela las quiero en el centro del pecho, imagen de Bin Laden en el omoplato izquierdo.<br>Es conocido tambi\u00e9n por los apodos de: MORITA, JAVIER MORA o Miguel Mora, portar\u00eda documentaci\u00f3n falsa. Este sujeto es considerado de ALTA PELIGROSIDAD; requerido por la Fiscal\u00eda de Homicidios de la ciudad de Neuqu\u00e9n.<br>Ante cualquier informaci\u00f3n comunicarse con su comisar\u00eda m\u00e1s cercana o al 101 C.O.P.<\/p>\n","protected":false},"excerpt":{"rendered":"<p>La Polic\u00eda del Neuqu\u00e9n, solicita ubicaci\u00f3n y detenci\u00f3n de JUAN OCTAVIO GODOY, de 37 a\u00f1os de edad, 1,78 m de estatura, tez trigue\u00f1a, ojos marrones, contextura f\u00edsica semi robusto, cabellos casta\u00f1os oscuros.El mismo presenta se\u00f1as particulares como una cicatriz lineal en el antebrazo izquierdo, cicatriz de quemadura en el tobillo derecho; tatuajes de San la [&hellip;]<\/p>\n","protected":false},"author":14,"featured_media":11317,"comment_status":"open","ping_status":"open","sticky":false,"template":"","format":"standard","meta":{"site-sidebar-layout":"default","site-content-layout":"","ast-site-content-layout":"","site-content-style":"default","site-sidebar-style":"default","ast-global-header-display":"","ast-banner-title-visibility":"","ast-main-header-display":"","ast-hfb-above-header-display":"","ast-hfb-below-header-display":"","ast-hfb-mobile-header-display":"","site-post-title":"","ast-breadcrumbs-content":"","ast-featured-img":"","footer-sml-layout":"","theme-transparent-header-meta":"","adv-header-id-meta":"","stick-header-meta":"","header-above-stick-meta":"","header-main-stick-meta":"","header-below-stick-meta":"","astra-migrate-meta-layouts":"default","ast-page-background-enabled":"default","ast-page-background-meta":{"desktop":{"background-color":"","background-image":"","background-repeat":"repeat","background-position":"center center","background-size":"auto","background-attachment":"scroll","background-type":"","background-media":"","overlay-type":"","overlay-color":"","overlay-opacity":"","overlay-gradient":""},"tablet":{"background-color":"","background-image":"","background-repeat":"repeat","background-position":"center center","background-size":"auto","background-attachment":"scroll","background-type":"","background-media":"","overlay-type":"","overlay-color":"","overlay-opacity":"","overlay-gradient":""},"mobile":{"background-color":"","background-image":"","background-repeat":"repeat","background-position":"center center","background-size":"auto","background-attachment":"scroll","background-type":"","background-media":"","overlay-type":"","overlay-color":"","overlay-opacity":"","overlay-gradient":""}},"ast-content-background-meta":{"desktop":{"background-color":"var(--ast-global-color-5)","background-image":"","background-repeat":"repeat","background-position":"center center","background-size":"auto","background-attachment":"scroll","background-type":"","background-media":"","overlay-type":"","overlay-color":"","overlay-opacity":"","overlay-gradient":""},"tablet":{"background-color":"var(--ast-global-color-5)","background-image":"","background-repeat":"repeat","background-position":"center center","background-size":"auto","background-attachment":"scroll","background-type":"","background-media":"","overlay-type":"","overlay-color":"","overlay-opacity":"","overlay-gradient":""},"mobile":{"background-color":"var(--ast-global-color-5)","background-image":"","background-repeat":"repeat","background-position":"center center","background-size":"auto","background-attachment":"scroll","background-type":"","background-media":"","overlay-type":"","overlay-color":"","overlay-opacity":"","overlay-gradient":""}},"footnotes":""},"categories":[1],"tags":[],"class_list":["post-11314","post","type-post","status-publish","format-standard","has-post-thumbnail","hentry","category-sin-categorizar"],"jetpack_featured_media_url":"https:\/\/www.policiadelneuquen.gob.ar\/wp-content\/uploads\/2021\/09\/fugado-1.jpg","_links":{"self":[{"href":"https:\/\/www.policiadelneuquen.gob.ar\/index.php\/wp-json\/wp\/v2\/posts\/11314","targetHints":{"allow":["GET"]}}],"collection":[{"href":"https:\/\/www.policiadelneuquen.gob.ar\/index.php\/wp-json\/wp\/v2\/posts"}],"about":[{"href":"https:\/\/www.policiadelneuquen.gob.ar\/index.php\/wp-json\/wp\/v2\/types\/post"}],"author":[{"embeddable":true,"href":"https:\/\/www.policiadelneuquen.gob.ar\/index.php\/wp-json\/wp\/v2\/users\/14"}],"replies":[{"embeddable":true,"href":"https:\/\/www.policiadelneuquen.gob.ar\/index.php\/wp-json\/wp\/v2\/comments?post=11314"}],"version-history":[{"count":1,"href":"https:\/\/www.policiadelneuquen.gob.ar\/index.php\/wp-json\/wp\/v2\/posts\/11314\/revisions"}],"predecessor-version":[{"id":11318,"href":"https:\/\/www.policiadelneuquen.gob.ar\/index.php\/wp-json\/wp\/v2\/posts\/11314\/revisions\/11318"}],"wp:featuredmedia":[{"embeddable":true,"href":"https:\/\/www.policiadelneuquen.gob.ar\/index.php\/wp-json\/wp\/v2\/media\/11317"}],"wp:attachment":[{"href":"https:\/\/www.policiadelneuquen.gob.ar\/index.php\/wp-json\/wp\/v2\/media?parent=11314"}],"wp:term":[{"taxonomy":"category","embeddable":true,"href":"https:\/\/www.policiadelneuquen.gob.ar\/index.php\/wp-json\/wp\/v2\/categories?post=11314"},{"taxonomy":"post_tag","embeddable":true,"href":"https:\/\/www.policiadelneuquen.gob.ar\/index.php\/wp-json\/wp\/v2\/tags?post=11314"}],"curies":[{"name":"wp","href":"https:\/\/api.w.org\/{rel}","templated":true}]}}