{"id":11316,"date":"2021-09-25T21:55:05","date_gmt":"2021-09-26T00:55:05","guid":{"rendered":"https:\/\/www.policiadelneuquen.gob.ar\/?p=11316"},"modified":"2021-09-25T22:00:29","modified_gmt":"2021-09-26T01:00:29","slug":"2146-cria-44-demorado-por-atentado-y-resistencia-a-la-autoridad","status":"publish","type":"post","link":"https:\/\/www.policiadelneuquen.gob.ar\/index.php\/2146-cria-44-demorado-por-atentado-y-resistencia-a-la-autoridad\/","title":{"rendered":"21:46 Cr\u00eda 44\u00b0: Demorado por Atentado y resistencia a la autoridad"},"content":{"rendered":"\n<figure class=\"wp-block-gallery columns-3 is-cropped wp-block-gallery-1 is-layout-flex wp-block-gallery-is-layout-flex\"><ul class=\"blocks-gallery-grid\"><li class=\"blocks-gallery-item\"><figure><img fetchpriority=\"high\" decoding=\"async\" width=\"1024\" height=\"768\" src=\"https:\/\/www.policiadelneuquen.gob.ar\/wp-content\/uploads\/2021\/09\/1-8-1024x768.jpg\" alt=\"\" data-id=\"11321\" data-full-url=\"https:\/\/www.policiadelneuquen.gob.ar\/wp-content\/uploads\/2021\/09\/1-8.jpg\" data-link=\"https:\/\/www.policiadelneuquen.gob.ar\/?attachment_id=11321\" class=\"wp-image-11321\" srcset=\"https:\/\/www.policiadelneuquen.gob.ar\/wp-content\/uploads\/2021\/09\/1-8-1024x768.jpg 1024w, https:\/\/www.policiadelneuquen.gob.ar\/wp-content\/uploads\/2021\/09\/1-8-300x225.jpg 300w, https:\/\/www.policiadelneuquen.gob.ar\/wp-content\/uploads\/2021\/09\/1-8-768x576.jpg 768w, https:\/\/www.policiadelneuquen.gob.ar\/wp-content\/uploads\/2021\/09\/1-8-1536x1152.jpg 1536w, https:\/\/www.policiadelneuquen.gob.ar\/wp-content\/uploads\/2021\/09\/1-8-920x690.jpg 920w, https:\/\/www.policiadelneuquen.gob.ar\/wp-content\/uploads\/2021\/09\/1-8-230x173.jpg 230w, https:\/\/www.policiadelneuquen.gob.ar\/wp-content\/uploads\/2021\/09\/1-8-350x263.jpg 350w, https:\/\/www.policiadelneuquen.gob.ar\/wp-content\/uploads\/2021\/09\/1-8-480x360.jpg 480w, https:\/\/www.policiadelneuquen.gob.ar\/wp-content\/uploads\/2021\/09\/1-8.jpg 1600w\" sizes=\"(max-width: 1024px) 100vw, 1024px\" \/><\/figure><\/li><li class=\"blocks-gallery-item\"><figure><img decoding=\"async\" width=\"1024\" height=\"768\" src=\"https:\/\/www.policiadelneuquen.gob.ar\/wp-content\/uploads\/2021\/09\/3-2-1024x768.jpg\" alt=\"\" data-id=\"11322\" data-full-url=\"https:\/\/www.policiadelneuquen.gob.ar\/wp-content\/uploads\/2021\/09\/3-2.jpg\" data-link=\"https:\/\/www.policiadelneuquen.gob.ar\/?attachment_id=11322\" class=\"wp-image-11322\" srcset=\"https:\/\/www.policiadelneuquen.gob.ar\/wp-content\/uploads\/2021\/09\/3-2-1024x768.jpg 1024w, https:\/\/www.policiadelneuquen.gob.ar\/wp-content\/uploads\/2021\/09\/3-2-300x225.jpg 300w, https:\/\/www.policiadelneuquen.gob.ar\/wp-content\/uploads\/2021\/09\/3-2-768x576.jpg 768w, https:\/\/www.policiadelneuquen.gob.ar\/wp-content\/uploads\/2021\/09\/3-2-1536x1152.jpg 1536w, https:\/\/www.policiadelneuquen.gob.ar\/wp-content\/uploads\/2021\/09\/3-2-920x690.jpg 920w, https:\/\/www.policiadelneuquen.gob.ar\/wp-content\/uploads\/2021\/09\/3-2-230x173.jpg 230w, https:\/\/www.policiadelneuquen.gob.ar\/wp-content\/uploads\/2021\/09\/3-2-350x263.jpg 350w, https:\/\/www.policiadelneuquen.gob.ar\/wp-content\/uploads\/2021\/09\/3-2-480x360.jpg 480w, https:\/\/www.policiadelneuquen.gob.ar\/wp-content\/uploads\/2021\/09\/3-2.jpg 1600w\" sizes=\"(max-width: 1024px) 100vw, 1024px\" \/><\/figure><\/li><li class=\"blocks-gallery-item\"><figure><img decoding=\"async\" width=\"1024\" height=\"766\" src=\"https:\/\/www.policiadelneuquen.gob.ar\/wp-content\/uploads\/2021\/09\/4-1024x766.jpg\" alt=\"\" data-id=\"11323\" data-full-url=\"https:\/\/www.policiadelneuquen.gob.ar\/wp-content\/uploads\/2021\/09\/4.jpg\" data-link=\"https:\/\/www.policiadelneuquen.gob.ar\/?attachment_id=11323\" class=\"wp-image-11323\" srcset=\"https:\/\/www.policiadelneuquen.gob.ar\/wp-content\/uploads\/2021\/09\/4-1024x766.jpg 1024w, https:\/\/www.policiadelneuquen.gob.ar\/wp-content\/uploads\/2021\/09\/4-300x224.jpg 300w, https:\/\/www.policiadelneuquen.gob.ar\/wp-content\/uploads\/2021\/09\/4-768x574.jpg 768w, https:\/\/www.policiadelneuquen.gob.ar\/wp-content\/uploads\/2021\/09\/4-920x688.jpg 920w, https:\/\/www.policiadelneuquen.gob.ar\/wp-content\/uploads\/2021\/09\/4-230x172.jpg 230w, https:\/\/www.policiadelneuquen.gob.ar\/wp-content\/uploads\/2021\/09\/4-350x262.jpg 350w, https:\/\/www.policiadelneuquen.gob.ar\/wp-content\/uploads\/2021\/09\/4-480x359.jpg 480w, https:\/\/www.policiadelneuquen.gob.ar\/wp-content\/uploads\/2021\/09\/4.jpg 1280w\" sizes=\"(max-width: 1024px) 100vw, 1024px\" \/><\/figure><\/li><\/ul><\/figure>\n\n\n\n<p>Un hombre fue demorado en la madrugada de hoy (25-09) por personal de Comisar\u00eda 44\u00b0, en un procedimiento iniciado por efectivos de Comisar\u00eda 12\u00b0, quien se trasladaba a bordo de un veh\u00edculo que sufri\u00f3 un siniestro de tr\u00e1nsito; mencionando que en el mismo tambi\u00e9n iba una persona fugada el a\u00f1o pasado de Comisar\u00eda 12\u00b0, encontr\u00e1ndose alojado all\u00ed en una causa por homicidio ocurrido en esta provincia (situaci\u00f3n por la que posee un pedido de captura vigente), quien adem\u00e1s se encuentra involucrada en la \u201cTentativa de Homicidio\u201d de un menor de edad, en la ciudad de Cinco Saltos, tambi\u00e9n con pedido de captura vigente.<\/p>\n\n\n\n<p>Todo comenz\u00f3 mientras personal de Comisar\u00eda 12\u00b0 realizaba patrullajes preventivos en inmediaciones a Av. Mosconi y Calle Bermuda, instante en que divisaron un veh\u00edculo VW Bora Blanco, con tres hombres en su interior, logrando los uniformados reconocer a uno de ellos, siendo una persona quien el a\u00f1o pasado se habr\u00eda fugado de dicha Unidad, teniendo conocimiento adem\u00e1s que el sujeto se encuentra involucrado en una causa por \u201cTentativa de Homicidio\u201d, hecho ocurrido el pasado 21 de septiembre, mediante la utilizaci\u00f3n de arma de fuego, situaci\u00f3n ocurrida en Cinco Saltos, quien adem\u00e1s posee pedido de captura tambi\u00e9n por este hecho, a solicitud del Juagado de Ejecuci\u00f3n Penal N\u00b0 10 de General Roca.<\/p>\n\n\n\n<p>Ante esta situaci\u00f3n, los efectivos dieron inmediatamente aviso a los dem\u00e1s m\u00f3viles de la zona, en procura de la demora de estas personas, d\u00e1ndoles la voz de alto mediante luces y sirenas, a lo que hicieron caso omiso, quienes adem\u00e1s exhibieron a los uniformados armas de fuego, por cuanto los efectivos en resguardo de su integridad f\u00edsica, mantuvieron una distancia prudencial en procura de los mismos.<\/p>\n\n\n\n<p>Los sujetos al momento de intentar huir, colisionan contra un poste de luz ubicado en catan Lil y el Dorado, del B\u00b0 Valentina Sur, logrando dos de ellos darse a la fuga, incluido el sujeto de alta peligrosidad que fuera individualizado al inicio del procedimiento, quedando en el interior un hombre con visibles lesiones producto del impacto, solicitando la presencia de personal de salud, quienes lo trasladaron para su atenci\u00f3n m\u00e9dica, con custodia policial.<\/p>\n\n\n\n<p>En el lugar se hizo presente personal del departamento Criminal\u00edstica, quienes realizaron soportes fotogr\u00e1ficos, as\u00ed como levantamiento de rastros, para luego ser cotejados. Tambi\u00e9n, luego de una inspecci\u00f3n ocular en el sector, fueron ubicados en calle Avutarda y Juez Garro, cinco vainas servidas, pocos metros despu\u00e9s se ubic\u00f3 un cartucho 9mm., y otra munici\u00f3n. Asimismo, pudo observarse en el habit\u00e1culo del rodado una presunta arma de fuego.<\/p>\n\n\n\n<p>Se interioriz\u00f3 de lo sucedido a la Dra. Brizuela de la Fiscal\u00eda de Delitos Flagrantes, quien dispuso el secuestro del veh\u00edculo para su posterior requisa, el cual fue trasladado por la gr\u00faa de Tr\u00e1nsito de Polic\u00eda.<\/p>\n\n\n\n<p>Horas despu\u00e9s, luego de autorizada la orden de requisa, personal policial secuestr\u00f3 del interior del rodado, un arma de fuego y un cargador con 8 municiones 9mm., quedando todos los elementos secuestrados a disposici\u00f3n de la Fiscal\u00eda interviniente.<\/p>\n","protected":false},"excerpt":{"rendered":"<p>Un hombre fue demorado en la madrugada de hoy (25-09) por personal de Comisar\u00eda 44\u00b0, en un procedimiento iniciado por efectivos de Comisar\u00eda 12\u00b0, quien se trasladaba a bordo de un veh\u00edculo que sufri\u00f3 un siniestro de tr\u00e1nsito; mencionando que en el mismo tambi\u00e9n iba una persona fugada el a\u00f1o pasado de Comisar\u00eda 12\u00b0, encontr\u00e1ndose [&hellip;]<\/p>\n","protected":false},"author":14,"featured_media":11320,"comment_status":"open","ping_status":"open","sticky":false,"template":"","format":"standard","meta":{"site-sidebar-layout":"default","site-content-layout":"","ast-site-content-layout":"","site-content-style":"default","site-sidebar-style":"default","ast-global-header-display":"","ast-banner-title-visibility":"","ast-main-header-display":"","ast-hfb-above-header-display":"","ast-hfb-below-header-display":"","ast-hfb-mobile-header-display":"","site-post-title":"","ast-breadcrumbs-content":"","ast-featured-img":"","footer-sml-layout":"","theme-transparent-header-meta":"","adv-header-id-meta":"","stick-header-meta":"","header-above-stick-meta":"","header-main-stick-meta":"","header-below-stick-meta":"","astra-migrate-meta-layouts":"default","ast-page-background-enabled":"default","ast-page-background-meta":{"desktop":{"background-color":"","background-image":"","background-repeat":"repeat","background-position":"center center","background-size":"auto","background-attachment":"scroll","background-type":"","background-media":"","overlay-type":"","overlay-color":"","overlay-opacity":"","overlay-gradient":""},"tablet":{"background-color":"","background-image":"","background-repeat":"repeat","background-position":"center center","background-size":"auto","background-attachment":"scroll","background-type":"","background-media":"","overlay-type":"","overlay-color":"","overlay-opacity":"","overlay-gradient":""},"mobile":{"background-color":"","background-image":"","background-repeat":"repeat","background-position":"center center","background-size":"auto","background-attachment":"scroll","background-type":"","background-media":"","overlay-type":"","overlay-color":"","overlay-opacity":"","overlay-gradient":""}},"ast-content-background-meta":{"desktop":{"background-color":"var(--ast-global-color-5)","background-image":"","background-repeat":"repeat","background-position":"center center","background-size":"auto","background-attachment":"scroll","background-type":"","background-media":"","overlay-type":"","overlay-color":"","overlay-opacity":"","overlay-gradient":""},"tablet":{"background-color":"var(--ast-global-color-5)","background-image":"","background-repeat":"repeat","background-position":"center center","background-size":"auto","background-attachment":"scroll","background-type":"","background-media":"","overlay-type":"","overlay-color":"","overlay-opacity":"","overlay-gradient":""},"mobile":{"background-color":"var(--ast-global-color-5)","background-image":"","background-repeat":"repeat","background-position":"center center","background-size":"auto","background-attachment":"scroll","background-type":"","background-media":"","overlay-type":"","overlay-color":"","overlay-opacity":"","overlay-gradient":""}},"footnotes":""},"categories":[1],"tags":[],"class_list":["post-11316","post","type-post","status-publish","format-standard","has-post-thumbnail","hentry","category-sin-categorizar"],"jetpack_featured_media_url":"https:\/\/www.policiadelneuquen.gob.ar\/wp-content\/uploads\/2021\/09\/2-5.jpg","_links":{"self":[{"href":"https:\/\/www.policiadelneuquen.gob.ar\/index.php\/wp-json\/wp\/v2\/posts\/11316","targetHints":{"allow":["GET"]}}],"collection":[{"href":"https:\/\/www.policiadelneuquen.gob.ar\/index.php\/wp-json\/wp\/v2\/posts"}],"about":[{"href":"https:\/\/www.policiadelneuquen.gob.ar\/index.php\/wp-json\/wp\/v2\/types\/post"}],"author":[{"embeddable":true,"href":"https:\/\/www.policiadelneuquen.gob.ar\/index.php\/wp-json\/wp\/v2\/users\/14"}],"replies":[{"embeddable":true,"href":"https:\/\/www.policiadelneuquen.gob.ar\/index.php\/wp-json\/wp\/v2\/comments?post=11316"}],"version-history":[{"count":2,"href":"https:\/\/www.policiadelneuquen.gob.ar\/index.php\/wp-json\/wp\/v2\/posts\/11316\/revisions"}],"predecessor-version":[{"id":11325,"href":"https:\/\/www.policiadelneuquen.gob.ar\/index.php\/wp-json\/wp\/v2\/posts\/11316\/revisions\/11325"}],"wp:featuredmedia":[{"embeddable":true,"href":"https:\/\/www.policiadelneuquen.gob.ar\/index.php\/wp-json\/wp\/v2\/media\/11320"}],"wp:attachment":[{"href":"https:\/\/www.policiadelneuquen.gob.ar\/index.php\/wp-json\/wp\/v2\/media?parent=11316"}],"wp:term":[{"taxonomy":"category","embeddable":true,"href":"https:\/\/www.policiadelneuquen.gob.ar\/index.php\/wp-json\/wp\/v2\/categories?post=11316"},{"taxonomy":"post_tag","embeddable":true,"href":"https:\/\/www.policiadelneuquen.gob.ar\/index.php\/wp-json\/wp\/v2\/tags?post=11316"}],"curies":[{"name":"wp","href":"https:\/\/api.w.org\/{rel}","templated":true}]}}