{"id":11326,"date":"2021-09-25T22:15:47","date_gmt":"2021-09-26T01:15:47","guid":{"rendered":"https:\/\/www.policiadelneuquen.gob.ar\/?p=11326"},"modified":"2021-09-25T22:15:50","modified_gmt":"2021-09-26T01:15:50","slug":"2211-cria-16-demoraron-a-una-mujer-que-intento-sustraer-mercaderia-de-un-supermercado-mayorista","status":"publish","type":"post","link":"https:\/\/www.policiadelneuquen.gob.ar\/index.php\/2211-cria-16-demoraron-a-una-mujer-que-intento-sustraer-mercaderia-de-un-supermercado-mayorista\/","title":{"rendered":"22:11 Cr\u00eda 16\u00b0: Demoraron a una mujer que intent\u00f3 sustraer mercader\u00eda de un supermercado mayorista"},"content":{"rendered":"\n<p>En la tarde de hoy, personal de Comisar\u00eda 16\u00b0 colabor\u00f3 con efectivos de Servicio Adicional de un supermercado mayorista, demorando a una mujer mayor de edad la que intent\u00f3 sustraer mercader\u00eda luego de pasar por la l\u00ednea de cajas.<\/p>\n\n\n\n<p>Personal policial fue anoticiado v\u00eda telef\u00f3nica de un presunto hecho delictivo en un local comercial de venta mayorista ubicado en la intersecci\u00f3n de Planas y El Cholar; por lo que acudieron r\u00e1pidamente y se encontraron con una mujer de 27 a\u00f1os, la que habr\u00eda sido vista por el personal de Servicio Adicional policial sustraer mercader\u00eda luego de pasar por la l\u00ednea de cajas.<\/p>\n\n\n\n<p>Por cuanto solicitaron a la mujer que mostrara lo que llevaba entre sus prendas y esta comenz\u00f3 a sacar paquetes de queso rallado, acondicionadores y shampoo, valuado en un poco las de los $9000 pesos.<\/p>\n\n\n\n<p>Inmediatamente fue demorada y trasladad a la Unidad Policial, quedando a disposici\u00f3n del \u00c1rea judicial.<\/p>\n","protected":false},"excerpt":{"rendered":"<p>En la tarde de hoy, personal de Comisar\u00eda 16\u00b0 colabor\u00f3 con efectivos de Servicio Adicional de un supermercado mayorista, demorando a una mujer mayor de edad la que intent\u00f3 sustraer mercader\u00eda luego de pasar por la l\u00ednea de cajas. Personal policial fue anoticiado v\u00eda telef\u00f3nica de un presunto hecho delictivo en un local comercial de [&hellip;]<\/p>\n","protected":false},"author":14,"featured_media":11329,"comment_status":"open","ping_status":"open","sticky":false,"template":"","format":"standard","meta":{"site-sidebar-layout":"default","site-content-layout":"","ast-site-content-layout":"","site-content-style":"default","site-sidebar-style":"default","ast-global-header-display":"","ast-banner-title-visibility":"","ast-main-header-display":"","ast-hfb-above-header-display":"","ast-hfb-below-header-display":"","ast-hfb-mobile-header-display":"","site-post-title":"","ast-breadcrumbs-content":"","ast-featured-img":"","footer-sml-layout":"","theme-transparent-header-meta":"","adv-header-id-meta":"","stick-header-meta":"","header-above-stick-meta":"","header-main-stick-meta":"","header-below-stick-meta":"","astra-migrate-meta-layouts":"default","ast-page-background-enabled":"default","ast-page-background-meta":{"desktop":{"background-color":"","background-image":"","background-repeat":"repeat","background-position":"center center","background-size":"auto","background-attachment":"scroll","background-type":"","background-media":"","overlay-type":"","overlay-color":"","overlay-opacity":"","overlay-gradient":""},"tablet":{"background-color":"","background-image":"","background-repeat":"repeat","background-position":"center center","background-size":"auto","background-attachment":"scroll","background-type":"","background-media":"","overlay-type":"","overlay-color":"","overlay-opacity":"","overlay-gradient":""},"mobile":{"background-color":"","background-image":"","background-repeat":"repeat","background-position":"center center","background-size":"auto","background-attachment":"scroll","background-type":"","background-media":"","overlay-type":"","overlay-color":"","overlay-opacity":"","overlay-gradient":""}},"ast-content-background-meta":{"desktop":{"background-color":"var(--ast-global-color-5)","background-image":"","background-repeat":"repeat","background-position":"center center","background-size":"auto","background-attachment":"scroll","background-type":"","background-media":"","overlay-type":"","overlay-color":"","overlay-opacity":"","overlay-gradient":""},"tablet":{"background-color":"var(--ast-global-color-5)","background-image":"","background-repeat":"repeat","background-position":"center center","background-size":"auto","background-attachment":"scroll","background-type":"","background-media":"","overlay-type":"","overlay-color":"","overlay-opacity":"","overlay-gradient":""},"mobile":{"background-color":"var(--ast-global-color-5)","background-image":"","background-repeat":"repeat","background-position":"center center","background-size":"auto","background-attachment":"scroll","background-type":"","background-media":"","overlay-type":"","overlay-color":"","overlay-opacity":"","overlay-gradient":""}},"footnotes":""},"categories":[1],"tags":[],"class_list":["post-11326","post","type-post","status-publish","format-standard","has-post-thumbnail","hentry","category-sin-categorizar"],"jetpack_featured_media_url":"https:\/\/www.policiadelneuquen.gob.ar\/wp-content\/uploads\/2021\/09\/WhatsApp-Image-2021-09-25-at-21.32.44-2.jpeg","_links":{"self":[{"href":"https:\/\/www.policiadelneuquen.gob.ar\/index.php\/wp-json\/wp\/v2\/posts\/11326","targetHints":{"allow":["GET"]}}],"collection":[{"href":"https:\/\/www.policiadelneuquen.gob.ar\/index.php\/wp-json\/wp\/v2\/posts"}],"about":[{"href":"https:\/\/www.policiadelneuquen.gob.ar\/index.php\/wp-json\/wp\/v2\/types\/post"}],"author":[{"embeddable":true,"href":"https:\/\/www.policiadelneuquen.gob.ar\/index.php\/wp-json\/wp\/v2\/users\/14"}],"replies":[{"embeddable":true,"href":"https:\/\/www.policiadelneuquen.gob.ar\/index.php\/wp-json\/wp\/v2\/comments?post=11326"}],"version-history":[{"count":2,"href":"https:\/\/www.policiadelneuquen.gob.ar\/index.php\/wp-json\/wp\/v2\/posts\/11326\/revisions"}],"predecessor-version":[{"id":11331,"href":"https:\/\/www.policiadelneuquen.gob.ar\/index.php\/wp-json\/wp\/v2\/posts\/11326\/revisions\/11331"}],"wp:featuredmedia":[{"embeddable":true,"href":"https:\/\/www.policiadelneuquen.gob.ar\/index.php\/wp-json\/wp\/v2\/media\/11329"}],"wp:attachment":[{"href":"https:\/\/www.policiadelneuquen.gob.ar\/index.php\/wp-json\/wp\/v2\/media?parent=11326"}],"wp:term":[{"taxonomy":"category","embeddable":true,"href":"https:\/\/www.policiadelneuquen.gob.ar\/index.php\/wp-json\/wp\/v2\/categories?post=11326"},{"taxonomy":"post_tag","embeddable":true,"href":"https:\/\/www.policiadelneuquen.gob.ar\/index.php\/wp-json\/wp\/v2\/tags?post=11326"}],"curies":[{"name":"wp","href":"https:\/\/api.w.org\/{rel}","templated":true}]}}