{"id":11332,"date":"2021-09-26T11:22:17","date_gmt":"2021-09-26T14:22:17","guid":{"rendered":"https:\/\/www.policiadelneuquen.gob.ar\/?p=11332"},"modified":"2021-09-26T11:22:22","modified_gmt":"2021-09-26T14:22:22","slug":"1120-cutral-co-secuestran-vehiculo-por-alcoholemia-positivo","status":"publish","type":"post","link":"https:\/\/www.policiadelneuquen.gob.ar\/index.php\/1120-cutral-co-secuestran-vehiculo-por-alcoholemia-positivo\/","title":{"rendered":"11:20 Cutral C\u00f3- Secuestran veh\u00edculo por alcoholemia positivo"},"content":{"rendered":"\n<p>Un veh\u00edculo fue secuestrado esta madrugada en la ciudad de Cutral C\u00f3, luego que su conductor fuera identificado mientras conduc\u00eda bajo los efectos del alcohol. El procedimiento estuvo a cargo de personal policial de la Divisi\u00f3n Comando Radioel\u00e9ctrico Cutral C\u00f3 &#8211; Plaza Huincul.<\/p>\n\n\n\n<p>Ocurri\u00f3 minutos antes de las 3 de la ma\u00f1ana, cuando efectivos de la mencionada Dependencia Policial que realizaban un operativo de prevenci\u00f3n, se dispusieron a identificar a un automovilista, que tras percatarse de la presencia policial evadi\u00f3 el control, para luego darse r\u00e1pidamente a la fuga.<\/p>\n\n\n\n<p>De inmediato los uniformados implementaron un operativo, que permiti\u00f3 cercar al automovilista en la intersecci\u00f3n de las calles Cari Lauquen y Lago Espejo del barrio Parque Este.<\/p>\n\n\n\n<p>En ese lugar, el personal policial identific\u00f3 al conductor, un joven de 26 a\u00f1os que evidenciaba signos de ingesta alcoh\u00f3lica, por lo que le realizaron el test de alcoholemia, permitiendo conocer que manejaba con 1,97 gramos por litro de alcohol en sangre.<\/p>\n\n\n\n<p>El joven conductor, carec\u00eda adem\u00e1s de la documentaci\u00f3n del veh\u00edculo y seguro obligatorio, por lo que se procedi\u00f3 con el secuestro del Chevrolet Corsa que conduc\u00eda.<\/p>\n","protected":false},"excerpt":{"rendered":"<p>Un veh\u00edculo fue secuestrado esta madrugada en la ciudad de Cutral C\u00f3, luego que su conductor fuera identificado mientras conduc\u00eda bajo los efectos del alcohol. El procedimiento estuvo a cargo de personal policial de la Divisi\u00f3n Comando Radioel\u00e9ctrico Cutral C\u00f3 &#8211; Plaza Huincul. Ocurri\u00f3 minutos antes de las 3 de la ma\u00f1ana, cuando efectivos de [&hellip;]<\/p>\n","protected":false},"author":11,"featured_media":11333,"comment_status":"open","ping_status":"open","sticky":false,"template":"","format":"standard","meta":{"site-sidebar-layout":"default","site-content-layout":"","ast-site-content-layout":"","site-content-style":"default","site-sidebar-style":"default","ast-global-header-display":"","ast-banner-title-visibility":"","ast-main-header-display":"","ast-hfb-above-header-display":"","ast-hfb-below-header-display":"","ast-hfb-mobile-header-display":"","site-post-title":"","ast-breadcrumbs-content":"","ast-featured-img":"","footer-sml-layout":"","theme-transparent-header-meta":"","adv-header-id-meta":"","stick-header-meta":"","header-above-stick-meta":"","header-main-stick-meta":"","header-below-stick-meta":"","astra-migrate-meta-layouts":"default","ast-page-background-enabled":"default","ast-page-background-meta":{"desktop":{"background-color":"","background-image":"","background-repeat":"repeat","background-position":"center center","background-size":"auto","background-attachment":"scroll","background-type":"","background-media":"","overlay-type":"","overlay-color":"","overlay-opacity":"","overlay-gradient":""},"tablet":{"background-color":"","background-image":"","background-repeat":"repeat","background-position":"center center","background-size":"auto","background-attachment":"scroll","background-type":"","background-media":"","overlay-type":"","overlay-color":"","overlay-opacity":"","overlay-gradient":""},"mobile":{"background-color":"","background-image":"","background-repeat":"repeat","background-position":"center center","background-size":"auto","background-attachment":"scroll","background-type":"","background-media":"","overlay-type":"","overlay-color":"","overlay-opacity":"","overlay-gradient":""}},"ast-content-background-meta":{"desktop":{"background-color":"var(--ast-global-color-5)","background-image":"","background-repeat":"repeat","background-position":"center center","background-size":"auto","background-attachment":"scroll","background-type":"","background-media":"","overlay-type":"","overlay-color":"","overlay-opacity":"","overlay-gradient":""},"tablet":{"background-color":"var(--ast-global-color-5)","background-image":"","background-repeat":"repeat","background-position":"center center","background-size":"auto","background-attachment":"scroll","background-type":"","background-media":"","overlay-type":"","overlay-color":"","overlay-opacity":"","overlay-gradient":""},"mobile":{"background-color":"var(--ast-global-color-5)","background-image":"","background-repeat":"repeat","background-position":"center center","background-size":"auto","background-attachment":"scroll","background-type":"","background-media":"","overlay-type":"","overlay-color":"","overlay-opacity":"","overlay-gradient":""}},"footnotes":""},"categories":[1],"tags":[],"class_list":["post-11332","post","type-post","status-publish","format-standard","has-post-thumbnail","hentry","category-sin-categorizar"],"jetpack_featured_media_url":"https:\/\/www.policiadelneuquen.gob.ar\/wp-content\/uploads\/2021\/09\/corsa.jpg","_links":{"self":[{"href":"https:\/\/www.policiadelneuquen.gob.ar\/index.php\/wp-json\/wp\/v2\/posts\/11332","targetHints":{"allow":["GET"]}}],"collection":[{"href":"https:\/\/www.policiadelneuquen.gob.ar\/index.php\/wp-json\/wp\/v2\/posts"}],"about":[{"href":"https:\/\/www.policiadelneuquen.gob.ar\/index.php\/wp-json\/wp\/v2\/types\/post"}],"author":[{"embeddable":true,"href":"https:\/\/www.policiadelneuquen.gob.ar\/index.php\/wp-json\/wp\/v2\/users\/11"}],"replies":[{"embeddable":true,"href":"https:\/\/www.policiadelneuquen.gob.ar\/index.php\/wp-json\/wp\/v2\/comments?post=11332"}],"version-history":[{"count":1,"href":"https:\/\/www.policiadelneuquen.gob.ar\/index.php\/wp-json\/wp\/v2\/posts\/11332\/revisions"}],"predecessor-version":[{"id":11334,"href":"https:\/\/www.policiadelneuquen.gob.ar\/index.php\/wp-json\/wp\/v2\/posts\/11332\/revisions\/11334"}],"wp:featuredmedia":[{"embeddable":true,"href":"https:\/\/www.policiadelneuquen.gob.ar\/index.php\/wp-json\/wp\/v2\/media\/11333"}],"wp:attachment":[{"href":"https:\/\/www.policiadelneuquen.gob.ar\/index.php\/wp-json\/wp\/v2\/media?parent=11332"}],"wp:term":[{"taxonomy":"category","embeddable":true,"href":"https:\/\/www.policiadelneuquen.gob.ar\/index.php\/wp-json\/wp\/v2\/categories?post=11332"},{"taxonomy":"post_tag","embeddable":true,"href":"https:\/\/www.policiadelneuquen.gob.ar\/index.php\/wp-json\/wp\/v2\/tags?post=11332"}],"curies":[{"name":"wp","href":"https:\/\/api.w.org\/{rel}","templated":true}]}}