{"id":11345,"date":"2021-09-27T09:19:40","date_gmt":"2021-09-27T12:19:40","guid":{"rendered":"https:\/\/www.policiadelneuquen.gob.ar\/?p=11345"},"modified":"2021-09-27T09:20:38","modified_gmt":"2021-09-27T12:20:38","slug":"0915-cria-16-demorados-por-tenencia-ilegal-de-arma-de-fuego","status":"publish","type":"post","link":"https:\/\/www.policiadelneuquen.gob.ar\/index.php\/0915-cria-16-demorados-por-tenencia-ilegal-de-arma-de-fuego\/","title":{"rendered":"09:15 CR\u00cdA 16\u00b0: demorados por tenencia ilegal de arma de fuego"},"content":{"rendered":"\t\t<div data-elementor-type=\"wp-post\" data-elementor-id=\"11345\" class=\"elementor elementor-11345\">\n\t\t\t\t\t\t<section class=\"elementor-section elementor-top-section elementor-element elementor-element-60433ed elementor-section-boxed elementor-section-height-default elementor-section-height-default\" data-id=\"60433ed\" data-element_type=\"section\" data-e-type=\"section\">\n\t\t\t\t\t\t<div class=\"elementor-container elementor-column-gap-default\">\n\t\t\t\t\t<div class=\"elementor-column elementor-col-100 elementor-top-column elementor-element elementor-element-2d75088f\" data-id=\"2d75088f\" data-element_type=\"column\" data-e-type=\"column\">\n\t\t\t<div class=\"elementor-widget-wrap elementor-element-populated\">\n\t\t\t\t\t\t<div class=\"elementor-element elementor-element-50917946 elementor-widget elementor-widget-text-editor\" data-id=\"50917946\" data-element_type=\"widget\" data-e-type=\"widget\" data-widget_type=\"text-editor.default\">\n\t\t\t\t<div class=\"elementor-widget-container\">\n\t\t\t\t\t\t\t\t\t\n<p>Dos j\u00f3venes de 24 y 26 a\u00f1os fueron demorados en la tarde del s\u00e1bado&nbsp;(25-09) por efectivos de Comisar\u00eda 16\u00b0, quienes se hab\u00edan dado a la fuga del personal policial, secuestrando un arma de fuego que arrojaron en la v\u00eda p\u00fablica y preventivamente la motocicleta en la que se trasladaban.<\/p>\n\n\n\n<p>Todo comenz\u00f3 cuando personal de esa Unidad realizaba tareas preventivas en el oeste de la ciudad.&nbsp;&nbsp;Al circular por calle El Cholar y 12 de septiembre, observaron a dos personas en una moto, en donde uno de ellos descendi\u00f3, pero al percatarse de la presencia policial intent\u00f3 subirse al birrodado, aunque el conductor de la misma al ver la situaci\u00f3n se dio a la fuga, dejando abandonado a su compa\u00f1ero, quien fue inmediatamente aprehendido por personal de bicipolic\u00edas de la Unidad.<\/p>\n\n\n\n<p>En tanto, otro de los m\u00f3viles sali\u00f3 en procura del otro sujeto, el cual luego de efectuar un recorrido cruzando la Ruta 22, ingreso al B\u00b0 Valentina Sur, siendo Jurisdicci\u00f3n de Comisar\u00eda 44\u00b0. El joven en su huida arroj\u00f3 un elemento en el suelo, para luego dejar la moto e intentar fugarse a pie, siendo demorado por el personal interviniente.<\/p>\n\n\n\n<p>Se realiz\u00f3 una inspecci\u00f3n ocular en la zona, logrando ubicar all\u00ed un arma de fuego, siendo un rev\u00f3lver calibre 38 con municiones en su interior. En ese instante, desde todas direcciones comenzaron a arrojar elementos contundentes contra el personal policial, por cuanto debieron trasladarse a Comisar\u00eda 16\u00b0, a fin de resguardar la integridad f\u00edsica del demorado, los efectivos y evitar da\u00f1os en los m\u00f3viles.<\/p>\n\n\n\n<p>Cabe mencionar que la moto marca Honda XR 125cc., en la que se trasladaban los sujetos carec\u00eda de dominio, por cuanto fue secuestrada de manera preventiva, siendo trasladada por la gr\u00faa de la Direcci\u00f3n Tr\u00e1nsito.<\/p>\n\t\t\t\t\t\t\t\t<\/div>\n\t\t\t\t<\/div>\n\t\t\t\t\t<\/div>\n\t\t<\/div>\n\t\t\t\t\t<\/div>\n\t\t<\/section>\n\t\t\t\t<section class=\"elementor-section elementor-top-section elementor-element elementor-element-1058bc8 elementor-section-boxed elementor-section-height-default elementor-section-height-default\" data-id=\"1058bc8\" data-element_type=\"section\" data-e-type=\"section\">\n\t\t\t\t\t\t<div class=\"elementor-container elementor-column-gap-default\">\n\t\t\t\t\t<div class=\"elementor-column elementor-col-100 elementor-top-column elementor-element elementor-element-1fee079\" data-id=\"1fee079\" data-element_type=\"column\" data-e-type=\"column\">\n\t\t\t<div class=\"elementor-widget-wrap elementor-element-populated\">\n\t\t\t\t\t\t<div class=\"elementor-element elementor-element-8c541d0 elementor-widget elementor-widget-image-gallery\" data-id=\"8c541d0\" data-element_type=\"widget\" data-e-type=\"widget\" data-widget_type=\"image-gallery.default\">\n\t\t\t\t<div class=\"elementor-widget-container\">\n\t\t\t\t\t\t\t<div class=\"elementor-image-gallery\">\n\t\t\t<div id='gallery-1' class='gallery galleryid-11345 gallery-columns-1 gallery-size-thumbnail'><figure class='gallery-item'>\n\t\t\t<div class='gallery-icon landscape'>\n\t\t\t\t<a data-elementor-open-lightbox=\"yes\" data-elementor-lightbox-slideshow=\"8c541d0\" data-elementor-lightbox-title=\"cria 16-1 (1)\" data-e-action-hash=\"#elementor-action%3Aaction%3Dlightbox%26settings%3DeyJpZCI6MTEzNDYsInVybCI6Imh0dHBzOlwvXC93d3cucG9saWNpYWRlbG5ldXF1ZW4uZ29iLmFyXC93cC1jb250ZW50XC91cGxvYWRzXC8yMDIxXC8wOVwvY3JpYS0xNi0xLTEuanBlZyIsInNsaWRlc2hvdyI6IjhjNTQxZDAifQ%3D%3D\" href='https:\/\/www.policiadelneuquen.gob.ar\/wp-content\/uploads\/2021\/09\/cria-16-1-1.jpeg'><img decoding=\"async\" width=\"150\" height=\"150\" src=\"https:\/\/www.policiadelneuquen.gob.ar\/wp-content\/uploads\/2021\/09\/cria-16-1-1-150x150.jpeg\" class=\"attachment-thumbnail size-thumbnail\" alt=\"\" srcset=\"https:\/\/www.policiadelneuquen.gob.ar\/wp-content\/uploads\/2021\/09\/cria-16-1-1-150x150.jpeg 150w, https:\/\/www.policiadelneuquen.gob.ar\/wp-content\/uploads\/2021\/09\/cria-16-1-1-250x250.jpeg 250w\" sizes=\"(max-width: 150px) 100vw, 150px\" \/><\/a>\n\t\t\t<\/div><\/figure>\n\t\t<\/div>\n\t\t<\/div>\n\t\t\t\t\t\t<\/div>\n\t\t\t\t<\/div>\n\t\t\t\t\t<\/div>\n\t\t<\/div>\n\t\t\t\t\t<\/div>\n\t\t<\/section>\n\t\t\t\t<\/div>\n\t\t","protected":false},"excerpt":{"rendered":"<p>Dos j\u00f3venes de 24 y 26 a\u00f1os fueron demorados en la tarde del s\u00e1bado&nbsp;(25-09) por efectivos de Comisar\u00eda 16\u00b0, quienes se hab\u00edan dado a la fuga del personal policial, secuestrando un arma de fuego que arrojaron en la v\u00eda p\u00fablica y preventivamente la motocicleta en la que se trasladaban. Todo comenz\u00f3 cuando personal de esa [&hellip;]<\/p>\n","protected":false},"author":6,"featured_media":11347,"comment_status":"open","ping_status":"open","sticky":false,"template":"","format":"standard","meta":{"site-sidebar-layout":"default","site-content-layout":"","ast-site-content-layout":"","site-content-style":"default","site-sidebar-style":"default","ast-global-header-display":"","ast-banner-title-visibility":"","ast-main-header-display":"","ast-hfb-above-header-display":"","ast-hfb-below-header-display":"","ast-hfb-mobile-header-display":"","site-post-title":"","ast-breadcrumbs-content":"","ast-featured-img":"","footer-sml-layout":"","theme-transparent-header-meta":"","adv-header-id-meta":"","stick-header-meta":"","header-above-stick-meta":"","header-main-stick-meta":"","header-below-stick-meta":"","astra-migrate-meta-layouts":"default","ast-page-background-enabled":"default","ast-page-background-meta":{"desktop":{"background-color":"","background-image":"","background-repeat":"repeat","background-position":"center center","background-size":"auto","background-attachment":"scroll","background-type":"","background-media":"","overlay-type":"","overlay-color":"","overlay-opacity":"","overlay-gradient":""},"tablet":{"background-color":"","background-image":"","background-repeat":"repeat","background-position":"center center","background-size":"auto","background-attachment":"scroll","background-type":"","background-media":"","overlay-type":"","overlay-color":"","overlay-opacity":"","overlay-gradient":""},"mobile":{"background-color":"","background-image":"","background-repeat":"repeat","background-position":"center center","background-size":"auto","background-attachment":"scroll","background-type":"","background-media":"","overlay-type":"","overlay-color":"","overlay-opacity":"","overlay-gradient":""}},"ast-content-background-meta":{"desktop":{"background-color":"var(--ast-global-color-5)","background-image":"","background-repeat":"repeat","background-position":"center center","background-size":"auto","background-attachment":"scroll","background-type":"","background-media":"","overlay-type":"","overlay-color":"","overlay-opacity":"","overlay-gradient":""},"tablet":{"background-color":"var(--ast-global-color-5)","background-image":"","background-repeat":"repeat","background-position":"center center","background-size":"auto","background-attachment":"scroll","background-type":"","background-media":"","overlay-type":"","overlay-color":"","overlay-opacity":"","overlay-gradient":""},"mobile":{"background-color":"var(--ast-global-color-5)","background-image":"","background-repeat":"repeat","background-position":"center center","background-size":"auto","background-attachment":"scroll","background-type":"","background-media":"","overlay-type":"","overlay-color":"","overlay-opacity":"","overlay-gradient":""}},"footnotes":""},"categories":[1],"tags":[],"class_list":["post-11345","post","type-post","status-publish","format-standard","has-post-thumbnail","hentry","category-sin-categorizar"],"jetpack_featured_media_url":"https:\/\/www.policiadelneuquen.gob.ar\/wp-content\/uploads\/2021\/09\/cria-16-2.jpeg","_links":{"self":[{"href":"https:\/\/www.policiadelneuquen.gob.ar\/index.php\/wp-json\/wp\/v2\/posts\/11345","targetHints":{"allow":["GET"]}}],"collection":[{"href":"https:\/\/www.policiadelneuquen.gob.ar\/index.php\/wp-json\/wp\/v2\/posts"}],"about":[{"href":"https:\/\/www.policiadelneuquen.gob.ar\/index.php\/wp-json\/wp\/v2\/types\/post"}],"author":[{"embeddable":true,"href":"https:\/\/www.policiadelneuquen.gob.ar\/index.php\/wp-json\/wp\/v2\/users\/6"}],"replies":[{"embeddable":true,"href":"https:\/\/www.policiadelneuquen.gob.ar\/index.php\/wp-json\/wp\/v2\/comments?post=11345"}],"version-history":[{"count":7,"href":"https:\/\/www.policiadelneuquen.gob.ar\/index.php\/wp-json\/wp\/v2\/posts\/11345\/revisions"}],"predecessor-version":[{"id":11354,"href":"https:\/\/www.policiadelneuquen.gob.ar\/index.php\/wp-json\/wp\/v2\/posts\/11345\/revisions\/11354"}],"wp:featuredmedia":[{"embeddable":true,"href":"https:\/\/www.policiadelneuquen.gob.ar\/index.php\/wp-json\/wp\/v2\/media\/11347"}],"wp:attachment":[{"href":"https:\/\/www.policiadelneuquen.gob.ar\/index.php\/wp-json\/wp\/v2\/media?parent=11345"}],"wp:term":[{"taxonomy":"category","embeddable":true,"href":"https:\/\/www.policiadelneuquen.gob.ar\/index.php\/wp-json\/wp\/v2\/categories?post=11345"},{"taxonomy":"post_tag","embeddable":true,"href":"https:\/\/www.policiadelneuquen.gob.ar\/index.php\/wp-json\/wp\/v2\/tags?post=11345"}],"curies":[{"name":"wp","href":"https:\/\/api.w.org\/{rel}","templated":true}]}}