{"id":11361,"date":"2021-09-27T09:31:36","date_gmt":"2021-09-27T12:31:36","guid":{"rendered":"https:\/\/www.policiadelneuquen.gob.ar\/?p=11361"},"modified":"2021-09-27T09:32:38","modified_gmt":"2021-09-27T12:32:38","slug":"0927-dbn-bomberos-socorrieron-a-una-joven-atrapada-en-un-ascensor","status":"publish","type":"post","link":"https:\/\/www.policiadelneuquen.gob.ar\/index.php\/0927-dbn-bomberos-socorrieron-a-una-joven-atrapada-en-un-ascensor\/","title":{"rendered":"09:27 DBN: Bomberos socorrieron a una joven atrapada en un ascensor"},"content":{"rendered":"\t\t<div data-elementor-type=\"wp-post\" data-elementor-id=\"11361\" class=\"elementor elementor-11361\">\n\t\t\t\t\t\t<section class=\"elementor-section elementor-top-section elementor-element elementor-element-362ff26 elementor-section-boxed elementor-section-height-default elementor-section-height-default\" data-id=\"362ff26\" data-element_type=\"section\" data-e-type=\"section\">\n\t\t\t\t\t\t<div class=\"elementor-container elementor-column-gap-default\">\n\t\t\t\t\t<div class=\"elementor-column elementor-col-100 elementor-top-column elementor-element elementor-element-6c751d90\" data-id=\"6c751d90\" data-element_type=\"column\" data-e-type=\"column\">\n\t\t\t<div class=\"elementor-widget-wrap elementor-element-populated\">\n\t\t\t\t\t\t<div class=\"elementor-element elementor-element-6e540305 elementor-widget elementor-widget-text-editor\" data-id=\"6e540305\" data-element_type=\"widget\" data-e-type=\"widget\" data-widget_type=\"text-editor.default\">\n\t\t\t\t<div class=\"elementor-widget-container\">\n\t\t\t\t\t\t\t\t\t\n<p>&nbsp;Una joven mujer fue rescatada de un ascensor sin suministro el\u00e9ctrico, en la ma\u00f1ana de ayer (26\/09), por personal de Bomberos de la Polic\u00eda del Neuqu\u00e9n con servicio en el Cuartel Central.<\/p>\n\n\n\n<p>Poco despu\u00e9s de las ocho de la ma\u00f1ana, los uniformados fueron alertados del hecho en un edificio ubicado en calle San Mart\u00edn de la ciudad de Neuqu\u00e9n, por lo que una dotaci\u00f3n sali\u00f3 urgente al lugar, donde estudiaron de manera r\u00e1pida y audaz el lugar para montar el operativo que les permitiera socorrer a la adolescente atrapada entre los pisos 8 y 9.<\/p>\n\n\n\n<p>Finalmente, mediante la utilizaci\u00f3n de las herramientas necesarias, la joven fue liberada y puesta a salvo, gracias al eficiente trabajo que realizaron los Bomberos.<\/p>\n\t\t\t\t\t\t\t\t<\/div>\n\t\t\t\t<\/div>\n\t\t\t\t\t<\/div>\n\t\t<\/div>\n\t\t\t\t\t<\/div>\n\t\t<\/section>\n\t\t\t\t<section class=\"elementor-section elementor-top-section elementor-element elementor-element-9f099a2 elementor-section-boxed elementor-section-height-default elementor-section-height-default\" data-id=\"9f099a2\" data-element_type=\"section\" data-e-type=\"section\">\n\t\t\t\t\t\t<div class=\"elementor-container elementor-column-gap-default\">\n\t\t\t\t\t<div class=\"elementor-column elementor-col-100 elementor-top-column elementor-element elementor-element-1846a08\" data-id=\"1846a08\" data-element_type=\"column\" data-e-type=\"column\">\n\t\t\t<div class=\"elementor-widget-wrap elementor-element-populated\">\n\t\t\t\t\t\t<div class=\"elementor-element elementor-element-019c690 elementor-widget elementor-widget-image-gallery\" data-id=\"019c690\" data-element_type=\"widget\" data-e-type=\"widget\" data-widget_type=\"image-gallery.default\">\n\t\t\t\t<div class=\"elementor-widget-container\">\n\t\t\t\t\t\t\t<div class=\"elementor-image-gallery\">\n\t\t\t<div id='gallery-1' class='gallery galleryid-11361 gallery-columns-2 gallery-size-thumbnail'><figure class='gallery-item'>\n\t\t\t<div class='gallery-icon portrait'>\n\t\t\t\t<a data-elementor-open-lightbox=\"yes\" data-elementor-lightbox-slideshow=\"019c690\" data-elementor-lightbox-title=\"bomberos (2)\" data-e-action-hash=\"#elementor-action%3Aaction%3Dlightbox%26settings%3DeyJpZCI6MTEzNjMsInVybCI6Imh0dHBzOlwvXC93d3cucG9saWNpYWRlbG5ldXF1ZW4uZ29iLmFyXC93cC1jb250ZW50XC91cGxvYWRzXC8yMDIxXC8wOVwvYm9tYmVyb3MtMi5qcGVnIiwic2xpZGVzaG93IjoiMDE5YzY5MCJ9\" href='https:\/\/www.policiadelneuquen.gob.ar\/wp-content\/uploads\/2021\/09\/bomberos-2.jpeg'><img decoding=\"async\" width=\"150\" height=\"150\" src=\"https:\/\/www.policiadelneuquen.gob.ar\/wp-content\/uploads\/2021\/09\/bomberos-2-150x150.jpeg\" class=\"attachment-thumbnail size-thumbnail\" alt=\"\" srcset=\"https:\/\/www.policiadelneuquen.gob.ar\/wp-content\/uploads\/2021\/09\/bomberos-2-150x150.jpeg 150w, https:\/\/www.policiadelneuquen.gob.ar\/wp-content\/uploads\/2021\/09\/bomberos-2-250x250.jpeg 250w\" sizes=\"(max-width: 150px) 100vw, 150px\" \/><\/a>\n\t\t\t<\/div><\/figure><figure class='gallery-item'>\n\t\t\t<div class='gallery-icon landscape'>\n\t\t\t\t<a data-elementor-open-lightbox=\"yes\" data-elementor-lightbox-slideshow=\"019c690\" data-elementor-lightbox-title=\"bomberos (1)\" data-e-action-hash=\"#elementor-action%3Aaction%3Dlightbox%26settings%3DeyJpZCI6MTEzNjQsInVybCI6Imh0dHBzOlwvXC93d3cucG9saWNpYWRlbG5ldXF1ZW4uZ29iLmFyXC93cC1jb250ZW50XC91cGxvYWRzXC8yMDIxXC8wOVwvYm9tYmVyb3MtMS5qcGVnIiwic2xpZGVzaG93IjoiMDE5YzY5MCJ9\" href='https:\/\/www.policiadelneuquen.gob.ar\/wp-content\/uploads\/2021\/09\/bomberos-1.jpeg'><img decoding=\"async\" width=\"150\" height=\"150\" src=\"https:\/\/www.policiadelneuquen.gob.ar\/wp-content\/uploads\/2021\/09\/bomberos-1-150x150.jpeg\" class=\"attachment-thumbnail size-thumbnail\" alt=\"\" srcset=\"https:\/\/www.policiadelneuquen.gob.ar\/wp-content\/uploads\/2021\/09\/bomberos-1-150x150.jpeg 150w, https:\/\/www.policiadelneuquen.gob.ar\/wp-content\/uploads\/2021\/09\/bomberos-1-250x250.jpeg 250w\" sizes=\"(max-width: 150px) 100vw, 150px\" \/><\/a>\n\t\t\t<\/div><\/figure>\n\t\t<\/div>\n\t\t<\/div>\n\t\t\t\t\t\t<\/div>\n\t\t\t\t<\/div>\n\t\t\t\t\t<\/div>\n\t\t<\/div>\n\t\t\t\t\t<\/div>\n\t\t<\/section>\n\t\t\t\t<\/div>\n\t\t","protected":false},"excerpt":{"rendered":"<p>&nbsp;Una joven mujer fue rescatada de un ascensor sin suministro el\u00e9ctrico, en la ma\u00f1ana de ayer (26\/09), por personal de Bomberos de la Polic\u00eda del Neuqu\u00e9n con servicio en el Cuartel Central. Poco despu\u00e9s de las ocho de la ma\u00f1ana, los uniformados fueron alertados del hecho en un edificio ubicado en calle San Mart\u00edn de [&hellip;]<\/p>\n","protected":false},"author":6,"featured_media":11362,"comment_status":"open","ping_status":"open","sticky":false,"template":"","format":"standard","meta":{"site-sidebar-layout":"default","site-content-layout":"","ast-site-content-layout":"","site-content-style":"default","site-sidebar-style":"default","ast-global-header-display":"","ast-banner-title-visibility":"","ast-main-header-display":"","ast-hfb-above-header-display":"","ast-hfb-below-header-display":"","ast-hfb-mobile-header-display":"","site-post-title":"","ast-breadcrumbs-content":"","ast-featured-img":"","footer-sml-layout":"","theme-transparent-header-meta":"","adv-header-id-meta":"","stick-header-meta":"","header-above-stick-meta":"","header-main-stick-meta":"","header-below-stick-meta":"","astra-migrate-meta-layouts":"default","ast-page-background-enabled":"default","ast-page-background-meta":{"desktop":{"background-color":"","background-image":"","background-repeat":"repeat","background-position":"center center","background-size":"auto","background-attachment":"scroll","background-type":"","background-media":"","overlay-type":"","overlay-color":"","overlay-opacity":"","overlay-gradient":""},"tablet":{"background-color":"","background-image":"","background-repeat":"repeat","background-position":"center center","background-size":"auto","background-attachment":"scroll","background-type":"","background-media":"","overlay-type":"","overlay-color":"","overlay-opacity":"","overlay-gradient":""},"mobile":{"background-color":"","background-image":"","background-repeat":"repeat","background-position":"center center","background-size":"auto","background-attachment":"scroll","background-type":"","background-media":"","overlay-type":"","overlay-color":"","overlay-opacity":"","overlay-gradient":""}},"ast-content-background-meta":{"desktop":{"background-color":"var(--ast-global-color-5)","background-image":"","background-repeat":"repeat","background-position":"center center","background-size":"auto","background-attachment":"scroll","background-type":"","background-media":"","overlay-type":"","overlay-color":"","overlay-opacity":"","overlay-gradient":""},"tablet":{"background-color":"var(--ast-global-color-5)","background-image":"","background-repeat":"repeat","background-position":"center center","background-size":"auto","background-attachment":"scroll","background-type":"","background-media":"","overlay-type":"","overlay-color":"","overlay-opacity":"","overlay-gradient":""},"mobile":{"background-color":"var(--ast-global-color-5)","background-image":"","background-repeat":"repeat","background-position":"center center","background-size":"auto","background-attachment":"scroll","background-type":"","background-media":"","overlay-type":"","overlay-color":"","overlay-opacity":"","overlay-gradient":""}},"footnotes":""},"categories":[1],"tags":[],"class_list":["post-11361","post","type-post","status-publish","format-standard","has-post-thumbnail","hentry","category-sin-categorizar"],"jetpack_featured_media_url":"https:\/\/www.policiadelneuquen.gob.ar\/wp-content\/uploads\/2021\/09\/bomberos-3.jpeg","_links":{"self":[{"href":"https:\/\/www.policiadelneuquen.gob.ar\/index.php\/wp-json\/wp\/v2\/posts\/11361","targetHints":{"allow":["GET"]}}],"collection":[{"href":"https:\/\/www.policiadelneuquen.gob.ar\/index.php\/wp-json\/wp\/v2\/posts"}],"about":[{"href":"https:\/\/www.policiadelneuquen.gob.ar\/index.php\/wp-json\/wp\/v2\/types\/post"}],"author":[{"embeddable":true,"href":"https:\/\/www.policiadelneuquen.gob.ar\/index.php\/wp-json\/wp\/v2\/users\/6"}],"replies":[{"embeddable":true,"href":"https:\/\/www.policiadelneuquen.gob.ar\/index.php\/wp-json\/wp\/v2\/comments?post=11361"}],"version-history":[{"count":4,"href":"https:\/\/www.policiadelneuquen.gob.ar\/index.php\/wp-json\/wp\/v2\/posts\/11361\/revisions"}],"predecessor-version":[{"id":11368,"href":"https:\/\/www.policiadelneuquen.gob.ar\/index.php\/wp-json\/wp\/v2\/posts\/11361\/revisions\/11368"}],"wp:featuredmedia":[{"embeddable":true,"href":"https:\/\/www.policiadelneuquen.gob.ar\/index.php\/wp-json\/wp\/v2\/media\/11362"}],"wp:attachment":[{"href":"https:\/\/www.policiadelneuquen.gob.ar\/index.php\/wp-json\/wp\/v2\/media?parent=11361"}],"wp:term":[{"taxonomy":"category","embeddable":true,"href":"https:\/\/www.policiadelneuquen.gob.ar\/index.php\/wp-json\/wp\/v2\/categories?post=11361"},{"taxonomy":"post_tag","embeddable":true,"href":"https:\/\/www.policiadelneuquen.gob.ar\/index.php\/wp-json\/wp\/v2\/tags?post=11361"}],"curies":[{"name":"wp","href":"https:\/\/api.w.org\/{rel}","templated":true}]}}