{"id":12175,"date":"2021-10-17T13:01:44","date_gmt":"2021-10-17T16:01:44","guid":{"rendered":"https:\/\/www.policiadelneuquen.gob.ar\/?p=12175"},"modified":"2021-10-17T13:01:49","modified_gmt":"2021-10-17T16:01:49","slug":"cutral-co-secuestran-automovil-por-falta-de-documentacion-y-alcoholemia-positiva","status":"publish","type":"post","link":"https:\/\/www.policiadelneuquen.gob.ar\/index.php\/cutral-co-secuestran-automovil-por-falta-de-documentacion-y-alcoholemia-positiva\/","title":{"rendered":"CUTRAL C\u00d3: Secuestran autom\u00f3vil por falta de documentaci\u00f3n y alcoholemia positiva."},"content":{"rendered":"\n<p>Personal dependiente de la Direcci\u00f3n Seguridad Interior Cutral C\u00f3, secuestr\u00f3 ayer (16\/10), un autom\u00f3vil por falta de documentaci\u00f3n y alcoholemia positiva.<\/p>\n\n\n\n<p>El hecho surgi\u00f3 minutos despu\u00e9s de las 23:15, cuando polic\u00edas que realizaban patrullaje preventivo por calles C\u00f3rdoba e Irigoyen, observaron a un conductor maniobrar su autom\u00f3vil Fiat Siena color blanco en actitud sospechosa.<\/p>\n\n\n\n<p>Ante esta situaci\u00f3n decidiendo identificarlo, al momento de solicitar la documentaci\u00f3n, el sujeto de 42 a\u00f1os que lo conduc\u00eda manifest\u00f3 que carec\u00eda de la misma, como as\u00ed, los uniformados notaron que estaba en presunto estado de ebriedad, por lo que solicitaron la presencia de sus pares de Tr\u00e1nsito, quienes luego de realizar el test, constataron el resultado positivo de 1,70 g\/l.<\/p>\n\n\n\n<p>Como consecuencia, procedieron a infracci\u00f3n al conductor, secuestrar el autom\u00f3vil siendo luego trasladado a divisi\u00f3n tr\u00e1nsito, quedando a disposici\u00f3n del Tribunal Municipal de Faltas local.<\/p>\n","protected":false},"excerpt":{"rendered":"<p>Personal dependiente de la Direcci\u00f3n Seguridad Interior Cutral C\u00f3, secuestr\u00f3 ayer (16\/10), un autom\u00f3vil por falta de documentaci\u00f3n y alcoholemia positiva. El hecho surgi\u00f3 minutos despu\u00e9s de las 23:15, cuando polic\u00edas que realizaban patrullaje preventivo por calles C\u00f3rdoba e Irigoyen, observaron a un conductor maniobrar su autom\u00f3vil Fiat Siena color blanco en actitud sospechosa. Ante [&hellip;]<\/p>\n","protected":false},"author":14,"featured_media":12176,"comment_status":"open","ping_status":"open","sticky":false,"template":"","format":"standard","meta":{"site-sidebar-layout":"default","site-content-layout":"","ast-site-content-layout":"","site-content-style":"default","site-sidebar-style":"default","ast-global-header-display":"","ast-banner-title-visibility":"","ast-main-header-display":"","ast-hfb-above-header-display":"","ast-hfb-below-header-display":"","ast-hfb-mobile-header-display":"","site-post-title":"","ast-breadcrumbs-content":"","ast-featured-img":"","footer-sml-layout":"","theme-transparent-header-meta":"","adv-header-id-meta":"","stick-header-meta":"","header-above-stick-meta":"","header-main-stick-meta":"","header-below-stick-meta":"","astra-migrate-meta-layouts":"default","ast-page-background-enabled":"default","ast-page-background-meta":{"desktop":{"background-color":"","background-image":"","background-repeat":"repeat","background-position":"center center","background-size":"auto","background-attachment":"scroll","background-type":"","background-media":"","overlay-type":"","overlay-color":"","overlay-opacity":"","overlay-gradient":""},"tablet":{"background-color":"","background-image":"","background-repeat":"repeat","background-position":"center center","background-size":"auto","background-attachment":"scroll","background-type":"","background-media":"","overlay-type":"","overlay-color":"","overlay-opacity":"","overlay-gradient":""},"mobile":{"background-color":"","background-image":"","background-repeat":"repeat","background-position":"center center","background-size":"auto","background-attachment":"scroll","background-type":"","background-media":"","overlay-type":"","overlay-color":"","overlay-opacity":"","overlay-gradient":""}},"ast-content-background-meta":{"desktop":{"background-color":"var(--ast-global-color-5)","background-image":"","background-repeat":"repeat","background-position":"center center","background-size":"auto","background-attachment":"scroll","background-type":"","background-media":"","overlay-type":"","overlay-color":"","overlay-opacity":"","overlay-gradient":""},"tablet":{"background-color":"var(--ast-global-color-5)","background-image":"","background-repeat":"repeat","background-position":"center center","background-size":"auto","background-attachment":"scroll","background-type":"","background-media":"","overlay-type":"","overlay-color":"","overlay-opacity":"","overlay-gradient":""},"mobile":{"background-color":"var(--ast-global-color-5)","background-image":"","background-repeat":"repeat","background-position":"center center","background-size":"auto","background-attachment":"scroll","background-type":"","background-media":"","overlay-type":"","overlay-color":"","overlay-opacity":"","overlay-gradient":""}},"footnotes":""},"categories":[1],"tags":[],"class_list":["post-12175","post","type-post","status-publish","format-standard","has-post-thumbnail","hentry","category-sin-categorizar"],"jetpack_featured_media_url":"https:\/\/www.policiadelneuquen.gob.ar\/wp-content\/uploads\/2021\/10\/auto.jpeg","_links":{"self":[{"href":"https:\/\/www.policiadelneuquen.gob.ar\/index.php\/wp-json\/wp\/v2\/posts\/12175","targetHints":{"allow":["GET"]}}],"collection":[{"href":"https:\/\/www.policiadelneuquen.gob.ar\/index.php\/wp-json\/wp\/v2\/posts"}],"about":[{"href":"https:\/\/www.policiadelneuquen.gob.ar\/index.php\/wp-json\/wp\/v2\/types\/post"}],"author":[{"embeddable":true,"href":"https:\/\/www.policiadelneuquen.gob.ar\/index.php\/wp-json\/wp\/v2\/users\/14"}],"replies":[{"embeddable":true,"href":"https:\/\/www.policiadelneuquen.gob.ar\/index.php\/wp-json\/wp\/v2\/comments?post=12175"}],"version-history":[{"count":2,"href":"https:\/\/www.policiadelneuquen.gob.ar\/index.php\/wp-json\/wp\/v2\/posts\/12175\/revisions"}],"predecessor-version":[{"id":12178,"href":"https:\/\/www.policiadelneuquen.gob.ar\/index.php\/wp-json\/wp\/v2\/posts\/12175\/revisions\/12178"}],"wp:featuredmedia":[{"embeddable":true,"href":"https:\/\/www.policiadelneuquen.gob.ar\/index.php\/wp-json\/wp\/v2\/media\/12176"}],"wp:attachment":[{"href":"https:\/\/www.policiadelneuquen.gob.ar\/index.php\/wp-json\/wp\/v2\/media?parent=12175"}],"wp:term":[{"taxonomy":"category","embeddable":true,"href":"https:\/\/www.policiadelneuquen.gob.ar\/index.php\/wp-json\/wp\/v2\/categories?post=12175"},{"taxonomy":"post_tag","embeddable":true,"href":"https:\/\/www.policiadelneuquen.gob.ar\/index.php\/wp-json\/wp\/v2\/tags?post=12175"}],"curies":[{"name":"wp","href":"https:\/\/api.w.org\/{rel}","templated":true}]}}