{"id":12187,"date":"2021-10-18T09:07:01","date_gmt":"2021-10-18T12:07:01","guid":{"rendered":"https:\/\/www.policiadelneuquen.gob.ar\/?p=12187"},"modified":"2021-10-18T09:19:39","modified_gmt":"2021-10-18T12:19:39","slug":"0902-cria-18-demorado-secuestro-de-un-arma-de-fuego-y-un-automovil","status":"publish","type":"post","link":"https:\/\/www.policiadelneuquen.gob.ar\/index.php\/0902-cria-18-demorado-secuestro-de-un-arma-de-fuego-y-un-automovil\/","title":{"rendered":"09:02 Cr\u00eda 18\u00b0 Demorado, secuestro de un arma de fuego y un autom\u00f3vil."},"content":{"rendered":"\t\t<div data-elementor-type=\"wp-post\" data-elementor-id=\"12187\" class=\"elementor elementor-12187\">\n\t\t\t\t\t\t<section class=\"elementor-section elementor-top-section elementor-element elementor-element-1742676f elementor-section-boxed elementor-section-height-default elementor-section-height-default\" data-id=\"1742676f\" data-element_type=\"section\" data-e-type=\"section\">\n\t\t\t\t\t\t<div class=\"elementor-container elementor-column-gap-default\">\n\t\t\t\t\t<div class=\"elementor-column elementor-col-100 elementor-top-column elementor-element elementor-element-3410c577\" data-id=\"3410c577\" data-element_type=\"column\" data-e-type=\"column\">\n\t\t\t<div class=\"elementor-widget-wrap elementor-element-populated\">\n\t\t\t\t\t\t<div class=\"elementor-element elementor-element-54b4cec elementor-widget elementor-widget-text-editor\" data-id=\"54b4cec\" data-element_type=\"widget\" data-e-type=\"widget\" data-widget_type=\"text-editor.default\">\n\t\t\t\t<div class=\"elementor-widget-container\">\n\t\t\t\t\t\t\t\t\t\n<h3>El viernes por la noche, personal de Comisar\u00eda 18\u00b0, demor\u00f3 a un hombre y secuestr\u00f3 el veh\u00edculo en el que circulaban por presunta tenencia de arma de fuego, en el ingreso al barrio Z1 en el oeste capitalino.<\/h3>\n<h3><\/h3>\n<h3>Mientras el personal policial realizaba patrullajes divis\u00f3 a un sujeto a bordo de un veh\u00edculo Ford Focus rojo realizar maniobras indebidas y circulando a gran velocidad en inmediaciones a la plaza del barrio, por lo que inmediatamente detuvieron la marcha del autom\u00f3vil.<\/h3>\n<h3><\/h3>\n<h3>En ese momento se le solicit\u00f3 al conductor de 25 a\u00f1os que descendiera del autom\u00f3vil y al abrir la puerta del conductor, el personal logr\u00f3 divisar sobre la parte inferior de la butaca una presunta arma de fuego.<\/h3>\n<h3><\/h3>\n<h3>Inmediatamente el joven fue debidamente identificado y demorado, solicitando la presencia del personal del \u00e1rea judicial para que continuara con el procedimiento.<\/h3>\n<h3><\/h3>\n<h3>Al llegar al lugar personal del \u00e1rea de investigaciones, inform\u00f3 a fiscal\u00eda de Delitos Flagrantes, desde donde se dispuso la demora del hombre y el secuestro del veh\u00edculo, para llevar adelante una requisa en horas de la ma\u00f1ana.<\/h3>\n<h3><\/h3>\n<h3>Al d\u00eda siguiente, y con el veh\u00edculo en la unidad se llev\u00f3 a cabo la requisa vehicular, donde el personal policial logr\u00f3 secuestrar un arma de fuego tipo pistola calibre 22, con su numeraci\u00f3n suprimida y conteniendo 6 cartuchos del mismo calibre.<\/h3>\n\t\t\t\t\t\t\t\t<\/div>\n\t\t\t\t<\/div>\n\t\t\t\t\t<\/div>\n\t\t<\/div>\n\t\t\t\t\t<\/div>\n\t\t<\/section>\n\t\t\t\t<section class=\"elementor-section elementor-top-section elementor-element elementor-element-3d2e2d0 elementor-section-boxed elementor-section-height-default elementor-section-height-default\" data-id=\"3d2e2d0\" data-element_type=\"section\" data-e-type=\"section\">\n\t\t\t\t\t\t<div class=\"elementor-container elementor-column-gap-default\">\n\t\t\t\t\t<div class=\"elementor-column elementor-col-100 elementor-top-column elementor-element elementor-element-4039dd0\" data-id=\"4039dd0\" data-element_type=\"column\" data-e-type=\"column\">\n\t\t\t<div class=\"elementor-widget-wrap elementor-element-populated\">\n\t\t\t\t\t\t<div class=\"elementor-element elementor-element-8af729e elementor-widget elementor-widget-image-gallery\" data-id=\"8af729e\" data-element_type=\"widget\" data-e-type=\"widget\" data-widget_type=\"image-gallery.default\">\n\t\t\t\t<div class=\"elementor-widget-container\">\n\t\t\t\t\t\t\t<div class=\"elementor-image-gallery\">\n\t\t\t<div id='gallery-3' class='gallery galleryid-12187 gallery-columns-2 gallery-size-thumbnail'><figure class='gallery-item'>\n\t\t\t<div class='gallery-icon landscape'>\n\t\t\t\t<a data-elementor-open-lightbox=\"yes\" data-elementor-lightbox-slideshow=\"8af729e\" data-elementor-lightbox-title=\"2\" data-e-action-hash=\"#elementor-action%3Aaction%3Dlightbox%26settings%3DeyJpZCI6MTIxODksInVybCI6Imh0dHBzOlwvXC93d3cucG9saWNpYWRlbG5ldXF1ZW4uZ29iLmFyXC93cC1jb250ZW50XC91cGxvYWRzXC8yMDIxXC8xMFwvSU1HLTIwMjExMDE2LVdBMDAyNi5qcGciLCJzbGlkZXNob3ciOiI4YWY3MjllIn0%3D\" href='https:\/\/www.policiadelneuquen.gob.ar\/wp-content\/uploads\/2021\/10\/IMG-20211016-WA0026.jpg'><img decoding=\"async\" width=\"150\" height=\"150\" src=\"https:\/\/www.policiadelneuquen.gob.ar\/wp-content\/uploads\/2021\/10\/IMG-20211016-WA0026-150x150.jpg\" class=\"attachment-thumbnail size-thumbnail\" alt=\"\" srcset=\"https:\/\/www.policiadelneuquen.gob.ar\/wp-content\/uploads\/2021\/10\/IMG-20211016-WA0026-150x150.jpg 150w, https:\/\/www.policiadelneuquen.gob.ar\/wp-content\/uploads\/2021\/10\/IMG-20211016-WA0026-250x250.jpg 250w\" sizes=\"(max-width: 150px) 100vw, 150px\" \/><\/a>\n\t\t\t<\/div><\/figure><figure class='gallery-item'>\n\t\t\t<div class='gallery-icon landscape'>\n\t\t\t\t<a data-elementor-open-lightbox=\"yes\" data-elementor-lightbox-slideshow=\"8af729e\" data-elementor-lightbox-title=\"3\" data-e-action-hash=\"#elementor-action%3Aaction%3Dlightbox%26settings%3DeyJpZCI6MTIxOTAsInVybCI6Imh0dHBzOlwvXC93d3cucG9saWNpYWRlbG5ldXF1ZW4uZ29iLmFyXC93cC1jb250ZW50XC91cGxvYWRzXC8yMDIxXC8xMFwvSU1HLTIwMjExMDE2LVdBMDAzMC5qcGciLCJzbGlkZXNob3ciOiI4YWY3MjllIn0%3D\" href='https:\/\/www.policiadelneuquen.gob.ar\/wp-content\/uploads\/2021\/10\/IMG-20211016-WA0030.jpg'><img decoding=\"async\" width=\"150\" height=\"150\" src=\"https:\/\/www.policiadelneuquen.gob.ar\/wp-content\/uploads\/2021\/10\/IMG-20211016-WA0030-150x150.jpg\" class=\"attachment-thumbnail size-thumbnail\" alt=\"\" srcset=\"https:\/\/www.policiadelneuquen.gob.ar\/wp-content\/uploads\/2021\/10\/IMG-20211016-WA0030-150x150.jpg 150w, https:\/\/www.policiadelneuquen.gob.ar\/wp-content\/uploads\/2021\/10\/IMG-20211016-WA0030-250x250.jpg 250w\" sizes=\"(max-width: 150px) 100vw, 150px\" \/><\/a>\n\t\t\t<\/div><\/figure>\n\t\t<\/div>\n\t\t<\/div>\n\t\t\t\t\t\t<\/div>\n\t\t\t\t<\/div>\n\t\t\t\t\t<\/div>\n\t\t<\/div>\n\t\t\t\t\t<\/div>\n\t\t<\/section>\n\t\t\t\t<\/div>\n\t\t","protected":false},"excerpt":{"rendered":"<p>El viernes por la noche, personal de Comisar\u00eda 18\u00b0, demor\u00f3 a un hombre y secuestr\u00f3 el veh\u00edculo en el que circulaban por presunta tenencia de arma de fuego, en el ingreso al barrio Z1 en el oeste capitalino. Mientras el personal policial realizaba patrullajes divis\u00f3 a un sujeto a bordo de un veh\u00edculo Ford Focus [&hellip;]<\/p>\n","protected":false},"author":6,"featured_media":12188,"comment_status":"open","ping_status":"open","sticky":false,"template":"","format":"standard","meta":{"site-sidebar-layout":"default","site-content-layout":"","ast-site-content-layout":"","site-content-style":"default","site-sidebar-style":"default","ast-global-header-display":"","ast-banner-title-visibility":"","ast-main-header-display":"","ast-hfb-above-header-display":"","ast-hfb-below-header-display":"","ast-hfb-mobile-header-display":"","site-post-title":"","ast-breadcrumbs-content":"","ast-featured-img":"","footer-sml-layout":"","theme-transparent-header-meta":"","adv-header-id-meta":"","stick-header-meta":"","header-above-stick-meta":"","header-main-stick-meta":"","header-below-stick-meta":"","astra-migrate-meta-layouts":"default","ast-page-background-enabled":"default","ast-page-background-meta":{"desktop":{"background-color":"","background-image":"","background-repeat":"repeat","background-position":"center center","background-size":"auto","background-attachment":"scroll","background-type":"","background-media":"","overlay-type":"","overlay-color":"","overlay-opacity":"","overlay-gradient":""},"tablet":{"background-color":"","background-image":"","background-repeat":"repeat","background-position":"center center","background-size":"auto","background-attachment":"scroll","background-type":"","background-media":"","overlay-type":"","overlay-color":"","overlay-opacity":"","overlay-gradient":""},"mobile":{"background-color":"","background-image":"","background-repeat":"repeat","background-position":"center center","background-size":"auto","background-attachment":"scroll","background-type":"","background-media":"","overlay-type":"","overlay-color":"","overlay-opacity":"","overlay-gradient":""}},"ast-content-background-meta":{"desktop":{"background-color":"var(--ast-global-color-5)","background-image":"","background-repeat":"repeat","background-position":"center center","background-size":"auto","background-attachment":"scroll","background-type":"","background-media":"","overlay-type":"","overlay-color":"","overlay-opacity":"","overlay-gradient":""},"tablet":{"background-color":"var(--ast-global-color-5)","background-image":"","background-repeat":"repeat","background-position":"center center","background-size":"auto","background-attachment":"scroll","background-type":"","background-media":"","overlay-type":"","overlay-color":"","overlay-opacity":"","overlay-gradient":""},"mobile":{"background-color":"var(--ast-global-color-5)","background-image":"","background-repeat":"repeat","background-position":"center center","background-size":"auto","background-attachment":"scroll","background-type":"","background-media":"","overlay-type":"","overlay-color":"","overlay-opacity":"","overlay-gradient":""}},"footnotes":""},"categories":[1],"tags":[],"class_list":["post-12187","post","type-post","status-publish","format-standard","has-post-thumbnail","hentry","category-sin-categorizar"],"jetpack_featured_media_url":"https:\/\/www.policiadelneuquen.gob.ar\/wp-content\/uploads\/2021\/10\/IMG-20211016-WA0028.jpg","_links":{"self":[{"href":"https:\/\/www.policiadelneuquen.gob.ar\/index.php\/wp-json\/wp\/v2\/posts\/12187","targetHints":{"allow":["GET"]}}],"collection":[{"href":"https:\/\/www.policiadelneuquen.gob.ar\/index.php\/wp-json\/wp\/v2\/posts"}],"about":[{"href":"https:\/\/www.policiadelneuquen.gob.ar\/index.php\/wp-json\/wp\/v2\/types\/post"}],"author":[{"embeddable":true,"href":"https:\/\/www.policiadelneuquen.gob.ar\/index.php\/wp-json\/wp\/v2\/users\/6"}],"replies":[{"embeddable":true,"href":"https:\/\/www.policiadelneuquen.gob.ar\/index.php\/wp-json\/wp\/v2\/comments?post=12187"}],"version-history":[{"count":7,"href":"https:\/\/www.policiadelneuquen.gob.ar\/index.php\/wp-json\/wp\/v2\/posts\/12187\/revisions"}],"predecessor-version":[{"id":12214,"href":"https:\/\/www.policiadelneuquen.gob.ar\/index.php\/wp-json\/wp\/v2\/posts\/12187\/revisions\/12214"}],"wp:featuredmedia":[{"embeddable":true,"href":"https:\/\/www.policiadelneuquen.gob.ar\/index.php\/wp-json\/wp\/v2\/media\/12188"}],"wp:attachment":[{"href":"https:\/\/www.policiadelneuquen.gob.ar\/index.php\/wp-json\/wp\/v2\/media?parent=12187"}],"wp:term":[{"taxonomy":"category","embeddable":true,"href":"https:\/\/www.policiadelneuquen.gob.ar\/index.php\/wp-json\/wp\/v2\/categories?post=12187"},{"taxonomy":"post_tag","embeddable":true,"href":"https:\/\/www.policiadelneuquen.gob.ar\/index.php\/wp-json\/wp\/v2\/tags?post=12187"}],"curies":[{"name":"wp","href":"https:\/\/api.w.org\/{rel}","templated":true}]}}