{"id":12225,"date":"2021-10-19T11:04:45","date_gmt":"2021-10-19T14:04:45","guid":{"rendered":"https:\/\/www.policiadelneuquen.gob.ar\/?p=12225"},"modified":"2021-10-19T11:04:49","modified_gmt":"2021-10-19T14:04:49","slug":"1103-cria-n19-secuestran-la-motocicleta-requerida-por-la-justicia","status":"publish","type":"post","link":"https:\/\/www.policiadelneuquen.gob.ar\/index.php\/1103-cria-n19-secuestran-la-motocicleta-requerida-por-la-justicia\/","title":{"rendered":"11:03 CR\u00cdA N\u00b019: Secuestran la motocicleta requerida por la justicia."},"content":{"rendered":"\n<p>Personal de Comisar\u00eda N\u00b019 del Barrio Confluencia de la ciudad capital incaut\u00f3 el pasado domingo (17\/10), una motocicleta 150 cc con pedido de secuestro vigente demorando a la persona que la conduc\u00eda para averiguar sus antecedentes.<\/p>\n\n\n\n<p>El hecho se registr\u00f3 minutos despu\u00e9s de las 23:50, en calles Richieri y Alumin\u00e9, cuando uniformados entrevistaron en primera instancia a un vecino de la zona que les manifestaba tener conflictos con el sereno de su obra en construcci\u00f3n.<\/p>\n\n\n\n<p>Pasado unos minutos se present\u00f3 en el lugar otro hombre en una motocicleta Zanella 150 cc,&nbsp; donde el entrevistado manifest\u00f3 que este, ser\u00eda una de las personas que se presentan a su vivienda a realizar conflictos, por lo que dejaron el di\u00e1logo de lado procediendo a la correcta identificaci\u00f3n encontr\u00e1ndose en el sistema policial sin antecedentes.<\/p>\n\n\n\n<p>Al compulsar los datos del birrodado que conduc\u00eda, pose\u00eda un pedido de secuestro vigente por presunto hurto con fecha de 29 de mayo del 2019, a solicitud de Comisar\u00eda Primera, con intervenci\u00f3n de la Fiscal\u00eda de Robos y Hurtos.<\/p>\n\n\n\n<p>Como consecuencia, procedieron al secuestro y traslado del birrodado como as\u00ed del sujeto a Sede Policial quedando a disposici\u00f3n de la Justicia.<\/p>\n","protected":false},"excerpt":{"rendered":"<p>Personal de Comisar\u00eda N\u00b019 del Barrio Confluencia de la ciudad capital incaut\u00f3 el pasado domingo (17\/10), una motocicleta 150 cc con pedido de secuestro vigente demorando a la persona que la conduc\u00eda para averiguar sus antecedentes. El hecho se registr\u00f3 minutos despu\u00e9s de las 23:50, en calles Richieri y Alumin\u00e9, cuando uniformados entrevistaron en primera [&hellip;]<\/p>\n","protected":false},"author":14,"featured_media":12226,"comment_status":"open","ping_status":"open","sticky":false,"template":"","format":"standard","meta":{"site-sidebar-layout":"default","site-content-layout":"","ast-site-content-layout":"","site-content-style":"default","site-sidebar-style":"default","ast-global-header-display":"","ast-banner-title-visibility":"","ast-main-header-display":"","ast-hfb-above-header-display":"","ast-hfb-below-header-display":"","ast-hfb-mobile-header-display":"","site-post-title":"","ast-breadcrumbs-content":"","ast-featured-img":"","footer-sml-layout":"","theme-transparent-header-meta":"","adv-header-id-meta":"","stick-header-meta":"","header-above-stick-meta":"","header-main-stick-meta":"","header-below-stick-meta":"","astra-migrate-meta-layouts":"default","ast-page-background-enabled":"default","ast-page-background-meta":{"desktop":{"background-color":"","background-image":"","background-repeat":"repeat","background-position":"center center","background-size":"auto","background-attachment":"scroll","background-type":"","background-media":"","overlay-type":"","overlay-color":"","overlay-opacity":"","overlay-gradient":""},"tablet":{"background-color":"","background-image":"","background-repeat":"repeat","background-position":"center center","background-size":"auto","background-attachment":"scroll","background-type":"","background-media":"","overlay-type":"","overlay-color":"","overlay-opacity":"","overlay-gradient":""},"mobile":{"background-color":"","background-image":"","background-repeat":"repeat","background-position":"center center","background-size":"auto","background-attachment":"scroll","background-type":"","background-media":"","overlay-type":"","overlay-color":"","overlay-opacity":"","overlay-gradient":""}},"ast-content-background-meta":{"desktop":{"background-color":"var(--ast-global-color-5)","background-image":"","background-repeat":"repeat","background-position":"center center","background-size":"auto","background-attachment":"scroll","background-type":"","background-media":"","overlay-type":"","overlay-color":"","overlay-opacity":"","overlay-gradient":""},"tablet":{"background-color":"var(--ast-global-color-5)","background-image":"","background-repeat":"repeat","background-position":"center center","background-size":"auto","background-attachment":"scroll","background-type":"","background-media":"","overlay-type":"","overlay-color":"","overlay-opacity":"","overlay-gradient":""},"mobile":{"background-color":"var(--ast-global-color-5)","background-image":"","background-repeat":"repeat","background-position":"center center","background-size":"auto","background-attachment":"scroll","background-type":"","background-media":"","overlay-type":"","overlay-color":"","overlay-opacity":"","overlay-gradient":""}},"footnotes":""},"categories":[1],"tags":[],"class_list":["post-12225","post","type-post","status-publish","format-standard","has-post-thumbnail","hentry","category-sin-categorizar"],"jetpack_featured_media_url":"https:\/\/www.policiadelneuquen.gob.ar\/wp-content\/uploads\/2021\/10\/MOTO19CONPEDIDODESECUESTRO-2.jpg","_links":{"self":[{"href":"https:\/\/www.policiadelneuquen.gob.ar\/index.php\/wp-json\/wp\/v2\/posts\/12225","targetHints":{"allow":["GET"]}}],"collection":[{"href":"https:\/\/www.policiadelneuquen.gob.ar\/index.php\/wp-json\/wp\/v2\/posts"}],"about":[{"href":"https:\/\/www.policiadelneuquen.gob.ar\/index.php\/wp-json\/wp\/v2\/types\/post"}],"author":[{"embeddable":true,"href":"https:\/\/www.policiadelneuquen.gob.ar\/index.php\/wp-json\/wp\/v2\/users\/14"}],"replies":[{"embeddable":true,"href":"https:\/\/www.policiadelneuquen.gob.ar\/index.php\/wp-json\/wp\/v2\/comments?post=12225"}],"version-history":[{"count":2,"href":"https:\/\/www.policiadelneuquen.gob.ar\/index.php\/wp-json\/wp\/v2\/posts\/12225\/revisions"}],"predecessor-version":[{"id":12228,"href":"https:\/\/www.policiadelneuquen.gob.ar\/index.php\/wp-json\/wp\/v2\/posts\/12225\/revisions\/12228"}],"wp:featuredmedia":[{"embeddable":true,"href":"https:\/\/www.policiadelneuquen.gob.ar\/index.php\/wp-json\/wp\/v2\/media\/12226"}],"wp:attachment":[{"href":"https:\/\/www.policiadelneuquen.gob.ar\/index.php\/wp-json\/wp\/v2\/media?parent=12225"}],"wp:term":[{"taxonomy":"category","embeddable":true,"href":"https:\/\/www.policiadelneuquen.gob.ar\/index.php\/wp-json\/wp\/v2\/categories?post=12225"},{"taxonomy":"post_tag","embeddable":true,"href":"https:\/\/www.policiadelneuquen.gob.ar\/index.php\/wp-json\/wp\/v2\/tags?post=12225"}],"curies":[{"name":"wp","href":"https:\/\/api.w.org\/{rel}","templated":true}]}}