{"id":12298,"date":"2021-10-21T09:03:59","date_gmt":"2021-10-21T12:03:59","guid":{"rendered":"https:\/\/www.policiadelneuquen.gob.ar\/?p=12298"},"modified":"2021-10-21T09:05:54","modified_gmt":"2021-10-21T12:05:54","slug":"0900-dos-demorados-por-presunta-estafa-en-la-venta-de-un-vehiculo","status":"publish","type":"post","link":"https:\/\/www.policiadelneuquen.gob.ar\/index.php\/0900-dos-demorados-por-presunta-estafa-en-la-venta-de-un-vehiculo\/","title":{"rendered":"09:00 Dos demorados por \u201cpresunta estafa\u201d en la venta de un veh\u00edculo"},"content":{"rendered":"\t\t<div data-elementor-type=\"wp-post\" data-elementor-id=\"12298\" class=\"elementor elementor-12298\">\n\t\t\t\t\t\t<section class=\"elementor-section elementor-top-section elementor-element elementor-element-6081238f elementor-section-boxed elementor-section-height-default elementor-section-height-default\" data-id=\"6081238f\" data-element_type=\"section\" data-e-type=\"section\">\n\t\t\t\t\t\t<div class=\"elementor-container elementor-column-gap-default\">\n\t\t\t\t\t<div class=\"elementor-column elementor-col-100 elementor-top-column elementor-element elementor-element-1f232a9a\" data-id=\"1f232a9a\" data-element_type=\"column\" data-e-type=\"column\">\n\t\t\t<div class=\"elementor-widget-wrap elementor-element-populated\">\n\t\t\t\t\t\t<div class=\"elementor-element elementor-element-2cf96af0 elementor-widget elementor-widget-text-editor\" data-id=\"2cf96af0\" data-element_type=\"widget\" data-e-type=\"widget\" data-widget_type=\"text-editor.default\">\n\t\t\t\t<div class=\"elementor-widget-container\">\n\t\t\t\t\t\t\t\t\t\n<h3>Un amplio operativo que incluy\u00f3 tres allanamientos en viviendas del bajo de la ciudad, fue realizado ayer por la ma\u00f1ana en el marco de una causa por \u201cpresunta estafa\u201d en la venta de un veh\u00edculo. Como resultado de las diligencias judiciales, se secuestraron tel\u00e9fonos celulares, una camioneta, un arma de fuego y dos personas resultaron demoradas.<\/h3>\n<h3><\/h3>\n<h3>Todo comenz\u00f3 el pasado 13 de octubre, cuando un vecino de la ciudad, denunci\u00f3 irregularidades en la compra de una camioneta Ford Ranger que hab\u00eda sido publicada en la red social facebook. Seg\u00fan indic\u00f3 el damnificado, hab\u00eda entregado por el veh\u00edculo una suma superior a los 900 mil pesos en efectivo, pero luego de ello el vendedor manifest\u00f3 no poder concretar la transacci\u00f3n dado que la camioneta se encontraba \u201cinhibida\u201d, motivo por el cual el vecino decidi\u00f3 radicar la denuncia en la Comisar\u00eda Primera de Neuqu\u00e9n.<\/h3>\n<h3><\/h3>\n<h3>Luego de una meticulosa tarea de investigaci\u00f3n, la Fiscal\u00eda de Delitos Econ\u00f3micos autoriz\u00f3 tres \u00f3rdenes de allanamientos para con viviendas del bajo de la ciudad, en las que residen personas de la comunidad z\u00edngara y en la que presum\u00edan podr\u00eda encontrarse el sospechoso de llevar adelante la maniobra fraudulenta.<\/h3>\n<h3><\/h3>\n<h3>Finalmente en la ma\u00f1ana de ayer personal policial de los Departamentos Delitos Econ\u00f3micos, Delitos Contra la Propiedad y Leyes Especiales, Sustracci\u00f3n Automotores, Seguridad Personal y Comisar\u00eda Segunda, ejecutaron los allanamientos de manera simult\u00e1nea, permitiendo el secuestro 18 tel\u00e9fonos celulares, documentaci\u00f3n, un rifle calibre 22 y la camioneta que era ofrecida a la venta. Adem\u00e1s, se demor\u00f3 a dos hombres mayores de edad, uno de ellos, presunto autor del hecho que se investiga.<\/h3>\n<h3><\/h3>\n<h3>M\u00e1s tarde, seg\u00fan lo dispuesto por la Justicia, las personas recuperaron la libertad supeditada a la causa.<\/h3>\n\t\t\t\t\t\t\t\t<\/div>\n\t\t\t\t<\/div>\n\t\t\t\t\t<\/div>\n\t\t<\/div>\n\t\t\t\t\t<\/div>\n\t\t<\/section>\n\t\t\t\t<section class=\"elementor-section elementor-top-section elementor-element elementor-element-b336c40 elementor-section-boxed elementor-section-height-default elementor-section-height-default\" data-id=\"b336c40\" data-element_type=\"section\" data-e-type=\"section\">\n\t\t\t\t\t\t<div class=\"elementor-container elementor-column-gap-default\">\n\t\t\t\t\t<div class=\"elementor-column elementor-col-100 elementor-top-column elementor-element elementor-element-3461e1d\" data-id=\"3461e1d\" data-element_type=\"column\" data-e-type=\"column\">\n\t\t\t<div class=\"elementor-widget-wrap elementor-element-populated\">\n\t\t\t\t\t\t<div class=\"elementor-element elementor-element-2289c54 elementor-widget elementor-widget-image-gallery\" data-id=\"2289c54\" data-element_type=\"widget\" data-e-type=\"widget\" data-widget_type=\"image-gallery.default\">\n\t\t\t\t<div class=\"elementor-widget-container\">\n\t\t\t\t\t\t\t<div class=\"elementor-image-gallery\">\n\t\t\t<div id='gallery-1' class='gallery galleryid-12298 gallery-columns-3 gallery-size-thumbnail'><figure class='gallery-item'>\n\t\t\t<div class='gallery-icon portrait'>\n\t\t\t\t<a data-elementor-open-lightbox=\"yes\" data-elementor-lightbox-slideshow=\"2289c54\" data-elementor-lightbox-title=\"2\" data-e-action-hash=\"#elementor-action%3Aaction%3Dlightbox%26settings%3DeyJpZCI6MTIyNzksInVybCI6Imh0dHBzOlwvXC93d3cucG9saWNpYWRlbG5ldXF1ZW4uZ29iLmFyXC93cC1jb250ZW50XC91cGxvYWRzXC8yMDIxXC8xMFwvV2hhdHNBcHAtSW1hZ2UtMjAyMS0xMC0yMC1hdC0xMy40OC4xNy05LmpwZWciLCJzbGlkZXNob3ciOiIyMjg5YzU0In0%3D\" href='https:\/\/www.policiadelneuquen.gob.ar\/wp-content\/uploads\/2021\/10\/WhatsApp-Image-2021-10-20-at-13.48.17-9.jpeg'><img decoding=\"async\" width=\"150\" height=\"150\" src=\"https:\/\/www.policiadelneuquen.gob.ar\/wp-content\/uploads\/2021\/10\/WhatsApp-Image-2021-10-20-at-13.48.17-9-150x150.jpeg\" class=\"attachment-thumbnail size-thumbnail\" alt=\"\" srcset=\"https:\/\/www.policiadelneuquen.gob.ar\/wp-content\/uploads\/2021\/10\/WhatsApp-Image-2021-10-20-at-13.48.17-9-150x150.jpeg 150w, https:\/\/www.policiadelneuquen.gob.ar\/wp-content\/uploads\/2021\/10\/WhatsApp-Image-2021-10-20-at-13.48.17-9-250x250.jpeg 250w\" sizes=\"(max-width: 150px) 100vw, 150px\" \/><\/a>\n\t\t\t<\/div><\/figure><figure class='gallery-item'>\n\t\t\t<div class='gallery-icon portrait'>\n\t\t\t\t<a data-elementor-open-lightbox=\"yes\" data-elementor-lightbox-slideshow=\"2289c54\" data-elementor-lightbox-title=\"3\" data-e-action-hash=\"#elementor-action%3Aaction%3Dlightbox%26settings%3DeyJpZCI6MTIyODAsInVybCI6Imh0dHBzOlwvXC93d3cucG9saWNpYWRlbG5ldXF1ZW4uZ29iLmFyXC93cC1jb250ZW50XC91cGxvYWRzXC8yMDIxXC8xMFwvV2hhdHNBcHAtSW1hZ2UtMjAyMS0xMC0yMC1hdC0xMy40OC4xNy5qcGVnIiwic2xpZGVzaG93IjoiMjI4OWM1NCJ9\" href='https:\/\/www.policiadelneuquen.gob.ar\/wp-content\/uploads\/2021\/10\/WhatsApp-Image-2021-10-20-at-13.48.17.jpeg'><img decoding=\"async\" width=\"150\" height=\"150\" src=\"https:\/\/www.policiadelneuquen.gob.ar\/wp-content\/uploads\/2021\/10\/WhatsApp-Image-2021-10-20-at-13.48.17-150x150.jpeg\" class=\"attachment-thumbnail size-thumbnail\" alt=\"\" srcset=\"https:\/\/www.policiadelneuquen.gob.ar\/wp-content\/uploads\/2021\/10\/WhatsApp-Image-2021-10-20-at-13.48.17-150x150.jpeg 150w, https:\/\/www.policiadelneuquen.gob.ar\/wp-content\/uploads\/2021\/10\/WhatsApp-Image-2021-10-20-at-13.48.17-250x250.jpeg 250w\" sizes=\"(max-width: 150px) 100vw, 150px\" \/><\/a>\n\t\t\t<\/div><\/figure><figure class='gallery-item'>\n\t\t\t<div class='gallery-icon portrait'>\n\t\t\t\t<a data-elementor-open-lightbox=\"yes\" data-elementor-lightbox-slideshow=\"2289c54\" data-elementor-lightbox-title=\"5\" data-e-action-hash=\"#elementor-action%3Aaction%3Dlightbox%26settings%3DeyJpZCI6MTIyODIsInVybCI6Imh0dHBzOlwvXC93d3cucG9saWNpYWRlbG5ldXF1ZW4uZ29iLmFyXC93cC1jb250ZW50XC91cGxvYWRzXC8yMDIxXC8xMFwvV2hhdHNBcHAtSW1hZ2UtMjAyMS0xMC0yMC1hdC0xMy40OC4xNy01LmpwZWciLCJzbGlkZXNob3ciOiIyMjg5YzU0In0%3D\" href='https:\/\/www.policiadelneuquen.gob.ar\/wp-content\/uploads\/2021\/10\/WhatsApp-Image-2021-10-20-at-13.48.17-5.jpeg'><img decoding=\"async\" width=\"150\" height=\"150\" src=\"https:\/\/www.policiadelneuquen.gob.ar\/wp-content\/uploads\/2021\/10\/WhatsApp-Image-2021-10-20-at-13.48.17-5-150x150.jpeg\" class=\"attachment-thumbnail size-thumbnail\" alt=\"\" srcset=\"https:\/\/www.policiadelneuquen.gob.ar\/wp-content\/uploads\/2021\/10\/WhatsApp-Image-2021-10-20-at-13.48.17-5-150x150.jpeg 150w, https:\/\/www.policiadelneuquen.gob.ar\/wp-content\/uploads\/2021\/10\/WhatsApp-Image-2021-10-20-at-13.48.17-5-250x250.jpeg 250w\" sizes=\"(max-width: 150px) 100vw, 150px\" \/><\/a>\n\t\t\t<\/div><\/figure><figure class='gallery-item'>\n\t\t\t<div class='gallery-icon portrait'>\n\t\t\t\t<a data-elementor-open-lightbox=\"yes\" data-elementor-lightbox-slideshow=\"2289c54\" data-elementor-lightbox-title=\"6\" data-e-action-hash=\"#elementor-action%3Aaction%3Dlightbox%26settings%3DeyJpZCI6MTIyODMsInVybCI6Imh0dHBzOlwvXC93d3cucG9saWNpYWRlbG5ldXF1ZW4uZ29iLmFyXC93cC1jb250ZW50XC91cGxvYWRzXC8yMDIxXC8xMFwvV2hhdHNBcHAtSW1hZ2UtMjAyMS0xMC0yMC1hdC0xMy40OC4xNy0zLmpwZWciLCJzbGlkZXNob3ciOiIyMjg5YzU0In0%3D\" href='https:\/\/www.policiadelneuquen.gob.ar\/wp-content\/uploads\/2021\/10\/WhatsApp-Image-2021-10-20-at-13.48.17-3.jpeg'><img loading=\"lazy\" decoding=\"async\" width=\"150\" height=\"150\" src=\"https:\/\/www.policiadelneuquen.gob.ar\/wp-content\/uploads\/2021\/10\/WhatsApp-Image-2021-10-20-at-13.48.17-3-150x150.jpeg\" class=\"attachment-thumbnail size-thumbnail\" alt=\"\" srcset=\"https:\/\/www.policiadelneuquen.gob.ar\/wp-content\/uploads\/2021\/10\/WhatsApp-Image-2021-10-20-at-13.48.17-3-150x150.jpeg 150w, https:\/\/www.policiadelneuquen.gob.ar\/wp-content\/uploads\/2021\/10\/WhatsApp-Image-2021-10-20-at-13.48.17-3-250x250.jpeg 250w\" sizes=\"(max-width: 150px) 100vw, 150px\" \/><\/a>\n\t\t\t<\/div><\/figure><figure class='gallery-item'>\n\t\t\t<div class='gallery-icon portrait'>\n\t\t\t\t<a data-elementor-open-lightbox=\"yes\" data-elementor-lightbox-slideshow=\"2289c54\" data-elementor-lightbox-title=\"7\" data-e-action-hash=\"#elementor-action%3Aaction%3Dlightbox%26settings%3DeyJpZCI6MTIyODYsInVybCI6Imh0dHBzOlwvXC93d3cucG9saWNpYWRlbG5ldXF1ZW4uZ29iLmFyXC93cC1jb250ZW50XC91cGxvYWRzXC8yMDIxXC8xMFwvV2hhdHNBcHAtSW1hZ2UtMjAyMS0xMC0yMC1hdC0xMy40OC4xNy0xLmpwZWciLCJzbGlkZXNob3ciOiIyMjg5YzU0In0%3D\" href='https:\/\/www.policiadelneuquen.gob.ar\/wp-content\/uploads\/2021\/10\/WhatsApp-Image-2021-10-20-at-13.48.17-1.jpeg'><img loading=\"lazy\" decoding=\"async\" width=\"150\" height=\"150\" src=\"https:\/\/www.policiadelneuquen.gob.ar\/wp-content\/uploads\/2021\/10\/WhatsApp-Image-2021-10-20-at-13.48.17-1-150x150.jpeg\" class=\"attachment-thumbnail size-thumbnail\" alt=\"\" srcset=\"https:\/\/www.policiadelneuquen.gob.ar\/wp-content\/uploads\/2021\/10\/WhatsApp-Image-2021-10-20-at-13.48.17-1-150x150.jpeg 150w, https:\/\/www.policiadelneuquen.gob.ar\/wp-content\/uploads\/2021\/10\/WhatsApp-Image-2021-10-20-at-13.48.17-1-250x250.jpeg 250w\" sizes=\"(max-width: 150px) 100vw, 150px\" \/><\/a>\n\t\t\t<\/div><\/figure><figure class='gallery-item'>\n\t\t\t<div class='gallery-icon landscape'>\n\t\t\t\t<a data-elementor-open-lightbox=\"yes\" data-elementor-lightbox-slideshow=\"2289c54\" data-elementor-lightbox-title=\"4\" data-e-action-hash=\"#elementor-action%3Aaction%3Dlightbox%26settings%3DeyJpZCI6MTIyODEsInVybCI6Imh0dHBzOlwvXC93d3cucG9saWNpYWRlbG5ldXF1ZW4uZ29iLmFyXC93cC1jb250ZW50XC91cGxvYWRzXC8yMDIxXC8xMFwvV2hhdHNBcHAtSW1hZ2UtMjAyMS0xMC0yMC1hdC0xMy40OC4xNy02LmpwZWciLCJzbGlkZXNob3ciOiIyMjg5YzU0In0%3D\" href='https:\/\/www.policiadelneuquen.gob.ar\/wp-content\/uploads\/2021\/10\/WhatsApp-Image-2021-10-20-at-13.48.17-6.jpeg'><img loading=\"lazy\" decoding=\"async\" width=\"150\" height=\"150\" src=\"https:\/\/www.policiadelneuquen.gob.ar\/wp-content\/uploads\/2021\/10\/WhatsApp-Image-2021-10-20-at-13.48.17-6-150x150.jpeg\" class=\"attachment-thumbnail size-thumbnail\" alt=\"\" srcset=\"https:\/\/www.policiadelneuquen.gob.ar\/wp-content\/uploads\/2021\/10\/WhatsApp-Image-2021-10-20-at-13.48.17-6-150x150.jpeg 150w, https:\/\/www.policiadelneuquen.gob.ar\/wp-content\/uploads\/2021\/10\/WhatsApp-Image-2021-10-20-at-13.48.17-6-250x250.jpeg 250w\" sizes=\"(max-width: 150px) 100vw, 150px\" \/><\/a>\n\t\t\t<\/div><\/figure>\n\t\t<\/div>\n\t\t<\/div>\n\t\t\t\t\t\t<\/div>\n\t\t\t\t<\/div>\n\t\t\t\t\t<\/div>\n\t\t<\/div>\n\t\t\t\t\t<\/div>\n\t\t<\/section>\n\t\t\t\t<\/div>\n\t\t","protected":false},"excerpt":{"rendered":"<p>Un amplio operativo que incluy\u00f3 tres allanamientos en viviendas del bajo de la ciudad, fue realizado ayer por la ma\u00f1ana en el marco de una causa por \u201cpresunta estafa\u201d en la venta de un veh\u00edculo. Como resultado de las diligencias judiciales, se secuestraron tel\u00e9fonos celulares, una camioneta, un arma de fuego y dos personas resultaron [&hellip;]<\/p>\n","protected":false},"author":6,"featured_media":12278,"comment_status":"open","ping_status":"open","sticky":false,"template":"","format":"standard","meta":{"site-sidebar-layout":"default","site-content-layout":"","ast-site-content-layout":"","site-content-style":"default","site-sidebar-style":"default","ast-global-header-display":"","ast-banner-title-visibility":"","ast-main-header-display":"","ast-hfb-above-header-display":"","ast-hfb-below-header-display":"","ast-hfb-mobile-header-display":"","site-post-title":"","ast-breadcrumbs-content":"","ast-featured-img":"","footer-sml-layout":"","theme-transparent-header-meta":"","adv-header-id-meta":"","stick-header-meta":"","header-above-stick-meta":"","header-main-stick-meta":"","header-below-stick-meta":"","astra-migrate-meta-layouts":"default","ast-page-background-enabled":"default","ast-page-background-meta":{"desktop":{"background-color":"","background-image":"","background-repeat":"repeat","background-position":"center center","background-size":"auto","background-attachment":"scroll","background-type":"","background-media":"","overlay-type":"","overlay-color":"","overlay-opacity":"","overlay-gradient":""},"tablet":{"background-color":"","background-image":"","background-repeat":"repeat","background-position":"center center","background-size":"auto","background-attachment":"scroll","background-type":"","background-media":"","overlay-type":"","overlay-color":"","overlay-opacity":"","overlay-gradient":""},"mobile":{"background-color":"","background-image":"","background-repeat":"repeat","background-position":"center center","background-size":"auto","background-attachment":"scroll","background-type":"","background-media":"","overlay-type":"","overlay-color":"","overlay-opacity":"","overlay-gradient":""}},"ast-content-background-meta":{"desktop":{"background-color":"var(--ast-global-color-5)","background-image":"","background-repeat":"repeat","background-position":"center center","background-size":"auto","background-attachment":"scroll","background-type":"","background-media":"","overlay-type":"","overlay-color":"","overlay-opacity":"","overlay-gradient":""},"tablet":{"background-color":"var(--ast-global-color-5)","background-image":"","background-repeat":"repeat","background-position":"center center","background-size":"auto","background-attachment":"scroll","background-type":"","background-media":"","overlay-type":"","overlay-color":"","overlay-opacity":"","overlay-gradient":""},"mobile":{"background-color":"var(--ast-global-color-5)","background-image":"","background-repeat":"repeat","background-position":"center center","background-size":"auto","background-attachment":"scroll","background-type":"","background-media":"","overlay-type":"","overlay-color":"","overlay-opacity":"","overlay-gradient":""}},"footnotes":""},"categories":[1],"tags":[],"class_list":["post-12298","post","type-post","status-publish","format-standard","has-post-thumbnail","hentry","category-sin-categorizar"],"jetpack_featured_media_url":"https:\/\/www.policiadelneuquen.gob.ar\/wp-content\/uploads\/2021\/10\/WhatsApp-Image-2021-10-20-at-13.48.17-7.jpeg","_links":{"self":[{"href":"https:\/\/www.policiadelneuquen.gob.ar\/index.php\/wp-json\/wp\/v2\/posts\/12298","targetHints":{"allow":["GET"]}}],"collection":[{"href":"https:\/\/www.policiadelneuquen.gob.ar\/index.php\/wp-json\/wp\/v2\/posts"}],"about":[{"href":"https:\/\/www.policiadelneuquen.gob.ar\/index.php\/wp-json\/wp\/v2\/types\/post"}],"author":[{"embeddable":true,"href":"https:\/\/www.policiadelneuquen.gob.ar\/index.php\/wp-json\/wp\/v2\/users\/6"}],"replies":[{"embeddable":true,"href":"https:\/\/www.policiadelneuquen.gob.ar\/index.php\/wp-json\/wp\/v2\/comments?post=12298"}],"version-history":[{"count":4,"href":"https:\/\/www.policiadelneuquen.gob.ar\/index.php\/wp-json\/wp\/v2\/posts\/12298\/revisions"}],"predecessor-version":[{"id":12302,"href":"https:\/\/www.policiadelneuquen.gob.ar\/index.php\/wp-json\/wp\/v2\/posts\/12298\/revisions\/12302"}],"wp:featuredmedia":[{"embeddable":true,"href":"https:\/\/www.policiadelneuquen.gob.ar\/index.php\/wp-json\/wp\/v2\/media\/12278"}],"wp:attachment":[{"href":"https:\/\/www.policiadelneuquen.gob.ar\/index.php\/wp-json\/wp\/v2\/media?parent=12298"}],"wp:term":[{"taxonomy":"category","embeddable":true,"href":"https:\/\/www.policiadelneuquen.gob.ar\/index.php\/wp-json\/wp\/v2\/categories?post=12298"},{"taxonomy":"post_tag","embeddable":true,"href":"https:\/\/www.policiadelneuquen.gob.ar\/index.php\/wp-json\/wp\/v2\/tags?post=12298"}],"curies":[{"name":"wp","href":"https:\/\/api.w.org\/{rel}","templated":true}]}}