{"id":12710,"date":"2021-11-01T09:18:37","date_gmt":"2021-11-01T12:18:37","guid":{"rendered":"https:\/\/www.policiadelneuquen.gob.ar\/?p=12710"},"modified":"2021-11-01T09:18:41","modified_gmt":"2021-11-01T12:18:41","slug":"0918-cria-2-demoraron-a-un-hombre-por-robar-un-celular","status":"publish","type":"post","link":"https:\/\/www.policiadelneuquen.gob.ar\/index.php\/0918-cria-2-demoraron-a-un-hombre-por-robar-un-celular\/","title":{"rendered":"09:18 CR\u00cdA 2\u00b0: Demoraron a un hombre por robar un celular"},"content":{"rendered":"\n<p><\/p>\n\n\n\n<p><br>Un hombre de 24 a\u00f1os, fue demorado la noche del s\u00e1bado por personal de Comisar\u00eda 2\u00b0, luego que robara un celular a otro joven en inmediaciones del barrio Belgrano.<\/p>\n\n\n\n<p>Pasadas las 00:00 horas, los uniformados tomaron conocimiento desde el Centro de Operaciones Policiales que habr\u00eda ocurrido un hecho delictivo en inmediaciones de las calles Tierra del Fuego y Montevideo, donde un sujeto hab\u00eda robado hac\u00eda escasos minutos un tel\u00e9fono celular a otro hombre y se habr\u00eda dado a la fuga.<\/p>\n\n\n\n<p>Con las descripciones aportadas por la v\u00edctima el personal comenz\u00f3 un patrullaje por las zonas aleda\u00f1as y a pocos metros del lugar del hecho logr\u00f3 dar con el malviviente e inmediatamente fue aprehendido.<\/p>\n\n\n\n<p>Inmediatamente procedieron a identificar correctamente al joven de 24 a\u00f1os y al realizarle un palpado preventivo, encontraron entre sus prendas un cuchillo tipo tramontina y el tel\u00e9fono celular denunciado como robado.<\/p>\n\n\n\n<p>Como resultado el demorado fue trasladado a la Unidad, quedando a disposici\u00f3n de la justicia.<\/p>\n","protected":false},"excerpt":{"rendered":"<p>Un hombre de 24 a\u00f1os, fue demorado la noche del s\u00e1bado por personal de Comisar\u00eda 2\u00b0, luego que robara un celular a otro joven en inmediaciones del barrio Belgrano. Pasadas las 00:00 horas, los uniformados tomaron conocimiento desde el Centro de Operaciones Policiales que habr\u00eda ocurrido un hecho delictivo en inmediaciones de las calles Tierra [&hellip;]<\/p>\n","protected":false},"author":14,"featured_media":12713,"comment_status":"open","ping_status":"open","sticky":false,"template":"","format":"standard","meta":{"site-sidebar-layout":"default","site-content-layout":"","ast-site-content-layout":"","site-content-style":"default","site-sidebar-style":"default","ast-global-header-display":"","ast-banner-title-visibility":"","ast-main-header-display":"","ast-hfb-above-header-display":"","ast-hfb-below-header-display":"","ast-hfb-mobile-header-display":"","site-post-title":"","ast-breadcrumbs-content":"","ast-featured-img":"","footer-sml-layout":"","theme-transparent-header-meta":"","adv-header-id-meta":"","stick-header-meta":"","header-above-stick-meta":"","header-main-stick-meta":"","header-below-stick-meta":"","astra-migrate-meta-layouts":"default","ast-page-background-enabled":"default","ast-page-background-meta":{"desktop":{"background-color":"","background-image":"","background-repeat":"repeat","background-position":"center center","background-size":"auto","background-attachment":"scroll","background-type":"","background-media":"","overlay-type":"","overlay-color":"","overlay-opacity":"","overlay-gradient":""},"tablet":{"background-color":"","background-image":"","background-repeat":"repeat","background-position":"center center","background-size":"auto","background-attachment":"scroll","background-type":"","background-media":"","overlay-type":"","overlay-color":"","overlay-opacity":"","overlay-gradient":""},"mobile":{"background-color":"","background-image":"","background-repeat":"repeat","background-position":"center center","background-size":"auto","background-attachment":"scroll","background-type":"","background-media":"","overlay-type":"","overlay-color":"","overlay-opacity":"","overlay-gradient":""}},"ast-content-background-meta":{"desktop":{"background-color":"var(--ast-global-color-5)","background-image":"","background-repeat":"repeat","background-position":"center center","background-size":"auto","background-attachment":"scroll","background-type":"","background-media":"","overlay-type":"","overlay-color":"","overlay-opacity":"","overlay-gradient":""},"tablet":{"background-color":"var(--ast-global-color-5)","background-image":"","background-repeat":"repeat","background-position":"center center","background-size":"auto","background-attachment":"scroll","background-type":"","background-media":"","overlay-type":"","overlay-color":"","overlay-opacity":"","overlay-gradient":""},"mobile":{"background-color":"var(--ast-global-color-5)","background-image":"","background-repeat":"repeat","background-position":"center center","background-size":"auto","background-attachment":"scroll","background-type":"","background-media":"","overlay-type":"","overlay-color":"","overlay-opacity":"","overlay-gradient":""}},"footnotes":""},"categories":[1],"tags":[],"class_list":["post-12710","post","type-post","status-publish","format-standard","has-post-thumbnail","hentry","category-sin-categorizar"],"jetpack_featured_media_url":"https:\/\/www.policiadelneuquen.gob.ar\/wp-content\/uploads\/2021\/11\/IMG-20211031-WA0032.jpg","_links":{"self":[{"href":"https:\/\/www.policiadelneuquen.gob.ar\/index.php\/wp-json\/wp\/v2\/posts\/12710","targetHints":{"allow":["GET"]}}],"collection":[{"href":"https:\/\/www.policiadelneuquen.gob.ar\/index.php\/wp-json\/wp\/v2\/posts"}],"about":[{"href":"https:\/\/www.policiadelneuquen.gob.ar\/index.php\/wp-json\/wp\/v2\/types\/post"}],"author":[{"embeddable":true,"href":"https:\/\/www.policiadelneuquen.gob.ar\/index.php\/wp-json\/wp\/v2\/users\/14"}],"replies":[{"embeddable":true,"href":"https:\/\/www.policiadelneuquen.gob.ar\/index.php\/wp-json\/wp\/v2\/comments?post=12710"}],"version-history":[{"count":1,"href":"https:\/\/www.policiadelneuquen.gob.ar\/index.php\/wp-json\/wp\/v2\/posts\/12710\/revisions"}],"predecessor-version":[{"id":12715,"href":"https:\/\/www.policiadelneuquen.gob.ar\/index.php\/wp-json\/wp\/v2\/posts\/12710\/revisions\/12715"}],"wp:featuredmedia":[{"embeddable":true,"href":"https:\/\/www.policiadelneuquen.gob.ar\/index.php\/wp-json\/wp\/v2\/media\/12713"}],"wp:attachment":[{"href":"https:\/\/www.policiadelneuquen.gob.ar\/index.php\/wp-json\/wp\/v2\/media?parent=12710"}],"wp:term":[{"taxonomy":"category","embeddable":true,"href":"https:\/\/www.policiadelneuquen.gob.ar\/index.php\/wp-json\/wp\/v2\/categories?post=12710"},{"taxonomy":"post_tag","embeddable":true,"href":"https:\/\/www.policiadelneuquen.gob.ar\/index.php\/wp-json\/wp\/v2\/tags?post=12710"}],"curies":[{"name":"wp","href":"https:\/\/api.w.org\/{rel}","templated":true}]}}