{"id":12711,"date":"2021-11-01T09:20:46","date_gmt":"2021-11-01T12:20:46","guid":{"rendered":"https:\/\/www.policiadelneuquen.gob.ar\/?p=12711"},"modified":"2021-11-01T09:20:52","modified_gmt":"2021-11-01T12:20:52","slug":"cria-21-personal-policial-recupero-camioneta-robada-en-provincia-de-la-pampa","status":"publish","type":"post","link":"https:\/\/www.policiadelneuquen.gob.ar\/index.php\/cria-21-personal-policial-recupero-camioneta-robada-en-provincia-de-la-pampa\/","title":{"rendered":"CRIA 21\u00b0: Personal policial recuper\u00f3 camioneta robada en provincia de La Pampa."},"content":{"rendered":"\n<p>Ayer por la ma\u00f1ana, personal de Comisar\u00eda 21\u00b0, recuper\u00f3 en el barrio Gregorio \u00c1lvarez, un veh\u00edculo Pick Up, que hab\u00eda sido robado la noche anterior del predio de una empresa, ubicada en la ciudad 25 de Mayo, La Pampa.<\/p>\n\n\n\n<p>El procedimiento se llev\u00f3 a cabo pasadas las 08:00 horas sobre la intersecci\u00f3n de calle 18 y 3 del barrio antes mencionado, donde el personal policial, divis\u00f3 una camioneta Toyota Hilux Blanca, en aparente estado de abandono y en el momento que hac\u00edan las averiguaciones pertinentes, lleg\u00f3 al lugar un hombre que adujo ser primo del propietario y que por el rastreo del gps del rodado lo ubic\u00f3, relatando que la misma hab\u00eda sido robada la noche anterior.<\/p>\n\n\n\n<p>Pasado unos minutos los efectivos secuestraron el rodado traslad\u00e1ndose a la Unidad, donde lleg\u00f3 el propietario de la camioneta, informando que la denuncia del robo se hab\u00eda realizado en la ciudad de 25 de mayo, y que adem\u00e1s faltar\u00edan elementos como tubos de oxigeno y acetileno, una motosoldadora y caja de herramientas varias, las que se encontraban en la caja de la camioneta.<\/p>\n\n\n\n<p>Como resultado tom\u00f3 intervenci\u00f3n personal del \u00c1rea de Investigaciones para continuar con las diligencias de rigor y dar intervenci\u00f3n a la justicia neuquina.<\/p>\n","protected":false},"excerpt":{"rendered":"<p>Ayer por la ma\u00f1ana, personal de Comisar\u00eda 21\u00b0, recuper\u00f3 en el barrio Gregorio \u00c1lvarez, un veh\u00edculo Pick Up, que hab\u00eda sido robado la noche anterior del predio de una empresa, ubicada en la ciudad 25 de Mayo, La Pampa. El procedimiento se llev\u00f3 a cabo pasadas las 08:00 horas sobre la intersecci\u00f3n de calle 18 [&hellip;]<\/p>\n","protected":false},"author":14,"featured_media":12716,"comment_status":"open","ping_status":"open","sticky":false,"template":"","format":"standard","meta":{"site-sidebar-layout":"default","site-content-layout":"","ast-site-content-layout":"","site-content-style":"default","site-sidebar-style":"default","ast-global-header-display":"","ast-banner-title-visibility":"","ast-main-header-display":"","ast-hfb-above-header-display":"","ast-hfb-below-header-display":"","ast-hfb-mobile-header-display":"","site-post-title":"","ast-breadcrumbs-content":"","ast-featured-img":"","footer-sml-layout":"","theme-transparent-header-meta":"","adv-header-id-meta":"","stick-header-meta":"","header-above-stick-meta":"","header-main-stick-meta":"","header-below-stick-meta":"","astra-migrate-meta-layouts":"default","ast-page-background-enabled":"default","ast-page-background-meta":{"desktop":{"background-color":"","background-image":"","background-repeat":"repeat","background-position":"center center","background-size":"auto","background-attachment":"scroll","background-type":"","background-media":"","overlay-type":"","overlay-color":"","overlay-opacity":"","overlay-gradient":""},"tablet":{"background-color":"","background-image":"","background-repeat":"repeat","background-position":"center center","background-size":"auto","background-attachment":"scroll","background-type":"","background-media":"","overlay-type":"","overlay-color":"","overlay-opacity":"","overlay-gradient":""},"mobile":{"background-color":"","background-image":"","background-repeat":"repeat","background-position":"center center","background-size":"auto","background-attachment":"scroll","background-type":"","background-media":"","overlay-type":"","overlay-color":"","overlay-opacity":"","overlay-gradient":""}},"ast-content-background-meta":{"desktop":{"background-color":"var(--ast-global-color-5)","background-image":"","background-repeat":"repeat","background-position":"center center","background-size":"auto","background-attachment":"scroll","background-type":"","background-media":"","overlay-type":"","overlay-color":"","overlay-opacity":"","overlay-gradient":""},"tablet":{"background-color":"var(--ast-global-color-5)","background-image":"","background-repeat":"repeat","background-position":"center center","background-size":"auto","background-attachment":"scroll","background-type":"","background-media":"","overlay-type":"","overlay-color":"","overlay-opacity":"","overlay-gradient":""},"mobile":{"background-color":"var(--ast-global-color-5)","background-image":"","background-repeat":"repeat","background-position":"center center","background-size":"auto","background-attachment":"scroll","background-type":"","background-media":"","overlay-type":"","overlay-color":"","overlay-opacity":"","overlay-gradient":""}},"footnotes":""},"categories":[1],"tags":[],"class_list":["post-12711","post","type-post","status-publish","format-standard","has-post-thumbnail","hentry","category-sin-categorizar"],"jetpack_featured_media_url":"https:\/\/www.policiadelneuquen.gob.ar\/wp-content\/uploads\/2021\/11\/b-21.jpg","_links":{"self":[{"href":"https:\/\/www.policiadelneuquen.gob.ar\/index.php\/wp-json\/wp\/v2\/posts\/12711","targetHints":{"allow":["GET"]}}],"collection":[{"href":"https:\/\/www.policiadelneuquen.gob.ar\/index.php\/wp-json\/wp\/v2\/posts"}],"about":[{"href":"https:\/\/www.policiadelneuquen.gob.ar\/index.php\/wp-json\/wp\/v2\/types\/post"}],"author":[{"embeddable":true,"href":"https:\/\/www.policiadelneuquen.gob.ar\/index.php\/wp-json\/wp\/v2\/users\/14"}],"replies":[{"embeddable":true,"href":"https:\/\/www.policiadelneuquen.gob.ar\/index.php\/wp-json\/wp\/v2\/comments?post=12711"}],"version-history":[{"count":2,"href":"https:\/\/www.policiadelneuquen.gob.ar\/index.php\/wp-json\/wp\/v2\/posts\/12711\/revisions"}],"predecessor-version":[{"id":12718,"href":"https:\/\/www.policiadelneuquen.gob.ar\/index.php\/wp-json\/wp\/v2\/posts\/12711\/revisions\/12718"}],"wp:featuredmedia":[{"embeddable":true,"href":"https:\/\/www.policiadelneuquen.gob.ar\/index.php\/wp-json\/wp\/v2\/media\/12716"}],"wp:attachment":[{"href":"https:\/\/www.policiadelneuquen.gob.ar\/index.php\/wp-json\/wp\/v2\/media?parent=12711"}],"wp:term":[{"taxonomy":"category","embeddable":true,"href":"https:\/\/www.policiadelneuquen.gob.ar\/index.php\/wp-json\/wp\/v2\/categories?post=12711"},{"taxonomy":"post_tag","embeddable":true,"href":"https:\/\/www.policiadelneuquen.gob.ar\/index.php\/wp-json\/wp\/v2\/tags?post=12711"}],"curies":[{"name":"wp","href":"https:\/\/api.w.org\/{rel}","templated":true}]}}