{"id":12828,"date":"2021-11-03T10:47:48","date_gmt":"2021-11-03T13:47:48","guid":{"rendered":"https:\/\/www.policiadelneuquen.gob.ar\/?p=12828"},"modified":"2021-11-03T13:05:46","modified_gmt":"2021-11-03T16:05:46","slug":"mariano-moreno-acto-homenaje-a-caidos-en-cumplimiento-del-deber","status":"publish","type":"post","link":"https:\/\/www.policiadelneuquen.gob.ar\/index.php\/mariano-moreno-acto-homenaje-a-caidos-en-cumplimiento-del-deber\/","title":{"rendered":"MARIANO MORENO: Inauguraci\u00f3n monumento ca\u00eddos en cumplimiento del deber"},"content":{"rendered":"\n<p><\/p>\n\n\n\n<p>La ceremonia tuvo lugar a las 18:00 horas, sobre la calle Nicol\u00e1s Salvatori de esa ciudad, siendo presidido por el Diputado Nacional por Neuqu\u00e9n Alberto Vivero junto al intendente de Mariano Moreno el Se\u00f1or Javier Huilip\u00e1n y el Se\u00f1or Jefe de Polic\u00eda Comisario General Julio Peralta, acompa\u00f1ados por el Superintendente de Seguridad Comisario General Miguel \u00c1ngel Riu, el Jefe de Comisar\u00eda 34\u00b0 Comisario Orlando Costas, dem\u00e1s autoridades y personal policial, personal retirado, familia policial, vecinos del lugar.<\/p>\n\n\n\n<p>En la tarde de ayer (02-10) en la localidad de Mariano Moreno, se realiz\u00f3 la inauguraci\u00f3n de un monumento en homenaje a nuestros \u201cM\u00e1rtires Policiales\u201d, por parte del municipio de esa ciudad.<\/p>\n\n\n\n<p>En primera instancia, se realiz\u00f3 la inauguraci\u00f3n del monumento a los \u201cCa\u00eddos en Cumplimiento del Deber\u201d con el respectivo corte de cintas por parte del Jefe de Polic\u00eda, el Intendente de la localidad y el Jefe de Comisaria 34\u00b0. &nbsp;<\/p>\n\n\n\n<p>Seguidamente se entonaron las estrofas de los Himnos Nacional y Provincial, dando lugar a la colocaci\u00f3n de la ofrenda floral, invitando a los presentes a compartir un minuto de silencio, en homenaje a todas las personas fallecidas por la pandemia Covid-19 y por nuestros m\u00e1rtires policiales y en especial homenaje al Oficial Subinspector Sergio Hern\u00e1ndez, ca\u00eddo en cumplimiento del deber el 12 de abril del a\u00f1o 2006.<\/p>\n\n\n\n<p>Continuando con el acto, se procedi\u00f3 al descubrimiento en el lugar de una placa recordatoria de nuestros m\u00e1rtires policiales.<\/p>\n\n\n\n<figure class=\"wp-block-gallery columns-1 is-cropped wp-block-gallery-1 is-layout-flex wp-block-gallery-is-layout-flex\"><ul class=\"blocks-gallery-grid\"><li class=\"blocks-gallery-item\"><figure><img fetchpriority=\"high\" decoding=\"async\" width=\"1024\" height=\"769\" src=\"https:\/\/www.policiadelneuquen.gob.ar\/wp-content\/uploads\/2021\/11\/3-1-1024x769.jpg\" alt=\"\" data-id=\"12833\" data-full-url=\"https:\/\/www.policiadelneuquen.gob.ar\/wp-content\/uploads\/2021\/11\/3-1.jpg\" data-link=\"https:\/\/www.policiadelneuquen.gob.ar\/index.php\/mariano-moreno-acto-homenaje-a-caidos-en-cumplimiento-del-deber\/3-1-8\/\" class=\"wp-image-12833\" srcset=\"https:\/\/www.policiadelneuquen.gob.ar\/wp-content\/uploads\/2021\/11\/3-1-1024x769.jpg 1024w, https:\/\/www.policiadelneuquen.gob.ar\/wp-content\/uploads\/2021\/11\/3-1-300x225.jpg 300w, https:\/\/www.policiadelneuquen.gob.ar\/wp-content\/uploads\/2021\/11\/3-1-768x577.jpg 768w, https:\/\/www.policiadelneuquen.gob.ar\/wp-content\/uploads\/2021\/11\/3-1-920x691.jpg 920w, https:\/\/www.policiadelneuquen.gob.ar\/wp-content\/uploads\/2021\/11\/3-1-230x173.jpg 230w, https:\/\/www.policiadelneuquen.gob.ar\/wp-content\/uploads\/2021\/11\/3-1-350x263.jpg 350w, https:\/\/www.policiadelneuquen.gob.ar\/wp-content\/uploads\/2021\/11\/3-1-480x360.jpg 480w, https:\/\/www.policiadelneuquen.gob.ar\/wp-content\/uploads\/2021\/11\/3-1.jpg 1156w\" sizes=\"(max-width: 1024px) 100vw, 1024px\" \/><\/figure><\/li><\/ul><\/figure>\n\n\n\n<p>Luego, hizo uso de la palabra el Jefe de Polic\u00eda Comisario General Julio Peralta, quien resalt\u00f3 lo que significa llevar adelante el trabajo de cada efectivo en toda la provincia, as\u00ed como el sentimiento ante la partida temprana de un camarada, la tristeza de sus familias y cada uno de sus compa\u00f1eros, reconociendo en cada uno de quienes partieron antes de tiempo, a nuestros \u201c\u00c1ngeles Azules\u201d<\/p>\n\n\n\n<p>Tambi\u00e9n se dirigi\u00f3 a los presentes el Intendente Javier Huilip\u00e1n, quien posterior a palabras de agradecimiento y acompa\u00f1amiento a la Instituci\u00f3n y la familia policial; inst\u00f3 a cada una de las localidades, a sumarse a la iniciativa de honrar a la polic\u00eda del Neuqu\u00e9n, como una Instituci\u00f3n esencial para toda la comunidad; finalizando de esta manera esta emotiva ceremonia, recordando, enalteciendo y teniendo siempre presentes a nuestros ca\u00eddos en cumplimento del deber.<\/p>\n\n\n\n<p>Policia de la provincia del Neuqu\u00e9n\u2026.PRESENTE!<\/p>\n","protected":false},"excerpt":{"rendered":"<p>La ceremonia tuvo lugar a las 18:00 horas, sobre la calle Nicol\u00e1s Salvatori de esa ciudad, siendo presidido por el Diputado Nacional por Neuqu\u00e9n Alberto Vivero junto al intendente de Mariano Moreno el Se\u00f1or Javier Huilip\u00e1n y el Se\u00f1or Jefe de Polic\u00eda Comisario General Julio Peralta, acompa\u00f1ados por el Superintendente de Seguridad Comisario General Miguel [&hellip;]<\/p>\n","protected":false},"author":14,"featured_media":12834,"comment_status":"open","ping_status":"open","sticky":false,"template":"","format":"standard","meta":{"site-sidebar-layout":"default","site-content-layout":"","ast-site-content-layout":"","site-content-style":"default","site-sidebar-style":"default","ast-global-header-display":"","ast-banner-title-visibility":"","ast-main-header-display":"","ast-hfb-above-header-display":"","ast-hfb-below-header-display":"","ast-hfb-mobile-header-display":"","site-post-title":"","ast-breadcrumbs-content":"","ast-featured-img":"","footer-sml-layout":"","theme-transparent-header-meta":"","adv-header-id-meta":"","stick-header-meta":"","header-above-stick-meta":"","header-main-stick-meta":"","header-below-stick-meta":"","astra-migrate-meta-layouts":"default","ast-page-background-enabled":"default","ast-page-background-meta":{"desktop":{"background-color":"","background-image":"","background-repeat":"repeat","background-position":"center center","background-size":"auto","background-attachment":"scroll","background-type":"","background-media":"","overlay-type":"","overlay-color":"","overlay-opacity":"","overlay-gradient":""},"tablet":{"background-color":"","background-image":"","background-repeat":"repeat","background-position":"center center","background-size":"auto","background-attachment":"scroll","background-type":"","background-media":"","overlay-type":"","overlay-color":"","overlay-opacity":"","overlay-gradient":""},"mobile":{"background-color":"","background-image":"","background-repeat":"repeat","background-position":"center center","background-size":"auto","background-attachment":"scroll","background-type":"","background-media":"","overlay-type":"","overlay-color":"","overlay-opacity":"","overlay-gradient":""}},"ast-content-background-meta":{"desktop":{"background-color":"var(--ast-global-color-5)","background-image":"","background-repeat":"repeat","background-position":"center center","background-size":"auto","background-attachment":"scroll","background-type":"","background-media":"","overlay-type":"","overlay-color":"","overlay-opacity":"","overlay-gradient":""},"tablet":{"background-color":"var(--ast-global-color-5)","background-image":"","background-repeat":"repeat","background-position":"center center","background-size":"auto","background-attachment":"scroll","background-type":"","background-media":"","overlay-type":"","overlay-color":"","overlay-opacity":"","overlay-gradient":""},"mobile":{"background-color":"var(--ast-global-color-5)","background-image":"","background-repeat":"repeat","background-position":"center center","background-size":"auto","background-attachment":"scroll","background-type":"","background-media":"","overlay-type":"","overlay-color":"","overlay-opacity":"","overlay-gradient":""}},"footnotes":""},"categories":[1],"tags":[],"class_list":["post-12828","post","type-post","status-publish","format-standard","has-post-thumbnail","hentry","category-sin-categorizar"],"jetpack_featured_media_url":"https:\/\/www.policiadelneuquen.gob.ar\/wp-content\/uploads\/2021\/11\/2.jpg","_links":{"self":[{"href":"https:\/\/www.policiadelneuquen.gob.ar\/index.php\/wp-json\/wp\/v2\/posts\/12828","targetHints":{"allow":["GET"]}}],"collection":[{"href":"https:\/\/www.policiadelneuquen.gob.ar\/index.php\/wp-json\/wp\/v2\/posts"}],"about":[{"href":"https:\/\/www.policiadelneuquen.gob.ar\/index.php\/wp-json\/wp\/v2\/types\/post"}],"author":[{"embeddable":true,"href":"https:\/\/www.policiadelneuquen.gob.ar\/index.php\/wp-json\/wp\/v2\/users\/14"}],"replies":[{"embeddable":true,"href":"https:\/\/www.policiadelneuquen.gob.ar\/index.php\/wp-json\/wp\/v2\/comments?post=12828"}],"version-history":[{"count":3,"href":"https:\/\/www.policiadelneuquen.gob.ar\/index.php\/wp-json\/wp\/v2\/posts\/12828\/revisions"}],"predecessor-version":[{"id":12838,"href":"https:\/\/www.policiadelneuquen.gob.ar\/index.php\/wp-json\/wp\/v2\/posts\/12828\/revisions\/12838"}],"wp:featuredmedia":[{"embeddable":true,"href":"https:\/\/www.policiadelneuquen.gob.ar\/index.php\/wp-json\/wp\/v2\/media\/12834"}],"wp:attachment":[{"href":"https:\/\/www.policiadelneuquen.gob.ar\/index.php\/wp-json\/wp\/v2\/media?parent=12828"}],"wp:term":[{"taxonomy":"category","embeddable":true,"href":"https:\/\/www.policiadelneuquen.gob.ar\/index.php\/wp-json\/wp\/v2\/categories?post=12828"},{"taxonomy":"post_tag","embeddable":true,"href":"https:\/\/www.policiadelneuquen.gob.ar\/index.php\/wp-json\/wp\/v2\/tags?post=12828"}],"curies":[{"name":"wp","href":"https:\/\/api.w.org\/{rel}","templated":true}]}}