{"id":12843,"date":"2021-11-03T14:45:44","date_gmt":"2021-11-03T17:45:44","guid":{"rendered":"https:\/\/www.policiadelneuquen.gob.ar\/?p=12843"},"modified":"2021-11-03T14:45:47","modified_gmt":"2021-11-03T17:45:47","slug":"1443-entrega-de-alometros","status":"publish","type":"post","link":"https:\/\/www.policiadelneuquen.gob.ar\/index.php\/1443-entrega-de-alometros\/","title":{"rendered":"14:43 Entrega de Al\u00f3metros"},"content":{"rendered":"\n<p>Dos Al\u00f3metros nuevos fueron entregados a la Polic\u00eda de Neuqu\u00e9n hoy por la ma\u00f1ana, durante un acto realizado en la Isla 132 en el Paseo de la Costa. Las entregas estuvieron a cargo del Sr. Gobernador de la provincia Dr. Omar Guti\u00e9rrez, la Ministra de Seguridad y Gobierno Vanina Merlo y representantes de la Agencia Nacional de Seguridad Vial.<\/p>\n\n\n\n<p>Dicha entrega se llev\u00f3 a cabo en el marco de la Prevenci\u00f3n Vial, que a trav\u00e9s de la Agencia de Seguridad Vial y con un trabajo mancomunado de las distintas instituciones provinciales, se busca sumar recursos para profundizar en las tareas de prevenci\u00f3n de siniestros.<\/p>\n\n\n\n<p>Dichos elementos, ser\u00e1n destinados para la Direcci\u00f3n Tr\u00e1nsito de la Polic\u00eda del Neuqu\u00e9n.<\/p>\n\n\n\n<figure class=\"wp-block-image size-large\"><img fetchpriority=\"high\" decoding=\"async\" width=\"1024\" height=\"460\" src=\"https:\/\/www.policiadelneuquen.gob.ar\/wp-content\/uploads\/2021\/11\/WhatsApp-Image-2021-11-03-at-12.18.53-1-1024x460.jpeg\" alt=\"\" class=\"wp-image-12845\" srcset=\"https:\/\/www.policiadelneuquen.gob.ar\/wp-content\/uploads\/2021\/11\/WhatsApp-Image-2021-11-03-at-12.18.53-1-1024x460.jpeg 1024w, https:\/\/www.policiadelneuquen.gob.ar\/wp-content\/uploads\/2021\/11\/WhatsApp-Image-2021-11-03-at-12.18.53-1-300x135.jpeg 300w, https:\/\/www.policiadelneuquen.gob.ar\/wp-content\/uploads\/2021\/11\/WhatsApp-Image-2021-11-03-at-12.18.53-1-768x345.jpeg 768w, https:\/\/www.policiadelneuquen.gob.ar\/wp-content\/uploads\/2021\/11\/WhatsApp-Image-2021-11-03-at-12.18.53-1-920x413.jpeg 920w, https:\/\/www.policiadelneuquen.gob.ar\/wp-content\/uploads\/2021\/11\/WhatsApp-Image-2021-11-03-at-12.18.53-1-230x103.jpeg 230w, https:\/\/www.policiadelneuquen.gob.ar\/wp-content\/uploads\/2021\/11\/WhatsApp-Image-2021-11-03-at-12.18.53-1-350x157.jpeg 350w, https:\/\/www.policiadelneuquen.gob.ar\/wp-content\/uploads\/2021\/11\/WhatsApp-Image-2021-11-03-at-12.18.53-1-480x216.jpeg 480w, https:\/\/www.policiadelneuquen.gob.ar\/wp-content\/uploads\/2021\/11\/WhatsApp-Image-2021-11-03-at-12.18.53-1.jpeg 1280w\" sizes=\"(max-width: 1024px) 100vw, 1024px\" \/><\/figure>\n","protected":false},"excerpt":{"rendered":"<p>Dos Al\u00f3metros nuevos fueron entregados a la Polic\u00eda de Neuqu\u00e9n hoy por la ma\u00f1ana, durante un acto realizado en la Isla 132 en el Paseo de la Costa. Las entregas estuvieron a cargo del Sr. Gobernador de la provincia Dr. Omar Guti\u00e9rrez, la Ministra de Seguridad y Gobierno Vanina Merlo y representantes de la Agencia [&hellip;]<\/p>\n","protected":false},"author":14,"featured_media":12840,"comment_status":"open","ping_status":"open","sticky":false,"template":"","format":"standard","meta":{"site-sidebar-layout":"default","site-content-layout":"","ast-site-content-layout":"","site-content-style":"default","site-sidebar-style":"default","ast-global-header-display":"","ast-banner-title-visibility":"","ast-main-header-display":"","ast-hfb-above-header-display":"","ast-hfb-below-header-display":"","ast-hfb-mobile-header-display":"","site-post-title":"","ast-breadcrumbs-content":"","ast-featured-img":"","footer-sml-layout":"","theme-transparent-header-meta":"","adv-header-id-meta":"","stick-header-meta":"","header-above-stick-meta":"","header-main-stick-meta":"","header-below-stick-meta":"","astra-migrate-meta-layouts":"default","ast-page-background-enabled":"default","ast-page-background-meta":{"desktop":{"background-color":"","background-image":"","background-repeat":"repeat","background-position":"center center","background-size":"auto","background-attachment":"scroll","background-type":"","background-media":"","overlay-type":"","overlay-color":"","overlay-opacity":"","overlay-gradient":""},"tablet":{"background-color":"","background-image":"","background-repeat":"repeat","background-position":"center center","background-size":"auto","background-attachment":"scroll","background-type":"","background-media":"","overlay-type":"","overlay-color":"","overlay-opacity":"","overlay-gradient":""},"mobile":{"background-color":"","background-image":"","background-repeat":"repeat","background-position":"center center","background-size":"auto","background-attachment":"scroll","background-type":"","background-media":"","overlay-type":"","overlay-color":"","overlay-opacity":"","overlay-gradient":""}},"ast-content-background-meta":{"desktop":{"background-color":"var(--ast-global-color-5)","background-image":"","background-repeat":"repeat","background-position":"center center","background-size":"auto","background-attachment":"scroll","background-type":"","background-media":"","overlay-type":"","overlay-color":"","overlay-opacity":"","overlay-gradient":""},"tablet":{"background-color":"var(--ast-global-color-5)","background-image":"","background-repeat":"repeat","background-position":"center center","background-size":"auto","background-attachment":"scroll","background-type":"","background-media":"","overlay-type":"","overlay-color":"","overlay-opacity":"","overlay-gradient":""},"mobile":{"background-color":"var(--ast-global-color-5)","background-image":"","background-repeat":"repeat","background-position":"center center","background-size":"auto","background-attachment":"scroll","background-type":"","background-media":"","overlay-type":"","overlay-color":"","overlay-opacity":"","overlay-gradient":""}},"footnotes":""},"categories":[1],"tags":[],"class_list":["post-12843","post","type-post","status-publish","format-standard","has-post-thumbnail","hentry","category-sin-categorizar"],"jetpack_featured_media_url":"https:\/\/www.policiadelneuquen.gob.ar\/wp-content\/uploads\/2021\/11\/WhatsApp-Image-2021-11-03-at-12.18.54.jpeg","_links":{"self":[{"href":"https:\/\/www.policiadelneuquen.gob.ar\/index.php\/wp-json\/wp\/v2\/posts\/12843","targetHints":{"allow":["GET"]}}],"collection":[{"href":"https:\/\/www.policiadelneuquen.gob.ar\/index.php\/wp-json\/wp\/v2\/posts"}],"about":[{"href":"https:\/\/www.policiadelneuquen.gob.ar\/index.php\/wp-json\/wp\/v2\/types\/post"}],"author":[{"embeddable":true,"href":"https:\/\/www.policiadelneuquen.gob.ar\/index.php\/wp-json\/wp\/v2\/users\/14"}],"replies":[{"embeddable":true,"href":"https:\/\/www.policiadelneuquen.gob.ar\/index.php\/wp-json\/wp\/v2\/comments?post=12843"}],"version-history":[{"count":2,"href":"https:\/\/www.policiadelneuquen.gob.ar\/index.php\/wp-json\/wp\/v2\/posts\/12843\/revisions"}],"predecessor-version":[{"id":12847,"href":"https:\/\/www.policiadelneuquen.gob.ar\/index.php\/wp-json\/wp\/v2\/posts\/12843\/revisions\/12847"}],"wp:featuredmedia":[{"embeddable":true,"href":"https:\/\/www.policiadelneuquen.gob.ar\/index.php\/wp-json\/wp\/v2\/media\/12840"}],"wp:attachment":[{"href":"https:\/\/www.policiadelneuquen.gob.ar\/index.php\/wp-json\/wp\/v2\/media?parent=12843"}],"wp:term":[{"taxonomy":"category","embeddable":true,"href":"https:\/\/www.policiadelneuquen.gob.ar\/index.php\/wp-json\/wp\/v2\/categories?post=12843"},{"taxonomy":"post_tag","embeddable":true,"href":"https:\/\/www.policiadelneuquen.gob.ar\/index.php\/wp-json\/wp\/v2\/tags?post=12843"}],"curies":[{"name":"wp","href":"https:\/\/api.w.org\/{rel}","templated":true}]}}