{"id":12848,"date":"2021-11-04T08:34:32","date_gmt":"2021-11-04T11:34:32","guid":{"rendered":"https:\/\/www.policiadelneuquen.gob.ar\/?p=12848"},"modified":"2021-11-04T08:34:36","modified_gmt":"2021-11-04T11:34:36","slug":"0831-cutral-co-demorado-por-robo","status":"publish","type":"post","link":"https:\/\/www.policiadelneuquen.gob.ar\/index.php\/0831-cutral-co-demorado-por-robo\/","title":{"rendered":"08:31 Cutral C\u00f3.- Demorado por robo"},"content":{"rendered":"\n<p>D\u00edas atr\u00e1s personal policial dependiente de la Direcci\u00f3n Seguridad Interior Cutral C\u00f3, demor\u00f3 a un hombre que hab\u00eda ingresado al patio de una vivienda con intenciones de robo, en la comarca petrolera.<\/p>\n\n\n\n<p>En horas de la tarde del domingo, personal policial fue alertado v\u00eda telef\u00f3nica, que personas desconocidas habr\u00edan ingresado al patio de una vivienda ubicada en la intersecci\u00f3n de calle Sgto. Cabral y 24 de abril, con aparentes intenciones de robo.<\/p>\n\n\n\n<p>Inmediatamente lleg\u00f3 al lugar el personal policial, ubicando a un sujeto que sal\u00eda del patio trasero escalando un pared\u00f3n. Inmediatamente fue aprehendido e identificado. El sujeto relataba que era su vivienda y que se hab\u00eda olvidado las llaves.<\/p>\n\n\n\n<p>Luego de algunas averiguaciones los efectivos constataron que este sujeto no era el propietario de la vivienda y corroboraron que la puerta trasera de la vivienda se encontraba da\u00f1ada y que algunos elementos estaban preparados para sacarlos del domicilio.<\/p>\n\n\n\n<p>Como resultado el sujeto fue demorado, trasladado a la Unidad y puesto a disposici\u00f3n del \u00e1rea Judicial.<\/p>\n","protected":false},"excerpt":{"rendered":"<p>D\u00edas atr\u00e1s personal policial dependiente de la Direcci\u00f3n Seguridad Interior Cutral C\u00f3, demor\u00f3 a un hombre que hab\u00eda ingresado al patio de una vivienda con intenciones de robo, en la comarca petrolera. En horas de la tarde del domingo, personal policial fue alertado v\u00eda telef\u00f3nica, que personas desconocidas habr\u00edan ingresado al patio de una vivienda [&hellip;]<\/p>\n","protected":false},"author":11,"featured_media":12849,"comment_status":"open","ping_status":"open","sticky":false,"template":"","format":"standard","meta":{"site-sidebar-layout":"default","site-content-layout":"","ast-site-content-layout":"","site-content-style":"default","site-sidebar-style":"default","ast-global-header-display":"","ast-banner-title-visibility":"","ast-main-header-display":"","ast-hfb-above-header-display":"","ast-hfb-below-header-display":"","ast-hfb-mobile-header-display":"","site-post-title":"","ast-breadcrumbs-content":"","ast-featured-img":"","footer-sml-layout":"","theme-transparent-header-meta":"","adv-header-id-meta":"","stick-header-meta":"","header-above-stick-meta":"","header-main-stick-meta":"","header-below-stick-meta":"","astra-migrate-meta-layouts":"default","ast-page-background-enabled":"default","ast-page-background-meta":{"desktop":{"background-color":"","background-image":"","background-repeat":"repeat","background-position":"center center","background-size":"auto","background-attachment":"scroll","background-type":"","background-media":"","overlay-type":"","overlay-color":"","overlay-opacity":"","overlay-gradient":""},"tablet":{"background-color":"","background-image":"","background-repeat":"repeat","background-position":"center center","background-size":"auto","background-attachment":"scroll","background-type":"","background-media":"","overlay-type":"","overlay-color":"","overlay-opacity":"","overlay-gradient":""},"mobile":{"background-color":"","background-image":"","background-repeat":"repeat","background-position":"center center","background-size":"auto","background-attachment":"scroll","background-type":"","background-media":"","overlay-type":"","overlay-color":"","overlay-opacity":"","overlay-gradient":""}},"ast-content-background-meta":{"desktop":{"background-color":"var(--ast-global-color-5)","background-image":"","background-repeat":"repeat","background-position":"center center","background-size":"auto","background-attachment":"scroll","background-type":"","background-media":"","overlay-type":"","overlay-color":"","overlay-opacity":"","overlay-gradient":""},"tablet":{"background-color":"var(--ast-global-color-5)","background-image":"","background-repeat":"repeat","background-position":"center center","background-size":"auto","background-attachment":"scroll","background-type":"","background-media":"","overlay-type":"","overlay-color":"","overlay-opacity":"","overlay-gradient":""},"mobile":{"background-color":"var(--ast-global-color-5)","background-image":"","background-repeat":"repeat","background-position":"center center","background-size":"auto","background-attachment":"scroll","background-type":"","background-media":"","overlay-type":"","overlay-color":"","overlay-opacity":"","overlay-gradient":""}},"footnotes":""},"categories":[1],"tags":[],"class_list":["post-12848","post","type-post","status-publish","format-standard","has-post-thumbnail","hentry","category-sin-categorizar"],"jetpack_featured_media_url":"https:\/\/www.policiadelneuquen.gob.ar\/wp-content\/uploads\/2021\/11\/Demorado-por-robo-cco.jpg","_links":{"self":[{"href":"https:\/\/www.policiadelneuquen.gob.ar\/index.php\/wp-json\/wp\/v2\/posts\/12848","targetHints":{"allow":["GET"]}}],"collection":[{"href":"https:\/\/www.policiadelneuquen.gob.ar\/index.php\/wp-json\/wp\/v2\/posts"}],"about":[{"href":"https:\/\/www.policiadelneuquen.gob.ar\/index.php\/wp-json\/wp\/v2\/types\/post"}],"author":[{"embeddable":true,"href":"https:\/\/www.policiadelneuquen.gob.ar\/index.php\/wp-json\/wp\/v2\/users\/11"}],"replies":[{"embeddable":true,"href":"https:\/\/www.policiadelneuquen.gob.ar\/index.php\/wp-json\/wp\/v2\/comments?post=12848"}],"version-history":[{"count":1,"href":"https:\/\/www.policiadelneuquen.gob.ar\/index.php\/wp-json\/wp\/v2\/posts\/12848\/revisions"}],"predecessor-version":[{"id":12851,"href":"https:\/\/www.policiadelneuquen.gob.ar\/index.php\/wp-json\/wp\/v2\/posts\/12848\/revisions\/12851"}],"wp:featuredmedia":[{"embeddable":true,"href":"https:\/\/www.policiadelneuquen.gob.ar\/index.php\/wp-json\/wp\/v2\/media\/12849"}],"wp:attachment":[{"href":"https:\/\/www.policiadelneuquen.gob.ar\/index.php\/wp-json\/wp\/v2\/media?parent=12848"}],"wp:term":[{"taxonomy":"category","embeddable":true,"href":"https:\/\/www.policiadelneuquen.gob.ar\/index.php\/wp-json\/wp\/v2\/categories?post=12848"},{"taxonomy":"post_tag","embeddable":true,"href":"https:\/\/www.policiadelneuquen.gob.ar\/index.php\/wp-json\/wp\/v2\/tags?post=12848"}],"curies":[{"name":"wp","href":"https:\/\/api.w.org\/{rel}","templated":true}]}}