{"id":13522,"date":"2021-11-11T16:34:08","date_gmt":"2021-11-11T19:34:08","guid":{"rendered":"https:\/\/www.policiadelneuquen.gob.ar\/?p=13522"},"modified":"2021-11-11T16:44:24","modified_gmt":"2021-11-11T19:44:24","slug":"1633-s-m-a-personal-policial-participo-de-la-semana-de-los-derechos-del-nino-nina-y-adolescente","status":"publish","type":"post","link":"https:\/\/www.policiadelneuquen.gob.ar\/index.php\/1633-s-m-a-personal-policial-participo-de-la-semana-de-los-derechos-del-nino-nina-y-adolescente\/","title":{"rendered":"16:33 S.M.A.- Personal policial particip\u00f3 de la \u201cSemana de los derechos del ni\u00f1o, ni\u00f1a y adolescente\u201d"},"content":{"rendered":"\n<p>Personal policial con servicios en la Divisi\u00f3n Tr\u00e1nsito San Mart\u00edn de los Andes, particip\u00f3 en la ma\u00f1ana del jueves de la jornada denominada \u201cSemana de los derechos del ni\u00f1o, ni\u00f1a y adolescente\u201d, desarrollada en el Centro de Desarrollo Infantil Cordones de Chapelco, de la ciudad de San Mart\u00edn de los Andes.<\/p>\n\n\n\n<p>Durante el evento, del que tambi\u00e9n participaron docentes, bomberos voluntarios y personal de salud, los uniformados interactuaron con los peque\u00f1os, que aprovecharon la oportunidad para inmortalizar el momento con fotograf\u00edas.<\/p>\n\n\n\n<p>El personal policial acudi\u00f3 al lugar con m\u00f3viles policiales, se\u00f1alizaci\u00f3n vial y carritos, que los ni\u00f1os pudieron utilizar para participar de diversas actividades vinculadas con la educaci\u00f3n vial.<\/p>\n\n\n<figure class=\"gallery-item\">\n\t\t\t\t<a data-elementor-open-lightbox=\"yes\" data-elementor-lightbox-slideshow=\"05bc533\" data-elementor-lightbox-title=\"WhatsApp Image 2021-11-11 at 14.41.05 (1)\" href=\"https:\/\/www.policiadelneuquen.gob.ar\/wp-content\/uploads\/2021\/11\/WhatsApp-Image-2021-11-11-at-14.41.05-1.jpg\"><img loading=\"lazy\" decoding=\"async\" width=\"150\" height=\"150\" src=\"https:\/\/www.policiadelneuquen.gob.ar\/wp-content\/uploads\/2021\/11\/WhatsApp-Image-2021-11-11-at-14.41.05-1-150x150.jpg\" alt=\"\" loading=\"lazy\" srcset=\"https:\/\/i2.wp.com\/www.policiadelneuquen.gob.ar\/wp-content\/uploads\/2021\/11\/WhatsApp-Image-2021-11-11-at-14.41.05-1.jpg?resize=150%2C150&amp;ssl=1 150w, https:\/\/i2.wp.com\/www.policiadelneuquen.gob.ar\/wp-content\/uploads\/2021\/11\/WhatsApp-Image-2021-11-11-at-14.41.05-1.jpg?resize=250%2C250&amp;ssl=1 250w, https:\/\/i2.wp.com\/www.policiadelneuquen.gob.ar\/wp-content\/uploads\/2021\/11\/WhatsApp-Image-2021-11-11-at-14.41.05-1.jpg?zoom=2&amp;resize=150%2C150&amp;ssl=1 300w, https:\/\/i2.wp.com\/www.policiadelneuquen.gob.ar\/wp-content\/uploads\/2021\/11\/WhatsApp-Image-2021-11-11-at-14.41.05-1.jpg?zoom=3&amp;resize=150%2C150&amp;ssl=1 450w\" sizes=\"auto, (max-width: 150px) 100vw, 150px\"><\/a><br>\n\t\t\t<\/figure>\n<figure class=\"gallery-item\">\n\t\t\t\t<a data-elementor-open-lightbox=\"yes\" data-elementor-lightbox-slideshow=\"05bc533\" data-elementor-lightbox-title=\"WhatsApp Image 2021-11-11 at 14.41.05\" href=\"https:\/\/www.policiadelneuquen.gob.ar\/wp-content\/uploads\/2021\/11\/WhatsApp-Image-2021-11-11-at-14.41.05.jpg\"><img loading=\"lazy\" decoding=\"async\" width=\"150\" height=\"150\" src=\"https:\/\/www.policiadelneuquen.gob.ar\/wp-content\/uploads\/2021\/11\/WhatsApp-Image-2021-11-11-at-14.41.05-150x150.jpg\" alt=\"\" loading=\"lazy\" srcset=\"https:\/\/i2.wp.com\/www.policiadelneuquen.gob.ar\/wp-content\/uploads\/2021\/11\/WhatsApp-Image-2021-11-11-at-14.41.05.jpg?resize=150%2C150&amp;ssl=1 150w, https:\/\/i2.wp.com\/www.policiadelneuquen.gob.ar\/wp-content\/uploads\/2021\/11\/WhatsApp-Image-2021-11-11-at-14.41.05.jpg?resize=250%2C250&amp;ssl=1 250w, https:\/\/i2.wp.com\/www.policiadelneuquen.gob.ar\/wp-content\/uploads\/2021\/11\/WhatsApp-Image-2021-11-11-at-14.41.05.jpg?zoom=2&amp;resize=150%2C150&amp;ssl=1 300w, https:\/\/i2.wp.com\/www.policiadelneuquen.gob.ar\/wp-content\/uploads\/2021\/11\/WhatsApp-Image-2021-11-11-at-14.41.05.jpg?zoom=3&amp;resize=150%2C150&amp;ssl=1 450w\" sizes=\"auto, (max-width: 150px) 100vw, 150px\"><\/a><br>\n\t\t\t<\/figure>\n<figure class=\"gallery-item\">\n\t\t\t\t<a data-elementor-open-lightbox=\"yes\" data-elementor-lightbox-slideshow=\"05bc533\" data-elementor-lightbox-title=\"WhatsApp Image 2021-11-11 at 14.41.06 (2)\" href=\"https:\/\/www.policiadelneuquen.gob.ar\/wp-content\/uploads\/2021\/11\/WhatsApp-Image-2021-11-11-at-14.41.06-2.jpg\"><img loading=\"lazy\" decoding=\"async\" width=\"150\" height=\"150\" src=\"https:\/\/www.policiadelneuquen.gob.ar\/wp-content\/uploads\/2021\/11\/WhatsApp-Image-2021-11-11-at-14.41.06-2-150x150.jpg\" alt=\"\" loading=\"lazy\" srcset=\"https:\/\/i1.wp.com\/www.policiadelneuquen.gob.ar\/wp-content\/uploads\/2021\/11\/WhatsApp-Image-2021-11-11-at-14.41.06-2.jpg?resize=150%2C150&amp;ssl=1 150w, https:\/\/i1.wp.com\/www.policiadelneuquen.gob.ar\/wp-content\/uploads\/2021\/11\/WhatsApp-Image-2021-11-11-at-14.41.06-2.jpg?resize=250%2C250&amp;ssl=1 250w, https:\/\/i1.wp.com\/www.policiadelneuquen.gob.ar\/wp-content\/uploads\/2021\/11\/WhatsApp-Image-2021-11-11-at-14.41.06-2.jpg?zoom=2&amp;resize=150%2C150&amp;ssl=1 300w, https:\/\/i1.wp.com\/www.policiadelneuquen.gob.ar\/wp-content\/uploads\/2021\/11\/WhatsApp-Image-2021-11-11-at-14.41.06-2.jpg?zoom=3&amp;resize=150%2C150&amp;ssl=1 450w\" sizes=\"auto, (max-width: 150px) 100vw, 150px\"><\/a><br>\n\t\t\t<\/figure>\n<figure class=\"gallery-item\">\n\t\t\t\t<a data-elementor-open-lightbox=\"yes\" data-elementor-lightbox-slideshow=\"05bc533\" data-elementor-lightbox-title=\"WhatsApp Image 2021-11-11 at 14.41.06\" href=\"https:\/\/www.policiadelneuquen.gob.ar\/wp-content\/uploads\/2021\/11\/WhatsApp-Image-2021-11-11-at-14.41.06.jpg\"><img loading=\"lazy\" decoding=\"async\" width=\"150\" height=\"150\" src=\"https:\/\/www.policiadelneuquen.gob.ar\/wp-content\/uploads\/2021\/11\/WhatsApp-Image-2021-11-11-at-14.41.06-150x150.jpg\" alt=\"\" loading=\"lazy\" srcset=\"https:\/\/i1.wp.com\/www.policiadelneuquen.gob.ar\/wp-content\/uploads\/2021\/11\/WhatsApp-Image-2021-11-11-at-14.41.06.jpg?resize=150%2C150&amp;ssl=1 150w, https:\/\/i1.wp.com\/www.policiadelneuquen.gob.ar\/wp-content\/uploads\/2021\/11\/WhatsApp-Image-2021-11-11-at-14.41.06.jpg?resize=250%2C250&amp;ssl=1 250w, https:\/\/i1.wp.com\/www.policiadelneuquen.gob.ar\/wp-content\/uploads\/2021\/11\/WhatsApp-Image-2021-11-11-at-14.41.06.jpg?zoom=2&amp;resize=150%2C150&amp;ssl=1 300w, https:\/\/i1.wp.com\/www.policiadelneuquen.gob.ar\/wp-content\/uploads\/2021\/11\/WhatsApp-Image-2021-11-11-at-14.41.06.jpg?zoom=3&amp;resize=150%2C150&amp;ssl=1 450w\" sizes=\"auto, (max-width: 150px) 100vw, 150px\"><\/a><br>\n\t\t\t<\/figure>\n<figure class=\"gallery-item\">\n\t\t\t\t<a data-elementor-open-lightbox=\"yes\" data-elementor-lightbox-slideshow=\"05bc533\" data-elementor-lightbox-title=\"WhatsApp Image 2021-11-11 at 14.41.07 (1)\" href=\"https:\/\/www.policiadelneuquen.gob.ar\/wp-content\/uploads\/2021\/11\/WhatsApp-Image-2021-11-11-at-14.41.07-1.jpg\"><img loading=\"lazy\" decoding=\"async\" width=\"150\" height=\"150\" src=\"https:\/\/www.policiadelneuquen.gob.ar\/wp-content\/uploads\/2021\/11\/WhatsApp-Image-2021-11-11-at-14.41.07-1-150x150.jpg\" alt=\"\" loading=\"lazy\" srcset=\"https:\/\/i1.wp.com\/www.policiadelneuquen.gob.ar\/wp-content\/uploads\/2021\/11\/WhatsApp-Image-2021-11-11-at-14.41.07-1.jpg?resize=150%2C150&amp;ssl=1 150w, https:\/\/i1.wp.com\/www.policiadelneuquen.gob.ar\/wp-content\/uploads\/2021\/11\/WhatsApp-Image-2021-11-11-at-14.41.07-1.jpg?resize=250%2C250&amp;ssl=1 250w, https:\/\/i1.wp.com\/www.policiadelneuquen.gob.ar\/wp-content\/uploads\/2021\/11\/WhatsApp-Image-2021-11-11-at-14.41.07-1.jpg?zoom=2&amp;resize=150%2C150&amp;ssl=1 300w, https:\/\/i1.wp.com\/www.policiadelneuquen.gob.ar\/wp-content\/uploads\/2021\/11\/WhatsApp-Image-2021-11-11-at-14.41.07-1.jpg?zoom=3&amp;resize=150%2C150&amp;ssl=1 450w\" sizes=\"auto, (max-width: 150px) 100vw, 150px\"><\/a><br>\n\t\t\t<\/figure>\n<figure class=\"gallery-item\">\n\t\t\t\t<a data-elementor-open-lightbox=\"yes\" data-elementor-lightbox-slideshow=\"05bc533\" data-elementor-lightbox-title=\"WhatsApp Image 2021-11-11 at 14.41.07 (2)\" href=\"https:\/\/www.policiadelneuquen.gob.ar\/wp-content\/uploads\/2021\/11\/WhatsApp-Image-2021-11-11-at-14.41.07-2.jpg\"><img loading=\"lazy\" decoding=\"async\" width=\"150\" height=\"150\" src=\"https:\/\/www.policiadelneuquen.gob.ar\/wp-content\/uploads\/2021\/11\/WhatsApp-Image-2021-11-11-at-14.41.07-2-150x150.jpg\" alt=\"\" loading=\"lazy\" srcset=\"https:\/\/i2.wp.com\/www.policiadelneuquen.gob.ar\/wp-content\/uploads\/2021\/11\/WhatsApp-Image-2021-11-11-at-14.41.07-2.jpg?resize=150%2C150&amp;ssl=1 150w, https:\/\/i2.wp.com\/www.policiadelneuquen.gob.ar\/wp-content\/uploads\/2021\/11\/WhatsApp-Image-2021-11-11-at-14.41.07-2.jpg?resize=250%2C250&amp;ssl=1 250w, https:\/\/i2.wp.com\/www.policiadelneuquen.gob.ar\/wp-content\/uploads\/2021\/11\/WhatsApp-Image-2021-11-11-at-14.41.07-2.jpg?zoom=2&amp;resize=150%2C150&amp;ssl=1 300w, https:\/\/i2.wp.com\/www.policiadelneuquen.gob.ar\/wp-content\/uploads\/2021\/11\/WhatsApp-Image-2021-11-11-at-14.41.07-2.jpg?zoom=3&amp;resize=150%2C150&amp;ssl=1 450w\" sizes=\"auto, (max-width: 150px) 100vw, 150px\"><\/a><br>\n\t\t\t<\/figure>\n<figure class=\"gallery-item\">\n\t\t\t\t<a data-elementor-open-lightbox=\"yes\" data-elementor-lightbox-slideshow=\"05bc533\" data-elementor-lightbox-title=\"WhatsApp Image 2021-11-11 at 14.41.07\" href=\"https:\/\/www.policiadelneuquen.gob.ar\/wp-content\/uploads\/2021\/11\/WhatsApp-Image-2021-11-11-at-14.41.07.jpg\"><img loading=\"lazy\" decoding=\"async\" width=\"150\" height=\"150\" src=\"https:\/\/www.policiadelneuquen.gob.ar\/wp-content\/uploads\/2021\/11\/WhatsApp-Image-2021-11-11-at-14.41.07-150x150.jpg\" alt=\"\" loading=\"lazy\" srcset=\"https:\/\/i0.wp.com\/www.policiadelneuquen.gob.ar\/wp-content\/uploads\/2021\/11\/WhatsApp-Image-2021-11-11-at-14.41.07.jpg?resize=150%2C150&amp;ssl=1 150w, https:\/\/i0.wp.com\/www.policiadelneuquen.gob.ar\/wp-content\/uploads\/2021\/11\/WhatsApp-Image-2021-11-11-at-14.41.07.jpg?resize=250%2C250&amp;ssl=1 250w, https:\/\/i0.wp.com\/www.policiadelneuquen.gob.ar\/wp-content\/uploads\/2021\/11\/WhatsApp-Image-2021-11-11-at-14.41.07.jpg?zoom=2&amp;resize=150%2C150&amp;ssl=1 300w, https:\/\/i0.wp.com\/www.policiadelneuquen.gob.ar\/wp-content\/uploads\/2021\/11\/WhatsApp-Image-2021-11-11-at-14.41.07.jpg?zoom=3&amp;resize=150%2C150&amp;ssl=1 450w\" sizes=\"auto, (max-width: 150px) 100vw, 150px\"><\/a><br>\n\t\t\t<\/figure>\n<figure class=\"gallery-item\">\n\t\t\t\t<a data-elementor-open-lightbox=\"yes\" data-elementor-lightbox-slideshow=\"05bc533\" data-elementor-lightbox-title=\"WhatsApp Image 2021-11-11 at 14.41.08\" href=\"https:\/\/www.policiadelneuquen.gob.ar\/wp-content\/uploads\/2021\/11\/WhatsApp-Image-2021-11-11-at-14.41.08.jpg\"><img loading=\"lazy\" decoding=\"async\" width=\"150\" height=\"150\" src=\"https:\/\/www.policiadelneuquen.gob.ar\/wp-content\/uploads\/2021\/11\/WhatsApp-Image-2021-11-11-at-14.41.08-150x150.jpg\" alt=\"\" loading=\"lazy\" srcset=\"https:\/\/i1.wp.com\/www.policiadelneuquen.gob.ar\/wp-content\/uploads\/2021\/11\/WhatsApp-Image-2021-11-11-at-14.41.08.jpg?resize=150%2C150&amp;ssl=1 150w, https:\/\/i1.wp.com\/www.policiadelneuquen.gob.ar\/wp-content\/uploads\/2021\/11\/WhatsApp-Image-2021-11-11-at-14.41.08.jpg?resize=250%2C250&amp;ssl=1 250w, https:\/\/i1.wp.com\/www.policiadelneuquen.gob.ar\/wp-content\/uploads\/2021\/11\/WhatsApp-Image-2021-11-11-at-14.41.08.jpg?zoom=2&amp;resize=150%2C150&amp;ssl=1 300w, https:\/\/i1.wp.com\/www.policiadelneuquen.gob.ar\/wp-content\/uploads\/2021\/11\/WhatsApp-Image-2021-11-11-at-14.41.08.jpg?zoom=3&amp;resize=150%2C150&amp;ssl=1 450w\" sizes=\"auto, (max-width: 150px) 100vw, 150px\"><\/a><br>\n\t\t\t<\/figure>","protected":false},"excerpt":{"rendered":"<p>Personal policial con servicios en la Divisi\u00f3n Tr\u00e1nsito San Mart\u00edn de los Andes, particip\u00f3 en la ma\u00f1ana del jueves de la jornada denominada \u201cSemana de los derechos del ni\u00f1o, ni\u00f1a y adolescente\u201d, desarrollada en el Centro de Desarrollo Infantil Cordones de Chapelco, de la ciudad de San Mart\u00edn de los Andes. Durante el evento, del [&hellip;]<\/p>\n","protected":false},"author":11,"featured_media":13526,"comment_status":"open","ping_status":"open","sticky":false,"template":"","format":"standard","meta":{"site-sidebar-layout":"default","site-content-layout":"","ast-site-content-layout":"","site-content-style":"default","site-sidebar-style":"default","ast-global-header-display":"","ast-banner-title-visibility":"","ast-main-header-display":"","ast-hfb-above-header-display":"","ast-hfb-below-header-display":"","ast-hfb-mobile-header-display":"","site-post-title":"","ast-breadcrumbs-content":"","ast-featured-img":"","footer-sml-layout":"","theme-transparent-header-meta":"","adv-header-id-meta":"","stick-header-meta":"","header-above-stick-meta":"","header-main-stick-meta":"","header-below-stick-meta":"","astra-migrate-meta-layouts":"default","ast-page-background-enabled":"default","ast-page-background-meta":{"desktop":{"background-color":"","background-image":"","background-repeat":"repeat","background-position":"center center","background-size":"auto","background-attachment":"scroll","background-type":"","background-media":"","overlay-type":"","overlay-color":"","overlay-opacity":"","overlay-gradient":""},"tablet":{"background-color":"","background-image":"","background-repeat":"repeat","background-position":"center center","background-size":"auto","background-attachment":"scroll","background-type":"","background-media":"","overlay-type":"","overlay-color":"","overlay-opacity":"","overlay-gradient":""},"mobile":{"background-color":"","background-image":"","background-repeat":"repeat","background-position":"center center","background-size":"auto","background-attachment":"scroll","background-type":"","background-media":"","overlay-type":"","overlay-color":"","overlay-opacity":"","overlay-gradient":""}},"ast-content-background-meta":{"desktop":{"background-color":"var(--ast-global-color-5)","background-image":"","background-repeat":"repeat","background-position":"center center","background-size":"auto","background-attachment":"scroll","background-type":"","background-media":"","overlay-type":"","overlay-color":"","overlay-opacity":"","overlay-gradient":""},"tablet":{"background-color":"var(--ast-global-color-5)","background-image":"","background-repeat":"repeat","background-position":"center center","background-size":"auto","background-attachment":"scroll","background-type":"","background-media":"","overlay-type":"","overlay-color":"","overlay-opacity":"","overlay-gradient":""},"mobile":{"background-color":"var(--ast-global-color-5)","background-image":"","background-repeat":"repeat","background-position":"center center","background-size":"auto","background-attachment":"scroll","background-type":"","background-media":"","overlay-type":"","overlay-color":"","overlay-opacity":"","overlay-gradient":""}},"footnotes":""},"categories":[1],"tags":[],"class_list":["post-13522","post","type-post","status-publish","format-standard","has-post-thumbnail","hentry","category-sin-categorizar"],"jetpack_featured_media_url":"https:\/\/www.policiadelneuquen.gob.ar\/wp-content\/uploads\/2021\/11\/WhatsApp-Image-2021-11-11-at-14.41.05.jpg","_links":{"self":[{"href":"https:\/\/www.policiadelneuquen.gob.ar\/index.php\/wp-json\/wp\/v2\/posts\/13522","targetHints":{"allow":["GET"]}}],"collection":[{"href":"https:\/\/www.policiadelneuquen.gob.ar\/index.php\/wp-json\/wp\/v2\/posts"}],"about":[{"href":"https:\/\/www.policiadelneuquen.gob.ar\/index.php\/wp-json\/wp\/v2\/types\/post"}],"author":[{"embeddable":true,"href":"https:\/\/www.policiadelneuquen.gob.ar\/index.php\/wp-json\/wp\/v2\/users\/11"}],"replies":[{"embeddable":true,"href":"https:\/\/www.policiadelneuquen.gob.ar\/index.php\/wp-json\/wp\/v2\/comments?post=13522"}],"version-history":[{"count":7,"href":"https:\/\/www.policiadelneuquen.gob.ar\/index.php\/wp-json\/wp\/v2\/posts\/13522\/revisions"}],"predecessor-version":[{"id":13538,"href":"https:\/\/www.policiadelneuquen.gob.ar\/index.php\/wp-json\/wp\/v2\/posts\/13522\/revisions\/13538"}],"wp:featuredmedia":[{"embeddable":true,"href":"https:\/\/www.policiadelneuquen.gob.ar\/index.php\/wp-json\/wp\/v2\/media\/13526"}],"wp:attachment":[{"href":"https:\/\/www.policiadelneuquen.gob.ar\/index.php\/wp-json\/wp\/v2\/media?parent=13522"}],"wp:term":[{"taxonomy":"category","embeddable":true,"href":"https:\/\/www.policiadelneuquen.gob.ar\/index.php\/wp-json\/wp\/v2\/categories?post=13522"},{"taxonomy":"post_tag","embeddable":true,"href":"https:\/\/www.policiadelneuquen.gob.ar\/index.php\/wp-json\/wp\/v2\/tags?post=13522"}],"curies":[{"name":"wp","href":"https:\/\/api.w.org\/{rel}","templated":true}]}}