{"id":13572,"date":"2021-11-12T10:14:55","date_gmt":"2021-11-12T13:14:55","guid":{"rendered":"https:\/\/www.policiadelneuquen.gob.ar\/?p=13572"},"modified":"2021-11-12T10:15:28","modified_gmt":"2021-11-12T13:15:28","slug":"cria-n16-sujeto-demorado-luego-de-sustraer-barras-de-hierro","status":"publish","type":"post","link":"https:\/\/www.policiadelneuquen.gob.ar\/index.php\/cria-n16-sujeto-demorado-luego-de-sustraer-barras-de-hierro\/","title":{"rendered":"CR\u00cdA N\u00b016: Sujeto demorado luego de sustraer barras de hierro."},"content":{"rendered":"\t\t<div data-elementor-type=\"wp-post\" data-elementor-id=\"13572\" class=\"elementor elementor-13572\">\n\t\t\t\t\t\t<section class=\"elementor-section elementor-top-section elementor-element elementor-element-31d59f97 elementor-section-boxed elementor-section-height-default elementor-section-height-default\" data-id=\"31d59f97\" data-element_type=\"section\" data-e-type=\"section\">\n\t\t\t\t\t\t<div class=\"elementor-container elementor-column-gap-default\">\n\t\t\t\t\t<div class=\"elementor-column elementor-col-100 elementor-top-column elementor-element elementor-element-4f6cdd08\" data-id=\"4f6cdd08\" data-element_type=\"column\" data-e-type=\"column\">\n\t\t\t<div class=\"elementor-widget-wrap elementor-element-populated\">\n\t\t\t\t\t\t<div class=\"elementor-element elementor-element-652c35f elementor-widget elementor-widget-text-editor\" data-id=\"652c35f\" data-element_type=\"widget\" data-e-type=\"widget\" data-widget_type=\"text-editor.default\">\n\t\t\t\t<div class=\"elementor-widget-container\">\n\t\t\t\t\t\t\t\t\t\n<h3>Un sujeto mayor de edad fue demorado en horas de la tarde de ayer (11\/11), por Bicipolias y uniformados de Comisar\u00eda N\u00b016, por haber sustra\u00eddo barras de hierro de una obra en construcci\u00f3n del Barrio Ruca Che junto a dos menores de edad.<\/h3>\n<h3><\/h3>\n<h3>Pasadas las 18:20, polic\u00edas a bordo de bicicletas oficiales, realizaban patrullaje preventivo por calle Godoy, donde un transe\u00fante les mencion\u00f3 que en la intersecci\u00f3n de las calles Piedra del \u00c1guila y Alonso, hab\u00eda un joven mayor de edad junto a dos menores sustrayendo elementos de construcci\u00f3n de una propiedad privada. Inmediatamente acudieron al aviso acerc\u00e1ndose a la ubicaci\u00f3n del hecho, notando que por calles Falleti y Nagoya, caminaban tres personas arrastrando tres barras de hierro.<\/h3>\n<h3><\/h3>\n<h3>Al identificar a la persona mayor, este no pudo acreditar propiedad de lo trasportado. Por otra parte, un m\u00f3vil que registr\u00f3 la alerta por radio, recorri\u00f3 el sector de la obra, notando que la valla perimetral se encontraba levantada con claras huellas de arrastre de hierro.<\/h3>\n<h3><\/h3>\n<h3>Luego de unos minutos lograron establecer comunicaci\u00f3n con el due\u00f1o de la propiedad que le manifest\u00f3 encontrarse fuera de la ciudad capital, mencionando adem\u00e1s que, dentro de la obra, hab\u00eda elementos a\u00fan sin utilizar, tales como el bien sustra\u00eddo, coincidiendo en di\u00e1metro y longitud.<\/h3>\n<h3><\/h3>\n<h3>Como resultado, los menores de 6 y 11 a\u00f1os de edad, fueron entregados a un familiar responsable y en cuanto al sujeto de 28 a\u00f1os, fue demorado y trasladado a Sede Policial quedando a disposici\u00f3n de la justicia.<\/h3>\n<h3><\/h3>\n<h3>Cabe mencionar que el malviviente reun\u00eda las mismas caracter\u00edsticas a las aportadas por un vecino de la zona que dijo haber sido agredido por el mismo cerca de las 15:00, cuando not\u00f3 que intentaba sustraer tambi\u00e9n, elementos de construcci\u00f3n de su vivienda<strong>.<\/strong><\/h3>\n\t\t\t\t\t\t\t\t<\/div>\n\t\t\t\t<\/div>\n\t\t\t\t\t<\/div>\n\t\t<\/div>\n\t\t\t\t\t<\/div>\n\t\t<\/section>\n\t\t\t\t<\/div>\n\t\t","protected":false},"excerpt":{"rendered":"<p>Un sujeto mayor de edad fue demorado en horas de la tarde de ayer (11\/11), por Bicipolias y uniformados de Comisar\u00eda N\u00b016, por haber sustra\u00eddo barras de hierro de una obra en construcci\u00f3n del Barrio Ruca Che junto a dos menores de edad. Pasadas las 18:20, polic\u00edas a bordo de bicicletas oficiales, realizaban patrullaje preventivo [&hellip;]<\/p>\n","protected":false},"author":9,"featured_media":13573,"comment_status":"open","ping_status":"open","sticky":false,"template":"","format":"standard","meta":{"site-sidebar-layout":"default","site-content-layout":"","ast-site-content-layout":"","site-content-style":"default","site-sidebar-style":"default","ast-global-header-display":"","ast-banner-title-visibility":"","ast-main-header-display":"","ast-hfb-above-header-display":"","ast-hfb-below-header-display":"","ast-hfb-mobile-header-display":"","site-post-title":"","ast-breadcrumbs-content":"","ast-featured-img":"","footer-sml-layout":"","theme-transparent-header-meta":"","adv-header-id-meta":"","stick-header-meta":"","header-above-stick-meta":"","header-main-stick-meta":"","header-below-stick-meta":"","astra-migrate-meta-layouts":"default","ast-page-background-enabled":"default","ast-page-background-meta":{"desktop":{"background-color":"","background-image":"","background-repeat":"repeat","background-position":"center center","background-size":"auto","background-attachment":"scroll","background-type":"","background-media":"","overlay-type":"","overlay-color":"","overlay-opacity":"","overlay-gradient":""},"tablet":{"background-color":"","background-image":"","background-repeat":"repeat","background-position":"center center","background-size":"auto","background-attachment":"scroll","background-type":"","background-media":"","overlay-type":"","overlay-color":"","overlay-opacity":"","overlay-gradient":""},"mobile":{"background-color":"","background-image":"","background-repeat":"repeat","background-position":"center center","background-size":"auto","background-attachment":"scroll","background-type":"","background-media":"","overlay-type":"","overlay-color":"","overlay-opacity":"","overlay-gradient":""}},"ast-content-background-meta":{"desktop":{"background-color":"var(--ast-global-color-5)","background-image":"","background-repeat":"repeat","background-position":"center center","background-size":"auto","background-attachment":"scroll","background-type":"","background-media":"","overlay-type":"","overlay-color":"","overlay-opacity":"","overlay-gradient":""},"tablet":{"background-color":"var(--ast-global-color-5)","background-image":"","background-repeat":"repeat","background-position":"center center","background-size":"auto","background-attachment":"scroll","background-type":"","background-media":"","overlay-type":"","overlay-color":"","overlay-opacity":"","overlay-gradient":""},"mobile":{"background-color":"var(--ast-global-color-5)","background-image":"","background-repeat":"repeat","background-position":"center center","background-size":"auto","background-attachment":"scroll","background-type":"","background-media":"","overlay-type":"","overlay-color":"","overlay-opacity":"","overlay-gradient":""}},"footnotes":""},"categories":[1],"tags":[],"class_list":["post-13572","post","type-post","status-publish","format-standard","has-post-thumbnail","hentry","category-sin-categorizar"],"jetpack_featured_media_url":"https:\/\/www.policiadelneuquen.gob.ar\/wp-content\/uploads\/2021\/11\/HIERROS1.png","_links":{"self":[{"href":"https:\/\/www.policiadelneuquen.gob.ar\/index.php\/wp-json\/wp\/v2\/posts\/13572","targetHints":{"allow":["GET"]}}],"collection":[{"href":"https:\/\/www.policiadelneuquen.gob.ar\/index.php\/wp-json\/wp\/v2\/posts"}],"about":[{"href":"https:\/\/www.policiadelneuquen.gob.ar\/index.php\/wp-json\/wp\/v2\/types\/post"}],"author":[{"embeddable":true,"href":"https:\/\/www.policiadelneuquen.gob.ar\/index.php\/wp-json\/wp\/v2\/users\/9"}],"replies":[{"embeddable":true,"href":"https:\/\/www.policiadelneuquen.gob.ar\/index.php\/wp-json\/wp\/v2\/comments?post=13572"}],"version-history":[{"count":4,"href":"https:\/\/www.policiadelneuquen.gob.ar\/index.php\/wp-json\/wp\/v2\/posts\/13572\/revisions"}],"predecessor-version":[{"id":13577,"href":"https:\/\/www.policiadelneuquen.gob.ar\/index.php\/wp-json\/wp\/v2\/posts\/13572\/revisions\/13577"}],"wp:featuredmedia":[{"embeddable":true,"href":"https:\/\/www.policiadelneuquen.gob.ar\/index.php\/wp-json\/wp\/v2\/media\/13573"}],"wp:attachment":[{"href":"https:\/\/www.policiadelneuquen.gob.ar\/index.php\/wp-json\/wp\/v2\/media?parent=13572"}],"wp:term":[{"taxonomy":"category","embeddable":true,"href":"https:\/\/www.policiadelneuquen.gob.ar\/index.php\/wp-json\/wp\/v2\/categories?post=13572"},{"taxonomy":"post_tag","embeddable":true,"href":"https:\/\/www.policiadelneuquen.gob.ar\/index.php\/wp-json\/wp\/v2\/tags?post=13572"}],"curies":[{"name":"wp","href":"https:\/\/api.w.org\/{rel}","templated":true}]}}