{"id":13603,"date":"2021-11-12T19:49:50","date_gmt":"2021-11-12T22:49:50","guid":{"rendered":"https:\/\/www.policiadelneuquen.gob.ar\/?p=13603"},"modified":"2021-11-12T19:49:55","modified_gmt":"2021-11-12T22:49:55","slug":"1948-comisaria-18-demoraron-a-un-sujeto-y-recuperaron-una-moto-que-habia-sido-robada","status":"publish","type":"post","link":"https:\/\/www.policiadelneuquen.gob.ar\/index.php\/1948-comisaria-18-demoraron-a-un-sujeto-y-recuperaron-una-moto-que-habia-sido-robada\/","title":{"rendered":"19:48 COMISAR\u00cdA 18\u00b0: Demoraron a un sujeto y recuperaron una moto que hab\u00eda sido robada"},"content":{"rendered":"\n<p><\/p>\n\n\n\n<p>La demora de un joven y el recupero de una motocicleta robada, fue el saldo de un procedimiento realizado esta madrugada (12-11) por personal de Comisar\u00eda 18\u00b0 con la colaboraci\u00f3n de Comisar\u00eda 12\u00b0, en el oeste de la ciudad.<\/p>\n\n\n\n<p>Todo comenz\u00f3 cuando un efectivo que se encontraba cubriendo una consigna Ley 2785 en el B\u00b0 Cuenca VX, observ\u00f3 personas corriendo en el lugar, por cuanto al dialogar con una de ellas, esta manifest\u00f3 que un vecino hab\u00eda sido victima de un il\u00edcito, en donde autores ignorados le habr\u00edan sustra\u00eddo su birrodado.<\/p>\n\n\n\n<p>De manera inmediata dio conocimiento a la guardia de prevenci\u00f3n de Comisar\u00eda 18\u00b0, quienes en paralelo tomaron conocimiento que personal de Comisar\u00eda 12\u00b0 se encontraba interviniendo en dicho procedimiento, ubic\u00e1ndose los m\u00f3viles en B\u00b0 Cuenca VXI, dado a que vecinos del lugar ten\u00edan retenida a una persona, la que ser\u00eda uno de los presuntos autores del il\u00edcito.<\/p>\n\n\n\n<p>Asimismo, se tom\u00f3 conocimiento que la persona que conduc\u00eda la moto robada se habr\u00eda dado a la fuga, por cuanto se realiz\u00f3 un operativos cerrojo, logrando los uniformados ubicarlo cuando circulaba por calle El Bigu\u00e1, en donde el sujeto perdi\u00f3 el control del birrodado, derrapando en el lugar, dejando la misma en estado de abandono, logrando huir por los patios lindantes, perdi\u00e9dose de vista dada la oscuridad del lugar.<\/p>\n\n\n\n<p>Cabe mencionar que se hizo presente el damnificado, quien luego de presentar la documentaci\u00f3n de su moto, la misma le fue restituida en el lugar.<\/p>\n\n\n\n<p>En cuanto al joven de 20 a\u00f1os retenido por los vecinos, el mismo fue demorado y trasladado a la Comisar\u00eda, dando intervenci\u00f3n a la Fiscal\u00eda de Robos y Hurtos de esta ciudad, inici\u00e1ndose una causa por \u201cPresunto Robo en Grado de Tentativa\u201d.<\/p>\n","protected":false},"excerpt":{"rendered":"<p>La demora de un joven y el recupero de una motocicleta robada, fue el saldo de un procedimiento realizado esta madrugada (12-11) por personal de Comisar\u00eda 18\u00b0 con la colaboraci\u00f3n de Comisar\u00eda 12\u00b0, en el oeste de la ciudad. Todo comenz\u00f3 cuando un efectivo que se encontraba cubriendo una consigna Ley 2785 en el B\u00b0 [&hellip;]<\/p>\n","protected":false},"author":14,"featured_media":13604,"comment_status":"open","ping_status":"open","sticky":false,"template":"","format":"standard","meta":{"site-sidebar-layout":"default","site-content-layout":"","ast-site-content-layout":"","site-content-style":"default","site-sidebar-style":"default","ast-global-header-display":"","ast-banner-title-visibility":"","ast-main-header-display":"","ast-hfb-above-header-display":"","ast-hfb-below-header-display":"","ast-hfb-mobile-header-display":"","site-post-title":"","ast-breadcrumbs-content":"","ast-featured-img":"","footer-sml-layout":"","theme-transparent-header-meta":"","adv-header-id-meta":"","stick-header-meta":"","header-above-stick-meta":"","header-main-stick-meta":"","header-below-stick-meta":"","astra-migrate-meta-layouts":"default","ast-page-background-enabled":"default","ast-page-background-meta":{"desktop":{"background-color":"","background-image":"","background-repeat":"repeat","background-position":"center center","background-size":"auto","background-attachment":"scroll","background-type":"","background-media":"","overlay-type":"","overlay-color":"","overlay-opacity":"","overlay-gradient":""},"tablet":{"background-color":"","background-image":"","background-repeat":"repeat","background-position":"center center","background-size":"auto","background-attachment":"scroll","background-type":"","background-media":"","overlay-type":"","overlay-color":"","overlay-opacity":"","overlay-gradient":""},"mobile":{"background-color":"","background-image":"","background-repeat":"repeat","background-position":"center center","background-size":"auto","background-attachment":"scroll","background-type":"","background-media":"","overlay-type":"","overlay-color":"","overlay-opacity":"","overlay-gradient":""}},"ast-content-background-meta":{"desktop":{"background-color":"var(--ast-global-color-5)","background-image":"","background-repeat":"repeat","background-position":"center center","background-size":"auto","background-attachment":"scroll","background-type":"","background-media":"","overlay-type":"","overlay-color":"","overlay-opacity":"","overlay-gradient":""},"tablet":{"background-color":"var(--ast-global-color-5)","background-image":"","background-repeat":"repeat","background-position":"center center","background-size":"auto","background-attachment":"scroll","background-type":"","background-media":"","overlay-type":"","overlay-color":"","overlay-opacity":"","overlay-gradient":""},"mobile":{"background-color":"var(--ast-global-color-5)","background-image":"","background-repeat":"repeat","background-position":"center center","background-size":"auto","background-attachment":"scroll","background-type":"","background-media":"","overlay-type":"","overlay-color":"","overlay-opacity":"","overlay-gradient":""}},"footnotes":""},"categories":[1],"tags":[],"class_list":["post-13603","post","type-post","status-publish","format-standard","has-post-thumbnail","hentry","category-sin-categorizar"],"jetpack_featured_media_url":"https:\/\/www.policiadelneuquen.gob.ar\/wp-content\/uploads\/2021\/11\/moto-18.jpg","_links":{"self":[{"href":"https:\/\/www.policiadelneuquen.gob.ar\/index.php\/wp-json\/wp\/v2\/posts\/13603","targetHints":{"allow":["GET"]}}],"collection":[{"href":"https:\/\/www.policiadelneuquen.gob.ar\/index.php\/wp-json\/wp\/v2\/posts"}],"about":[{"href":"https:\/\/www.policiadelneuquen.gob.ar\/index.php\/wp-json\/wp\/v2\/types\/post"}],"author":[{"embeddable":true,"href":"https:\/\/www.policiadelneuquen.gob.ar\/index.php\/wp-json\/wp\/v2\/users\/14"}],"replies":[{"embeddable":true,"href":"https:\/\/www.policiadelneuquen.gob.ar\/index.php\/wp-json\/wp\/v2\/comments?post=13603"}],"version-history":[{"count":1,"href":"https:\/\/www.policiadelneuquen.gob.ar\/index.php\/wp-json\/wp\/v2\/posts\/13603\/revisions"}],"predecessor-version":[{"id":13605,"href":"https:\/\/www.policiadelneuquen.gob.ar\/index.php\/wp-json\/wp\/v2\/posts\/13603\/revisions\/13605"}],"wp:featuredmedia":[{"embeddable":true,"href":"https:\/\/www.policiadelneuquen.gob.ar\/index.php\/wp-json\/wp\/v2\/media\/13604"}],"wp:attachment":[{"href":"https:\/\/www.policiadelneuquen.gob.ar\/index.php\/wp-json\/wp\/v2\/media?parent=13603"}],"wp:term":[{"taxonomy":"category","embeddable":true,"href":"https:\/\/www.policiadelneuquen.gob.ar\/index.php\/wp-json\/wp\/v2\/categories?post=13603"},{"taxonomy":"post_tag","embeddable":true,"href":"https:\/\/www.policiadelneuquen.gob.ar\/index.php\/wp-json\/wp\/v2\/tags?post=13603"}],"curies":[{"name":"wp","href":"https:\/\/api.w.org\/{rel}","templated":true}]}}