{"id":13635,"date":"2021-11-12T21:06:06","date_gmt":"2021-11-13T00:06:06","guid":{"rendered":"https:\/\/www.policiadelneuquen.gob.ar\/?p=13635"},"modified":"2021-11-12T21:06:10","modified_gmt":"2021-11-13T00:06:10","slug":"2103-direccion-servicio-policia-adicional-demoraron-a-dos-personas-y-retuvieron-una-moto-con-pedido-de-secuestro","status":"publish","type":"post","link":"https:\/\/www.policiadelneuquen.gob.ar\/index.php\/2103-direccion-servicio-policia-adicional-demoraron-a-dos-personas-y-retuvieron-una-moto-con-pedido-de-secuestro\/","title":{"rendered":"21:03 DIRECCI\u00d3N SERVICIO POLIC\u00cdA ADICIONAL: Demoraron a dos personas y retuvieron una moto con pedido de secuestro"},"content":{"rendered":"\n<p><\/p>\n\n\n\n<p>Dos personas de 23 y 29 a\u00f1os fueron demoradas anoche (11-11) por un efectivo con servicio en el De.Mo.Se., quien se encontraba cubriendo servicio de polic\u00eda adicional en una empresa de servicios petroleros en la ciudad de Centenario.<\/p>\n\n\n\n<p>El episodio tuvo lugar a las 23:30 horas, mientras el mencionado efectivo realizaba recorridos por el sector asignado, instante en que divis\u00f3 a dos personas a bordo de una motocicleta sin dominio, por cuanto procedi\u00f3 a su correcta identificaci\u00f3n.<\/p>\n\n\n\n<p>Luego de consultar en los sistemas inform\u00e1ticos policiales, se confirm\u00f3 que la moto pose\u00eda pedido de secuestro a solicitud de Comisar\u00eda 18\u00b0, en una causa por \u201cPresunto Robo\u201d ocurrido el pasado 6 de noviembre con intervenci\u00f3n de la Fiscal\u00eda de Robos y Hurtos e esta ciudad.<\/p>\n\n\n\n<p>Se solicit\u00f3 la presencia de personal de Comisar\u00eda 20\u00b0, quienes se hicieron cargo del procedimiento, efectuando la demora y traslado de los hombres y el secuestro del birrodado.<\/p>\n","protected":false},"excerpt":{"rendered":"<p>Dos personas de 23 y 29 a\u00f1os fueron demoradas anoche (11-11) por un efectivo con servicio en el De.Mo.Se., quien se encontraba cubriendo servicio de polic\u00eda adicional en una empresa de servicios petroleros en la ciudad de Centenario. El episodio tuvo lugar a las 23:30 horas, mientras el mencionado efectivo realizaba recorridos por el sector [&hellip;]<\/p>\n","protected":false},"author":14,"featured_media":13636,"comment_status":"open","ping_status":"open","sticky":false,"template":"","format":"standard","meta":{"site-sidebar-layout":"default","site-content-layout":"","ast-site-content-layout":"","site-content-style":"default","site-sidebar-style":"default","ast-global-header-display":"","ast-banner-title-visibility":"","ast-main-header-display":"","ast-hfb-above-header-display":"","ast-hfb-below-header-display":"","ast-hfb-mobile-header-display":"","site-post-title":"","ast-breadcrumbs-content":"","ast-featured-img":"","footer-sml-layout":"","theme-transparent-header-meta":"","adv-header-id-meta":"","stick-header-meta":"","header-above-stick-meta":"","header-main-stick-meta":"","header-below-stick-meta":"","astra-migrate-meta-layouts":"default","ast-page-background-enabled":"default","ast-page-background-meta":{"desktop":{"background-color":"","background-image":"","background-repeat":"repeat","background-position":"center center","background-size":"auto","background-attachment":"scroll","background-type":"","background-media":"","overlay-type":"","overlay-color":"","overlay-opacity":"","overlay-gradient":""},"tablet":{"background-color":"","background-image":"","background-repeat":"repeat","background-position":"center center","background-size":"auto","background-attachment":"scroll","background-type":"","background-media":"","overlay-type":"","overlay-color":"","overlay-opacity":"","overlay-gradient":""},"mobile":{"background-color":"","background-image":"","background-repeat":"repeat","background-position":"center center","background-size":"auto","background-attachment":"scroll","background-type":"","background-media":"","overlay-type":"","overlay-color":"","overlay-opacity":"","overlay-gradient":""}},"ast-content-background-meta":{"desktop":{"background-color":"var(--ast-global-color-5)","background-image":"","background-repeat":"repeat","background-position":"center center","background-size":"auto","background-attachment":"scroll","background-type":"","background-media":"","overlay-type":"","overlay-color":"","overlay-opacity":"","overlay-gradient":""},"tablet":{"background-color":"var(--ast-global-color-5)","background-image":"","background-repeat":"repeat","background-position":"center center","background-size":"auto","background-attachment":"scroll","background-type":"","background-media":"","overlay-type":"","overlay-color":"","overlay-opacity":"","overlay-gradient":""},"mobile":{"background-color":"var(--ast-global-color-5)","background-image":"","background-repeat":"repeat","background-position":"center center","background-size":"auto","background-attachment":"scroll","background-type":"","background-media":"","overlay-type":"","overlay-color":"","overlay-opacity":"","overlay-gradient":""}},"footnotes":""},"categories":[1],"tags":[],"class_list":["post-13635","post","type-post","status-publish","format-standard","has-post-thumbnail","hentry","category-sin-categorizar"],"jetpack_featured_media_url":"https:\/\/www.policiadelneuquen.gob.ar\/wp-content\/uploads\/2021\/11\/moto-centenario.jpg","_links":{"self":[{"href":"https:\/\/www.policiadelneuquen.gob.ar\/index.php\/wp-json\/wp\/v2\/posts\/13635","targetHints":{"allow":["GET"]}}],"collection":[{"href":"https:\/\/www.policiadelneuquen.gob.ar\/index.php\/wp-json\/wp\/v2\/posts"}],"about":[{"href":"https:\/\/www.policiadelneuquen.gob.ar\/index.php\/wp-json\/wp\/v2\/types\/post"}],"author":[{"embeddable":true,"href":"https:\/\/www.policiadelneuquen.gob.ar\/index.php\/wp-json\/wp\/v2\/users\/14"}],"replies":[{"embeddable":true,"href":"https:\/\/www.policiadelneuquen.gob.ar\/index.php\/wp-json\/wp\/v2\/comments?post=13635"}],"version-history":[{"count":1,"href":"https:\/\/www.policiadelneuquen.gob.ar\/index.php\/wp-json\/wp\/v2\/posts\/13635\/revisions"}],"predecessor-version":[{"id":13637,"href":"https:\/\/www.policiadelneuquen.gob.ar\/index.php\/wp-json\/wp\/v2\/posts\/13635\/revisions\/13637"}],"wp:featuredmedia":[{"embeddable":true,"href":"https:\/\/www.policiadelneuquen.gob.ar\/index.php\/wp-json\/wp\/v2\/media\/13636"}],"wp:attachment":[{"href":"https:\/\/www.policiadelneuquen.gob.ar\/index.php\/wp-json\/wp\/v2\/media?parent=13635"}],"wp:term":[{"taxonomy":"category","embeddable":true,"href":"https:\/\/www.policiadelneuquen.gob.ar\/index.php\/wp-json\/wp\/v2\/categories?post=13635"},{"taxonomy":"post_tag","embeddable":true,"href":"https:\/\/www.policiadelneuquen.gob.ar\/index.php\/wp-json\/wp\/v2\/tags?post=13635"}],"curies":[{"name":"wp","href":"https:\/\/api.w.org\/{rel}","templated":true}]}}