{"id":13657,"date":"2021-11-13T10:14:45","date_gmt":"2021-11-13T13:14:45","guid":{"rendered":"https:\/\/www.policiadelneuquen.gob.ar\/?p=13657"},"modified":"2021-11-13T10:19:43","modified_gmt":"2021-11-13T13:19:43","slug":"rescataron-a-un-can-atrapado","status":"publish","type":"post","link":"https:\/\/www.policiadelneuquen.gob.ar\/index.php\/rescataron-a-un-can-atrapado\/","title":{"rendered":"rescataron a un can atrapado"},"content":{"rendered":"\t\t<div data-elementor-type=\"wp-post\" data-elementor-id=\"13657\" class=\"elementor elementor-13657\">\n\t\t\t\t\t\t<section class=\"elementor-section elementor-top-section elementor-element elementor-element-46332c93 elementor-section-boxed elementor-section-height-default elementor-section-height-default\" data-id=\"46332c93\" data-element_type=\"section\" data-e-type=\"section\">\n\t\t\t\t\t\t<div class=\"elementor-container elementor-column-gap-default\">\n\t\t\t\t\t<div class=\"elementor-column elementor-col-100 elementor-top-column elementor-element elementor-element-e30abec\" data-id=\"e30abec\" data-element_type=\"column\" data-e-type=\"column\">\n\t\t\t<div class=\"elementor-widget-wrap elementor-element-populated\">\n\t\t\t\t\t\t<div class=\"elementor-element elementor-element-77e952f elementor-widget elementor-widget-text-editor\" data-id=\"77e952f\" data-element_type=\"widget\" data-e-type=\"widget\" data-widget_type=\"text-editor.default\">\n\t\t\t\t<div class=\"elementor-widget-container\">\n\t\t\t\t\t\t\t\t\t\n<p>En la noche &nbsp;de ayer (12\/11) personal de la Divisi\u00f3n Bomberos Zapala, asisti\u00f3 al llamado telef\u00f3nico que&nbsp; alertaba que un Can hab\u00eda quedado atrapado en un en desag\u00fce pluvial.<\/p>\n\n\n\n<p>La intervenci\u00f3n surgi\u00f3 minutos despu\u00e9s de las 20:25 donde personal de Bomberos se dirigi\u00f3 a la intersecci\u00f3n en calle Ca\u00f1ad\u00f3n del &nbsp;Este y &nbsp;Avenida del Maestro, &nbsp;una&nbsp; vez en el &nbsp;lugar se procedi\u00f3 a recorrer dicho canal donde se observo un can&nbsp; sin poder salir, inmediatamente procediendo &nbsp;a la extracci\u00f3n de dicho animal mediante cuerdas, el cual fue liberado en la vereda p\u00fablica en buen estado de salud.<\/p>\n\t\t\t\t\t\t\t\t<\/div>\n\t\t\t\t<\/div>\n\t\t\t\t\t<\/div>\n\t\t<\/div>\n\t\t\t\t\t<\/div>\n\t\t<\/section>\n\t\t\t\t<section class=\"elementor-section elementor-top-section elementor-element elementor-element-0243035 elementor-section-boxed elementor-section-height-default elementor-section-height-default\" data-id=\"0243035\" data-element_type=\"section\" data-e-type=\"section\">\n\t\t\t\t\t\t<div class=\"elementor-container elementor-column-gap-default\">\n\t\t\t\t\t<div class=\"elementor-column elementor-col-100 elementor-top-column elementor-element elementor-element-1117f61\" data-id=\"1117f61\" data-element_type=\"column\" data-e-type=\"column\">\n\t\t\t<div class=\"elementor-widget-wrap elementor-element-populated\">\n\t\t\t\t\t\t<div class=\"elementor-element elementor-element-b7b4f23 elementor-widget elementor-widget-image-gallery\" data-id=\"b7b4f23\" data-element_type=\"widget\" data-e-type=\"widget\" data-widget_type=\"image-gallery.default\">\n\t\t\t\t<div class=\"elementor-widget-container\">\n\t\t\t\t\t\t\t<div class=\"elementor-image-gallery\">\n\t\t\t<div id='gallery-1' class='gallery galleryid-13657 gallery-columns-2 gallery-size-thumbnail'><figure class='gallery-item'>\n\t\t\t<div class='gallery-icon landscape'>\n\t\t\t\t<a data-elementor-open-lightbox=\"yes\" data-elementor-lightbox-slideshow=\"b7b4f23\" data-elementor-lightbox-title=\"WhatsApp Image 2021-11-13 at 01.16.19\" data-e-action-hash=\"#elementor-action%3Aaction%3Dlightbox%26settings%3DeyJpZCI6MTM2NjEsInVybCI6Imh0dHBzOlwvXC93d3cucG9saWNpYWRlbG5ldXF1ZW4uZ29iLmFyXC93cC1jb250ZW50XC91cGxvYWRzXC8yMDIxXC8xMVwvV2hhdHNBcHAtSW1hZ2UtMjAyMS0xMS0xMy1hdC0wMS4xNi4xOS5qcGVnIiwic2xpZGVzaG93IjoiYjdiNGYyMyJ9\" href='https:\/\/www.policiadelneuquen.gob.ar\/wp-content\/uploads\/2021\/11\/WhatsApp-Image-2021-11-13-at-01.16.19.jpeg'><img decoding=\"async\" width=\"150\" height=\"150\" src=\"https:\/\/www.policiadelneuquen.gob.ar\/wp-content\/uploads\/2021\/11\/WhatsApp-Image-2021-11-13-at-01.16.19-150x150.jpeg\" class=\"attachment-thumbnail size-thumbnail\" alt=\"\" srcset=\"https:\/\/www.policiadelneuquen.gob.ar\/wp-content\/uploads\/2021\/11\/WhatsApp-Image-2021-11-13-at-01.16.19-150x150.jpeg 150w, https:\/\/www.policiadelneuquen.gob.ar\/wp-content\/uploads\/2021\/11\/WhatsApp-Image-2021-11-13-at-01.16.19-250x250.jpeg 250w\" sizes=\"(max-width: 150px) 100vw, 150px\" \/><\/a>\n\t\t\t<\/div><\/figure><figure class='gallery-item'>\n\t\t\t<div class='gallery-icon landscape'>\n\t\t\t\t<a data-elementor-open-lightbox=\"yes\" data-elementor-lightbox-slideshow=\"b7b4f23\" data-elementor-lightbox-title=\"WhatsApp Image 2021-11-13 at 01.16.20(1)\" data-e-action-hash=\"#elementor-action%3Aaction%3Dlightbox%26settings%3DeyJpZCI6MTM2NjIsInVybCI6Imh0dHBzOlwvXC93d3cucG9saWNpYWRlbG5ldXF1ZW4uZ29iLmFyXC93cC1jb250ZW50XC91cGxvYWRzXC8yMDIxXC8xMVwvV2hhdHNBcHAtSW1hZ2UtMjAyMS0xMS0xMy1hdC0wMS4xNi4yMDEuanBlZyIsInNsaWRlc2hvdyI6ImI3YjRmMjMifQ%3D%3D\" href='https:\/\/www.policiadelneuquen.gob.ar\/wp-content\/uploads\/2021\/11\/WhatsApp-Image-2021-11-13-at-01.16.201.jpeg'><img decoding=\"async\" width=\"150\" height=\"150\" src=\"https:\/\/www.policiadelneuquen.gob.ar\/wp-content\/uploads\/2021\/11\/WhatsApp-Image-2021-11-13-at-01.16.201-150x150.jpeg\" class=\"attachment-thumbnail size-thumbnail\" alt=\"\" srcset=\"https:\/\/www.policiadelneuquen.gob.ar\/wp-content\/uploads\/2021\/11\/WhatsApp-Image-2021-11-13-at-01.16.201-150x150.jpeg 150w, https:\/\/www.policiadelneuquen.gob.ar\/wp-content\/uploads\/2021\/11\/WhatsApp-Image-2021-11-13-at-01.16.201-250x250.jpeg 250w\" sizes=\"(max-width: 150px) 100vw, 150px\" \/><\/a>\n\t\t\t<\/div><\/figure>\n\t\t<\/div>\n\t\t<\/div>\n\t\t\t\t\t\t<\/div>\n\t\t\t\t<\/div>\n\t\t\t\t\t<\/div>\n\t\t<\/div>\n\t\t\t\t\t<\/div>\n\t\t<\/section>\n\t\t\t\t<\/div>\n\t\t","protected":false},"excerpt":{"rendered":"<p>En la noche &nbsp;de ayer (12\/11) personal de la Divisi\u00f3n Bomberos Zapala, asisti\u00f3 al llamado telef\u00f3nico que&nbsp; alertaba que un Can hab\u00eda quedado atrapado en un en desag\u00fce pluvial. La intervenci\u00f3n surgi\u00f3 minutos despu\u00e9s de las 20:25 donde personal de Bomberos se dirigi\u00f3 a la intersecci\u00f3n en calle Ca\u00f1ad\u00f3n del &nbsp;Este y &nbsp;Avenida del Maestro, [&hellip;]<\/p>\n","protected":false},"author":14,"featured_media":13658,"comment_status":"open","ping_status":"open","sticky":false,"template":"","format":"standard","meta":{"site-sidebar-layout":"default","site-content-layout":"","ast-site-content-layout":"","site-content-style":"default","site-sidebar-style":"default","ast-global-header-display":"","ast-banner-title-visibility":"","ast-main-header-display":"","ast-hfb-above-header-display":"","ast-hfb-below-header-display":"","ast-hfb-mobile-header-display":"","site-post-title":"","ast-breadcrumbs-content":"","ast-featured-img":"","footer-sml-layout":"","theme-transparent-header-meta":"","adv-header-id-meta":"","stick-header-meta":"","header-above-stick-meta":"","header-main-stick-meta":"","header-below-stick-meta":"","astra-migrate-meta-layouts":"default","ast-page-background-enabled":"default","ast-page-background-meta":{"desktop":{"background-color":"","background-image":"","background-repeat":"repeat","background-position":"center center","background-size":"auto","background-attachment":"scroll","background-type":"","background-media":"","overlay-type":"","overlay-color":"","overlay-opacity":"","overlay-gradient":""},"tablet":{"background-color":"","background-image":"","background-repeat":"repeat","background-position":"center center","background-size":"auto","background-attachment":"scroll","background-type":"","background-media":"","overlay-type":"","overlay-color":"","overlay-opacity":"","overlay-gradient":""},"mobile":{"background-color":"","background-image":"","background-repeat":"repeat","background-position":"center center","background-size":"auto","background-attachment":"scroll","background-type":"","background-media":"","overlay-type":"","overlay-color":"","overlay-opacity":"","overlay-gradient":""}},"ast-content-background-meta":{"desktop":{"background-color":"var(--ast-global-color-5)","background-image":"","background-repeat":"repeat","background-position":"center center","background-size":"auto","background-attachment":"scroll","background-type":"","background-media":"","overlay-type":"","overlay-color":"","overlay-opacity":"","overlay-gradient":""},"tablet":{"background-color":"var(--ast-global-color-5)","background-image":"","background-repeat":"repeat","background-position":"center center","background-size":"auto","background-attachment":"scroll","background-type":"","background-media":"","overlay-type":"","overlay-color":"","overlay-opacity":"","overlay-gradient":""},"mobile":{"background-color":"var(--ast-global-color-5)","background-image":"","background-repeat":"repeat","background-position":"center center","background-size":"auto","background-attachment":"scroll","background-type":"","background-media":"","overlay-type":"","overlay-color":"","overlay-opacity":"","overlay-gradient":""}},"footnotes":""},"categories":[1],"tags":[],"class_list":["post-13657","post","type-post","status-publish","format-standard","has-post-thumbnail","hentry","category-sin-categorizar"],"jetpack_featured_media_url":"https:\/\/www.policiadelneuquen.gob.ar\/wp-content\/uploads\/2021\/11\/WhatsApp-Image-2021-11-13-at-01.16.20.jpeg","_links":{"self":[{"href":"https:\/\/www.policiadelneuquen.gob.ar\/index.php\/wp-json\/wp\/v2\/posts\/13657","targetHints":{"allow":["GET"]}}],"collection":[{"href":"https:\/\/www.policiadelneuquen.gob.ar\/index.php\/wp-json\/wp\/v2\/posts"}],"about":[{"href":"https:\/\/www.policiadelneuquen.gob.ar\/index.php\/wp-json\/wp\/v2\/types\/post"}],"author":[{"embeddable":true,"href":"https:\/\/www.policiadelneuquen.gob.ar\/index.php\/wp-json\/wp\/v2\/users\/14"}],"replies":[{"embeddable":true,"href":"https:\/\/www.policiadelneuquen.gob.ar\/index.php\/wp-json\/wp\/v2\/comments?post=13657"}],"version-history":[{"count":4,"href":"https:\/\/www.policiadelneuquen.gob.ar\/index.php\/wp-json\/wp\/v2\/posts\/13657\/revisions"}],"predecessor-version":[{"id":13665,"href":"https:\/\/www.policiadelneuquen.gob.ar\/index.php\/wp-json\/wp\/v2\/posts\/13657\/revisions\/13665"}],"wp:featuredmedia":[{"embeddable":true,"href":"https:\/\/www.policiadelneuquen.gob.ar\/index.php\/wp-json\/wp\/v2\/media\/13658"}],"wp:attachment":[{"href":"https:\/\/www.policiadelneuquen.gob.ar\/index.php\/wp-json\/wp\/v2\/media?parent=13657"}],"wp:term":[{"taxonomy":"category","embeddable":true,"href":"https:\/\/www.policiadelneuquen.gob.ar\/index.php\/wp-json\/wp\/v2\/categories?post=13657"},{"taxonomy":"post_tag","embeddable":true,"href":"https:\/\/www.policiadelneuquen.gob.ar\/index.php\/wp-json\/wp\/v2\/tags?post=13657"}],"curies":[{"name":"wp","href":"https:\/\/api.w.org\/{rel}","templated":true}]}}