{"id":13927,"date":"2021-11-18T08:49:05","date_gmt":"2021-11-18T11:49:05","guid":{"rendered":"https:\/\/www.policiadelneuquen.gob.ar\/?p=13927"},"modified":"2021-11-18T08:50:12","modified_gmt":"2021-11-18T11:50:12","slug":"0845-menor-fue-demorado-tras-protagonizar-un-robo-calificado","status":"publish","type":"post","link":"https:\/\/www.policiadelneuquen.gob.ar\/index.php\/0845-menor-fue-demorado-tras-protagonizar-un-robo-calificado\/","title":{"rendered":"08:45 Menor fue demorado tras protagonizar un robo calificado."},"content":{"rendered":"\t\t<div data-elementor-type=\"wp-post\" data-elementor-id=\"13927\" class=\"elementor elementor-13927\">\n\t\t\t\t\t\t<section class=\"elementor-section elementor-top-section elementor-element elementor-element-28b481f7 elementor-section-boxed elementor-section-height-default elementor-section-height-default\" data-id=\"28b481f7\" data-element_type=\"section\" data-e-type=\"section\">\n\t\t\t\t\t\t<div class=\"elementor-container elementor-column-gap-default\">\n\t\t\t\t\t<div class=\"elementor-column elementor-col-100 elementor-top-column elementor-element elementor-element-4ba405d0\" data-id=\"4ba405d0\" data-element_type=\"column\" data-e-type=\"column\">\n\t\t\t<div class=\"elementor-widget-wrap elementor-element-populated\">\n\t\t\t\t\t\t<div class=\"elementor-element elementor-element-3c629000 elementor-widget elementor-widget-text-editor\" data-id=\"3c629000\" data-element_type=\"widget\" data-e-type=\"widget\" data-widget_type=\"text-editor.default\">\n\t\t\t\t<div class=\"elementor-widget-container\">\n\t\t\t\t\t\t\t\t\t\n<p><br>Un adolescente de solo 14 a\u00f1os de edad, fue demorado en la tarde del martes, tras robarle a una mujer bajo amenazas de arma de fuego. El hecho se produjo en la zona oeste de la ciudad y gracias a la intervenci\u00f3n de personal policial de la Comisar\u00eda 18\u00b0 fue posible demorar al presunto autor y secuestrar un arma de fuego que ten\u00eda en su poder.<\/p>\n\n\n\n<p>Ocurri\u00f3 minutos antes de las 14, cuando una joven de 19 a\u00f1os de edad que circulaba por calle Lago Viedma, fue abordada por dos sujetos que se movilizaban en moto. El acompa\u00f1ante, exhibi\u00f3 a la damnificada un arma de fuego con la que amenaz\u00f3 a la mujer y tras un r\u00e1pido movimiento le sustrajo una mochila, un tel\u00e9fono celular y documentaci\u00f3n, elementos con los que se dieron raudamente a la fuga.<\/p>\n\n\n\n<p>A pocos metros del lugar del hecho, la v\u00edctima, acompa\u00f1ada por un hombre mayor de edad, entrevistaron a personal policial de la Comisar\u00eda 18\u00b0 que realizaba tareas de prevenci\u00f3n en el sector y en base a los datos aportados por la mujer iniciaron un operativo tendiente a dar con los sospechosos.<\/p>\n\n\n\n<p>Minutos despu\u00e9s, los efectivos lograron dar en calles internas del barrio Hip\u00f3dromo con un sujeto de similares caracter\u00edsticas a las aportadas por la damnificada y quien al advertir la presencia policial, intent\u00f3 darse a la fuga.&nbsp;<\/p>\n\n\n\n<p>Pese a la actitud evasiva del individuo, los uniformados lograron interceptar al joven en la intersecci\u00f3n de las calles Lago Viedma y El Bigu\u00e1, donde procedieron con su identificaci\u00f3n.<\/p>\n\n\n\n<p>El adolescente, de s\u00f3lo 14 a\u00f1os de edad, fue palpado de armas por el personal policial y como resultado del procedimiento, se hall\u00f3 entre sus prendas un arma de fuego tipo rev\u00f3lver, desprovisto de tambor.<\/p>\n\n\n\n<p>Finalmente el sujeto fue trasladado a Sede Policial, desde donde m\u00e1s tarde se le di\u00f3 intervenci\u00f3n a la Comisar\u00eda de la Ni\u00f1ez y la Adolescencia, por tratarse de un menor de edad.<\/p>\n\t\t\t\t\t\t\t\t<\/div>\n\t\t\t\t<\/div>\n\t\t\t\t\t<\/div>\n\t\t<\/div>\n\t\t\t\t\t<\/div>\n\t\t<\/section>\n\t\t\t\t<\/div>\n\t\t","protected":false},"excerpt":{"rendered":"<p>Un adolescente de solo 14 a\u00f1os de edad, fue demorado en la tarde del martes, tras robarle a una mujer bajo amenazas de arma de fuego. El hecho se produjo en la zona oeste de la ciudad y gracias a la intervenci\u00f3n de personal policial de la Comisar\u00eda 18\u00b0 fue posible demorar al presunto autor [&hellip;]<\/p>\n","protected":false},"author":6,"featured_media":13930,"comment_status":"open","ping_status":"open","sticky":false,"template":"","format":"standard","meta":{"site-sidebar-layout":"default","site-content-layout":"","ast-site-content-layout":"","site-content-style":"default","site-sidebar-style":"default","ast-global-header-display":"","ast-banner-title-visibility":"","ast-main-header-display":"","ast-hfb-above-header-display":"","ast-hfb-below-header-display":"","ast-hfb-mobile-header-display":"","site-post-title":"","ast-breadcrumbs-content":"","ast-featured-img":"","footer-sml-layout":"","theme-transparent-header-meta":"","adv-header-id-meta":"","stick-header-meta":"","header-above-stick-meta":"","header-main-stick-meta":"","header-below-stick-meta":"","astra-migrate-meta-layouts":"default","ast-page-background-enabled":"default","ast-page-background-meta":{"desktop":{"background-color":"","background-image":"","background-repeat":"repeat","background-position":"center center","background-size":"auto","background-attachment":"scroll","background-type":"","background-media":"","overlay-type":"","overlay-color":"","overlay-opacity":"","overlay-gradient":""},"tablet":{"background-color":"","background-image":"","background-repeat":"repeat","background-position":"center center","background-size":"auto","background-attachment":"scroll","background-type":"","background-media":"","overlay-type":"","overlay-color":"","overlay-opacity":"","overlay-gradient":""},"mobile":{"background-color":"","background-image":"","background-repeat":"repeat","background-position":"center center","background-size":"auto","background-attachment":"scroll","background-type":"","background-media":"","overlay-type":"","overlay-color":"","overlay-opacity":"","overlay-gradient":""}},"ast-content-background-meta":{"desktop":{"background-color":"var(--ast-global-color-5)","background-image":"","background-repeat":"repeat","background-position":"center center","background-size":"auto","background-attachment":"scroll","background-type":"","background-media":"","overlay-type":"","overlay-color":"","overlay-opacity":"","overlay-gradient":""},"tablet":{"background-color":"var(--ast-global-color-5)","background-image":"","background-repeat":"repeat","background-position":"center center","background-size":"auto","background-attachment":"scroll","background-type":"","background-media":"","overlay-type":"","overlay-color":"","overlay-opacity":"","overlay-gradient":""},"mobile":{"background-color":"var(--ast-global-color-5)","background-image":"","background-repeat":"repeat","background-position":"center center","background-size":"auto","background-attachment":"scroll","background-type":"","background-media":"","overlay-type":"","overlay-color":"","overlay-opacity":"","overlay-gradient":""}},"footnotes":""},"categories":[1],"tags":[],"class_list":["post-13927","post","type-post","status-publish","format-standard","has-post-thumbnail","hentry","category-sin-categorizar"],"jetpack_featured_media_url":"https:\/\/www.policiadelneuquen.gob.ar\/wp-content\/uploads\/2021\/11\/WhatsApp-Image-2021-11-17-at-09.19.28-2.jpeg","_links":{"self":[{"href":"https:\/\/www.policiadelneuquen.gob.ar\/index.php\/wp-json\/wp\/v2\/posts\/13927","targetHints":{"allow":["GET"]}}],"collection":[{"href":"https:\/\/www.policiadelneuquen.gob.ar\/index.php\/wp-json\/wp\/v2\/posts"}],"about":[{"href":"https:\/\/www.policiadelneuquen.gob.ar\/index.php\/wp-json\/wp\/v2\/types\/post"}],"author":[{"embeddable":true,"href":"https:\/\/www.policiadelneuquen.gob.ar\/index.php\/wp-json\/wp\/v2\/users\/6"}],"replies":[{"embeddable":true,"href":"https:\/\/www.policiadelneuquen.gob.ar\/index.php\/wp-json\/wp\/v2\/comments?post=13927"}],"version-history":[{"count":4,"href":"https:\/\/www.policiadelneuquen.gob.ar\/index.php\/wp-json\/wp\/v2\/posts\/13927\/revisions"}],"predecessor-version":[{"id":13937,"href":"https:\/\/www.policiadelneuquen.gob.ar\/index.php\/wp-json\/wp\/v2\/posts\/13927\/revisions\/13937"}],"wp:featuredmedia":[{"embeddable":true,"href":"https:\/\/www.policiadelneuquen.gob.ar\/index.php\/wp-json\/wp\/v2\/media\/13930"}],"wp:attachment":[{"href":"https:\/\/www.policiadelneuquen.gob.ar\/index.php\/wp-json\/wp\/v2\/media?parent=13927"}],"wp:term":[{"taxonomy":"category","embeddable":true,"href":"https:\/\/www.policiadelneuquen.gob.ar\/index.php\/wp-json\/wp\/v2\/categories?post=13927"},{"taxonomy":"post_tag","embeddable":true,"href":"https:\/\/www.policiadelneuquen.gob.ar\/index.php\/wp-json\/wp\/v2\/tags?post=13927"}],"curies":[{"name":"wp","href":"https:\/\/api.w.org\/{rel}","templated":true}]}}