{"id":13960,"date":"2021-11-18T19:06:35","date_gmt":"2021-11-18T22:06:35","guid":{"rendered":"https:\/\/www.policiadelneuquen.gob.ar\/?p=13960"},"modified":"2021-11-18T19:06:49","modified_gmt":"2021-11-18T22:06:49","slug":"1905-demorado-por-manejaba-alcoholizado-y-carecer-de-documentacion-vehicular","status":"publish","type":"post","link":"https:\/\/www.policiadelneuquen.gob.ar\/index.php\/1905-demorado-por-manejaba-alcoholizado-y-carecer-de-documentacion-vehicular\/","title":{"rendered":"19:05 Demorado por manejaba alcoholizado y carecer de documentaci\u00f3n vehicular"},"content":{"rendered":"\n<p>Ayer a la madrugada, personal de Comisar\u00eda Segunda y personal de la Direcci\u00f3n Transito, demoraron a dos j\u00f3venes y secuestr\u00f3 el veh\u00edculo en el que circulaban, ya que su conductor conduc\u00eda presumiblemente bajo los efectos del alcohol y junto a su acompa\u00f1ante entorpecieron la labor policial.<\/p>\n\n\n\n<p>El procedimiento se registr\u00f3 pasadas las 03:30, mientras el personal realizaba patrullajes preventivos en inmediaciones de A. Olascoaga y Feliz San Mart\u00edn, donde divisaron un veh\u00edculo Volkswagen Gol Tren a gran velocidad por Av. Mosconi ex ruta 22 con direcci\u00f3n hacia el oeste, y pasando sem\u00e1foros en rojo.<\/p>\n\n\n\n<p>R\u00e1pidamente los efectivos policiales interceptaron el autom\u00f3vil para realizar la correcta identificaci\u00f3n de los ocupantes del veh\u00edculo, encontrando en su interior a dos hombres de 26 y 25 a\u00f1os.<\/p>\n\n\n\n<p>Al entrevistar al conductor, notaron un fuerte aliento et\u00edlico, por lo que solicitaron la presencia de personal de la Direcci\u00f3n Tr\u00e1nsito Neuqu\u00e9n, quienes llegaron al lugar y al intentar realizar el test de alcoholemia, ambos j\u00f3venes comenzaron a insultar al personal y entorpecer el procedimiento, por cuanto ambos fueron demorados.<\/p>\n\n\n\n<p>Como resultado se procedi\u00f3 al secuestro del veh\u00edculo por falta de documentaci\u00f3n y se labraron las actas correspondientes a su conductor; traslad\u00e1ndolos a la Unidad Policial y quedando a disposici\u00f3n de la justicia.<\/p>\n","protected":false},"excerpt":{"rendered":"<p>Ayer a la madrugada, personal de Comisar\u00eda Segunda y personal de la Direcci\u00f3n Transito, demoraron a dos j\u00f3venes y secuestr\u00f3 el veh\u00edculo en el que circulaban, ya que su conductor conduc\u00eda presumiblemente bajo los efectos del alcohol y junto a su acompa\u00f1ante entorpecieron la labor policial. El procedimiento se registr\u00f3 pasadas las 03:30, mientras el [&hellip;]<\/p>\n","protected":false},"author":14,"featured_media":13961,"comment_status":"open","ping_status":"open","sticky":false,"template":"","format":"standard","meta":{"site-sidebar-layout":"default","site-content-layout":"","ast-site-content-layout":"","site-content-style":"default","site-sidebar-style":"default","ast-global-header-display":"","ast-banner-title-visibility":"","ast-main-header-display":"","ast-hfb-above-header-display":"","ast-hfb-below-header-display":"","ast-hfb-mobile-header-display":"","site-post-title":"","ast-breadcrumbs-content":"","ast-featured-img":"","footer-sml-layout":"","theme-transparent-header-meta":"","adv-header-id-meta":"","stick-header-meta":"","header-above-stick-meta":"","header-main-stick-meta":"","header-below-stick-meta":"","astra-migrate-meta-layouts":"default","ast-page-background-enabled":"default","ast-page-background-meta":{"desktop":{"background-color":"","background-image":"","background-repeat":"repeat","background-position":"center center","background-size":"auto","background-attachment":"scroll","background-type":"","background-media":"","overlay-type":"","overlay-color":"","overlay-opacity":"","overlay-gradient":""},"tablet":{"background-color":"","background-image":"","background-repeat":"repeat","background-position":"center center","background-size":"auto","background-attachment":"scroll","background-type":"","background-media":"","overlay-type":"","overlay-color":"","overlay-opacity":"","overlay-gradient":""},"mobile":{"background-color":"","background-image":"","background-repeat":"repeat","background-position":"center center","background-size":"auto","background-attachment":"scroll","background-type":"","background-media":"","overlay-type":"","overlay-color":"","overlay-opacity":"","overlay-gradient":""}},"ast-content-background-meta":{"desktop":{"background-color":"var(--ast-global-color-5)","background-image":"","background-repeat":"repeat","background-position":"center center","background-size":"auto","background-attachment":"scroll","background-type":"","background-media":"","overlay-type":"","overlay-color":"","overlay-opacity":"","overlay-gradient":""},"tablet":{"background-color":"var(--ast-global-color-5)","background-image":"","background-repeat":"repeat","background-position":"center center","background-size":"auto","background-attachment":"scroll","background-type":"","background-media":"","overlay-type":"","overlay-color":"","overlay-opacity":"","overlay-gradient":""},"mobile":{"background-color":"var(--ast-global-color-5)","background-image":"","background-repeat":"repeat","background-position":"center center","background-size":"auto","background-attachment":"scroll","background-type":"","background-media":"","overlay-type":"","overlay-color":"","overlay-opacity":"","overlay-gradient":""}},"footnotes":""},"categories":[1],"tags":[],"class_list":["post-13960","post","type-post","status-publish","format-standard","has-post-thumbnail","hentry","category-sin-categorizar"],"jetpack_featured_media_url":"https:\/\/www.policiadelneuquen.gob.ar\/wp-content\/uploads\/2021\/11\/WhatsApp-Image-2021-11-18-at-18.24.50.jpeg","_links":{"self":[{"href":"https:\/\/www.policiadelneuquen.gob.ar\/index.php\/wp-json\/wp\/v2\/posts\/13960","targetHints":{"allow":["GET"]}}],"collection":[{"href":"https:\/\/www.policiadelneuquen.gob.ar\/index.php\/wp-json\/wp\/v2\/posts"}],"about":[{"href":"https:\/\/www.policiadelneuquen.gob.ar\/index.php\/wp-json\/wp\/v2\/types\/post"}],"author":[{"embeddable":true,"href":"https:\/\/www.policiadelneuquen.gob.ar\/index.php\/wp-json\/wp\/v2\/users\/14"}],"replies":[{"embeddable":true,"href":"https:\/\/www.policiadelneuquen.gob.ar\/index.php\/wp-json\/wp\/v2\/comments?post=13960"}],"version-history":[{"count":2,"href":"https:\/\/www.policiadelneuquen.gob.ar\/index.php\/wp-json\/wp\/v2\/posts\/13960\/revisions"}],"predecessor-version":[{"id":13963,"href":"https:\/\/www.policiadelneuquen.gob.ar\/index.php\/wp-json\/wp\/v2\/posts\/13960\/revisions\/13963"}],"wp:featuredmedia":[{"embeddable":true,"href":"https:\/\/www.policiadelneuquen.gob.ar\/index.php\/wp-json\/wp\/v2\/media\/13961"}],"wp:attachment":[{"href":"https:\/\/www.policiadelneuquen.gob.ar\/index.php\/wp-json\/wp\/v2\/media?parent=13960"}],"wp:term":[{"taxonomy":"category","embeddable":true,"href":"https:\/\/www.policiadelneuquen.gob.ar\/index.php\/wp-json\/wp\/v2\/categories?post=13960"},{"taxonomy":"post_tag","embeddable":true,"href":"https:\/\/www.policiadelneuquen.gob.ar\/index.php\/wp-json\/wp\/v2\/tags?post=13960"}],"curies":[{"name":"wp","href":"https:\/\/api.w.org\/{rel}","templated":true}]}}