{"id":13972,"date":"2021-11-19T08:45:19","date_gmt":"2021-11-19T11:45:19","guid":{"rendered":"https:\/\/www.policiadelneuquen.gob.ar\/?p=13972"},"modified":"2021-11-19T08:45:26","modified_gmt":"2021-11-19T11:45:26","slug":"centenario-allanamiento-positivo-por-abuso-de-arma-de-fuego","status":"publish","type":"post","link":"https:\/\/www.policiadelneuquen.gob.ar\/index.php\/centenario-allanamiento-positivo-por-abuso-de-arma-de-fuego\/","title":{"rendered":"Centenario: Allanamiento positivo por abuso de arma de fuego."},"content":{"rendered":"\n<p><\/p>\n\n\n\n<p>La diligencia judicial se registr\u00f3 a las 17:00 horas del mi\u00e9rcoles 17, luego que la fiscal\u00eda interviniente autorizara el allanamiento para una vivienda de calle Lan\u00edn en el barrio Casco Viejo de la ciudad antes mencionada, enmarcado en una causa de Presuntas amenazas calificadas.<\/p>\n\n\n\n<p>Los peritos, lograron el secuestro de una escopeta doble ca\u00f1o calibre 16, dos martillos percutores y dos gatillos, los cuales se encontraban con cartuchos en recamara, un arma de fabricaci\u00f3n casera tipo tumbera con cartucho en su interior, un rev\u00f3lver calibre 32 con siete cartuchos colocados y m\u00e1s municiones del mismo calibre.<\/p>\n\n\n\n<p>Cabe hacer menci\u00f3n que ante los resultados obtenidos el personal policial logr\u00f3 relacionar dichos secuestros con tres denuncias m\u00e1s de distintas fechas, por abuso de arma de fuego.<\/p>\n\n\n\n<p>Como resultado, el personal notific\u00f3 a los propietarios de la vivienda de dicha causa judicial y traslad\u00f3 lo secuestrado a la Unidad Policial, para continuar con los tr\u00e1mites de rigor y dar intervenci\u00f3n a la fiscal\u00eda interviniente.<\/p>\n","protected":false},"excerpt":{"rendered":"<p>La diligencia judicial se registr\u00f3 a las 17:00 horas del mi\u00e9rcoles 17, luego que la fiscal\u00eda interviniente autorizara el allanamiento para una vivienda de calle Lan\u00edn en el barrio Casco Viejo de la ciudad antes mencionada, enmarcado en una causa de Presuntas amenazas calificadas. Los peritos, lograron el secuestro de una escopeta doble ca\u00f1o calibre [&hellip;]<\/p>\n","protected":false},"author":14,"featured_media":13977,"comment_status":"open","ping_status":"open","sticky":false,"template":"","format":"standard","meta":{"site-sidebar-layout":"default","site-content-layout":"","ast-site-content-layout":"","site-content-style":"default","site-sidebar-style":"default","ast-global-header-display":"","ast-banner-title-visibility":"","ast-main-header-display":"","ast-hfb-above-header-display":"","ast-hfb-below-header-display":"","ast-hfb-mobile-header-display":"","site-post-title":"","ast-breadcrumbs-content":"","ast-featured-img":"","footer-sml-layout":"","theme-transparent-header-meta":"","adv-header-id-meta":"","stick-header-meta":"","header-above-stick-meta":"","header-main-stick-meta":"","header-below-stick-meta":"","astra-migrate-meta-layouts":"default","ast-page-background-enabled":"default","ast-page-background-meta":{"desktop":{"background-color":"","background-image":"","background-repeat":"repeat","background-position":"center center","background-size":"auto","background-attachment":"scroll","background-type":"","background-media":"","overlay-type":"","overlay-color":"","overlay-opacity":"","overlay-gradient":""},"tablet":{"background-color":"","background-image":"","background-repeat":"repeat","background-position":"center center","background-size":"auto","background-attachment":"scroll","background-type":"","background-media":"","overlay-type":"","overlay-color":"","overlay-opacity":"","overlay-gradient":""},"mobile":{"background-color":"","background-image":"","background-repeat":"repeat","background-position":"center center","background-size":"auto","background-attachment":"scroll","background-type":"","background-media":"","overlay-type":"","overlay-color":"","overlay-opacity":"","overlay-gradient":""}},"ast-content-background-meta":{"desktop":{"background-color":"var(--ast-global-color-5)","background-image":"","background-repeat":"repeat","background-position":"center center","background-size":"auto","background-attachment":"scroll","background-type":"","background-media":"","overlay-type":"","overlay-color":"","overlay-opacity":"","overlay-gradient":""},"tablet":{"background-color":"var(--ast-global-color-5)","background-image":"","background-repeat":"repeat","background-position":"center center","background-size":"auto","background-attachment":"scroll","background-type":"","background-media":"","overlay-type":"","overlay-color":"","overlay-opacity":"","overlay-gradient":""},"mobile":{"background-color":"var(--ast-global-color-5)","background-image":"","background-repeat":"repeat","background-position":"center center","background-size":"auto","background-attachment":"scroll","background-type":"","background-media":"","overlay-type":"","overlay-color":"","overlay-opacity":"","overlay-gradient":""}},"footnotes":""},"categories":[1],"tags":[],"class_list":["post-13972","post","type-post","status-publish","format-standard","has-post-thumbnail","hentry","category-sin-categorizar"],"jetpack_featured_media_url":"https:\/\/www.policiadelneuquen.gob.ar\/wp-content\/uploads\/2021\/11\/WhatsApp-Image-2021-11-18-at-21.23.45-1.jpeg","_links":{"self":[{"href":"https:\/\/www.policiadelneuquen.gob.ar\/index.php\/wp-json\/wp\/v2\/posts\/13972","targetHints":{"allow":["GET"]}}],"collection":[{"href":"https:\/\/www.policiadelneuquen.gob.ar\/index.php\/wp-json\/wp\/v2\/posts"}],"about":[{"href":"https:\/\/www.policiadelneuquen.gob.ar\/index.php\/wp-json\/wp\/v2\/types\/post"}],"author":[{"embeddable":true,"href":"https:\/\/www.policiadelneuquen.gob.ar\/index.php\/wp-json\/wp\/v2\/users\/14"}],"replies":[{"embeddable":true,"href":"https:\/\/www.policiadelneuquen.gob.ar\/index.php\/wp-json\/wp\/v2\/comments?post=13972"}],"version-history":[{"count":1,"href":"https:\/\/www.policiadelneuquen.gob.ar\/index.php\/wp-json\/wp\/v2\/posts\/13972\/revisions"}],"predecessor-version":[{"id":13978,"href":"https:\/\/www.policiadelneuquen.gob.ar\/index.php\/wp-json\/wp\/v2\/posts\/13972\/revisions\/13978"}],"wp:featuredmedia":[{"embeddable":true,"href":"https:\/\/www.policiadelneuquen.gob.ar\/index.php\/wp-json\/wp\/v2\/media\/13977"}],"wp:attachment":[{"href":"https:\/\/www.policiadelneuquen.gob.ar\/index.php\/wp-json\/wp\/v2\/media?parent=13972"}],"wp:term":[{"taxonomy":"category","embeddable":true,"href":"https:\/\/www.policiadelneuquen.gob.ar\/index.php\/wp-json\/wp\/v2\/categories?post=13972"},{"taxonomy":"post_tag","embeddable":true,"href":"https:\/\/www.policiadelneuquen.gob.ar\/index.php\/wp-json\/wp\/v2\/tags?post=13972"}],"curies":[{"name":"wp","href":"https:\/\/api.w.org\/{rel}","templated":true}]}}