{"id":15261,"date":"2021-12-10T11:25:31","date_gmt":"2021-12-10T14:25:31","guid":{"rendered":"https:\/\/www.policiadelneuquen.gob.ar\/?p=15261"},"modified":"2021-12-10T11:25:35","modified_gmt":"2021-12-10T14:25:35","slug":"1125-mujer-demorada-por-presunto-hurto-de-bien-personal","status":"publish","type":"post","link":"https:\/\/www.policiadelneuquen.gob.ar\/index.php\/1125-mujer-demorada-por-presunto-hurto-de-bien-personal\/","title":{"rendered":"11:25  Mujer demorada por presunto hurto de bien personal"},"content":{"rendered":"\n<p>Personal de Comisar\u00eda N\u00b021, demor\u00f3 el d\u00eda de ayer (09\/12), a una mujer sindicada como la principal autora del presunto hurto de un bien personal a una comerciante del oeste de la ciudad.<\/p>\n\n\n\n<p>Minutos despu\u00e9s de las 12:10, personal motorista dependiente de la Unidad Policial en menci\u00f3n, realizaba tareas de prevenci\u00f3n sobre calles Coll\u00f3n Cura y Concordia, observ\u00f3 que ingres\u00f3 a un local comercial de la zona una pareja conocida en el ambiente delictivo, por lo que decidieron identificarlos, notando que el sujeto se percat\u00f3 de la presencia policial intentando no ser visto, pero, termin\u00f3 siendo entrevistado de igual forma, constatando mediante comunicaci\u00f3n con el Centro de An\u00e1lisis que pose\u00eda antecedentes penales negativos sin restricci\u00f3n&nbsp; de circulaci\u00f3n.<\/p>\n\n\n\n<p>Luego fue el turno de la identificaci\u00f3n de la mujer sindicada como la presunta autora de la sustracci\u00f3n de un bien personal de la comerciante, con la colaboraci\u00f3n del personal femenino policial que fue solicitado al lugar.<\/p>\n\n\n\n<p>Como resultado, solo la ciudadana fue demorada y trasladada a la Sede Policial en averiguaci\u00f3n de antecedentes.<\/p>\n","protected":false},"excerpt":{"rendered":"<p>Personal de Comisar\u00eda N\u00b021, demor\u00f3 el d\u00eda de ayer (09\/12), a una mujer sindicada como la principal autora del presunto hurto de un bien personal a una comerciante del oeste de la ciudad. Minutos despu\u00e9s de las 12:10, personal motorista dependiente de la Unidad Policial en menci\u00f3n, realizaba tareas de prevenci\u00f3n sobre calles Coll\u00f3n Cura [&hellip;]<\/p>\n","protected":false},"author":11,"featured_media":15262,"comment_status":"open","ping_status":"open","sticky":false,"template":"","format":"standard","meta":{"site-sidebar-layout":"default","site-content-layout":"","ast-site-content-layout":"","site-content-style":"default","site-sidebar-style":"default","ast-global-header-display":"","ast-banner-title-visibility":"","ast-main-header-display":"","ast-hfb-above-header-display":"","ast-hfb-below-header-display":"","ast-hfb-mobile-header-display":"","site-post-title":"","ast-breadcrumbs-content":"","ast-featured-img":"","footer-sml-layout":"","theme-transparent-header-meta":"","adv-header-id-meta":"","stick-header-meta":"","header-above-stick-meta":"","header-main-stick-meta":"","header-below-stick-meta":"","astra-migrate-meta-layouts":"default","ast-page-background-enabled":"default","ast-page-background-meta":{"desktop":{"background-color":"","background-image":"","background-repeat":"repeat","background-position":"center center","background-size":"auto","background-attachment":"scroll","background-type":"","background-media":"","overlay-type":"","overlay-color":"","overlay-opacity":"","overlay-gradient":""},"tablet":{"background-color":"","background-image":"","background-repeat":"repeat","background-position":"center center","background-size":"auto","background-attachment":"scroll","background-type":"","background-media":"","overlay-type":"","overlay-color":"","overlay-opacity":"","overlay-gradient":""},"mobile":{"background-color":"","background-image":"","background-repeat":"repeat","background-position":"center center","background-size":"auto","background-attachment":"scroll","background-type":"","background-media":"","overlay-type":"","overlay-color":"","overlay-opacity":"","overlay-gradient":""}},"ast-content-background-meta":{"desktop":{"background-color":"var(--ast-global-color-5)","background-image":"","background-repeat":"repeat","background-position":"center center","background-size":"auto","background-attachment":"scroll","background-type":"","background-media":"","overlay-type":"","overlay-color":"","overlay-opacity":"","overlay-gradient":""},"tablet":{"background-color":"var(--ast-global-color-5)","background-image":"","background-repeat":"repeat","background-position":"center center","background-size":"auto","background-attachment":"scroll","background-type":"","background-media":"","overlay-type":"","overlay-color":"","overlay-opacity":"","overlay-gradient":""},"mobile":{"background-color":"var(--ast-global-color-5)","background-image":"","background-repeat":"repeat","background-position":"center center","background-size":"auto","background-attachment":"scroll","background-type":"","background-media":"","overlay-type":"","overlay-color":"","overlay-opacity":"","overlay-gradient":""}},"footnotes":""},"categories":[1],"tags":[],"class_list":["post-15261","post","type-post","status-publish","format-standard","has-post-thumbnail","hentry","category-sin-categorizar"],"jetpack_featured_media_url":"https:\/\/www.policiadelneuquen.gob.ar\/wp-content\/uploads\/2021\/12\/Mujer-demorada-por-presunto-hurto-de-bien-personal.jpeg","_links":{"self":[{"href":"https:\/\/www.policiadelneuquen.gob.ar\/index.php\/wp-json\/wp\/v2\/posts\/15261","targetHints":{"allow":["GET"]}}],"collection":[{"href":"https:\/\/www.policiadelneuquen.gob.ar\/index.php\/wp-json\/wp\/v2\/posts"}],"about":[{"href":"https:\/\/www.policiadelneuquen.gob.ar\/index.php\/wp-json\/wp\/v2\/types\/post"}],"author":[{"embeddable":true,"href":"https:\/\/www.policiadelneuquen.gob.ar\/index.php\/wp-json\/wp\/v2\/users\/11"}],"replies":[{"embeddable":true,"href":"https:\/\/www.policiadelneuquen.gob.ar\/index.php\/wp-json\/wp\/v2\/comments?post=15261"}],"version-history":[{"count":1,"href":"https:\/\/www.policiadelneuquen.gob.ar\/index.php\/wp-json\/wp\/v2\/posts\/15261\/revisions"}],"predecessor-version":[{"id":15263,"href":"https:\/\/www.policiadelneuquen.gob.ar\/index.php\/wp-json\/wp\/v2\/posts\/15261\/revisions\/15263"}],"wp:featuredmedia":[{"embeddable":true,"href":"https:\/\/www.policiadelneuquen.gob.ar\/index.php\/wp-json\/wp\/v2\/media\/15262"}],"wp:attachment":[{"href":"https:\/\/www.policiadelneuquen.gob.ar\/index.php\/wp-json\/wp\/v2\/media?parent=15261"}],"wp:term":[{"taxonomy":"category","embeddable":true,"href":"https:\/\/www.policiadelneuquen.gob.ar\/index.php\/wp-json\/wp\/v2\/categories?post=15261"},{"taxonomy":"post_tag","embeddable":true,"href":"https:\/\/www.policiadelneuquen.gob.ar\/index.php\/wp-json\/wp\/v2\/tags?post=15261"}],"curies":[{"name":"wp","href":"https:\/\/api.w.org\/{rel}","templated":true}]}}