{"id":15823,"date":"2021-12-22T22:11:01","date_gmt":"2021-12-23T01:11:01","guid":{"rendered":"https:\/\/www.policiadelneuquen.gob.ar\/?p=15823"},"modified":"2021-12-22T22:13:01","modified_gmt":"2021-12-23T01:13:01","slug":"2209-acto-inauguracion-de-la-direccion-seguridad-interior-anelo","status":"publish","type":"post","link":"https:\/\/www.policiadelneuquen.gob.ar\/index.php\/2209-acto-inauguracion-de-la-direccion-seguridad-interior-anelo\/","title":{"rendered":"22:09 Acto inauguraci\u00f3n de la Direcci\u00f3n Seguridad Interior A\u00f1elo"},"content":{"rendered":"\t\t<div data-elementor-type=\"wp-post\" data-elementor-id=\"15823\" class=\"elementor elementor-15823\">\n\t\t\t\t\t\t<section class=\"elementor-section elementor-top-section elementor-element elementor-element-6083ffc1 elementor-section-boxed elementor-section-height-default elementor-section-height-default\" data-id=\"6083ffc1\" data-element_type=\"section\" data-e-type=\"section\">\n\t\t\t\t\t\t<div class=\"elementor-container elementor-column-gap-default\">\n\t\t\t\t\t<div class=\"elementor-column elementor-col-100 elementor-top-column elementor-element elementor-element-11da4c38\" data-id=\"11da4c38\" data-element_type=\"column\" data-e-type=\"column\">\n\t\t\t<div class=\"elementor-widget-wrap elementor-element-populated\">\n\t\t\t\t\t\t<div class=\"elementor-element elementor-element-ea60713 elementor-widget elementor-widget-image\" data-id=\"ea60713\" data-element_type=\"widget\" data-e-type=\"widget\" data-widget_type=\"image.default\">\n\t\t\t\t<div class=\"elementor-widget-container\">\n\t\t\t\t\t\t\t\t\t\t\t\t\t\t\t<img fetchpriority=\"high\" decoding=\"async\" width=\"1024\" height=\"682\" src=\"https:\/\/www.policiadelneuquen.gob.ar\/wp-content\/uploads\/2021\/12\/WhatsApp-Image-2021-12-22-at-19.02.191-1024x682.jpeg\" class=\"attachment-large size-large wp-image-15824\" alt=\"\" srcset=\"https:\/\/www.policiadelneuquen.gob.ar\/wp-content\/uploads\/2021\/12\/WhatsApp-Image-2021-12-22-at-19.02.191-1024x682.jpeg 1024w, https:\/\/www.policiadelneuquen.gob.ar\/wp-content\/uploads\/2021\/12\/WhatsApp-Image-2021-12-22-at-19.02.191-300x200.jpeg 300w, https:\/\/www.policiadelneuquen.gob.ar\/wp-content\/uploads\/2021\/12\/WhatsApp-Image-2021-12-22-at-19.02.191-768x512.jpeg 768w, https:\/\/www.policiadelneuquen.gob.ar\/wp-content\/uploads\/2021\/12\/WhatsApp-Image-2021-12-22-at-19.02.191-1536x1023.jpeg 1536w, https:\/\/www.policiadelneuquen.gob.ar\/wp-content\/uploads\/2021\/12\/WhatsApp-Image-2021-12-22-at-19.02.191.jpeg 1600w\" sizes=\"(max-width: 1024px) 100vw, 1024px\" \/>\t\t\t\t\t\t\t\t\t\t\t\t\t\t\t<\/div>\n\t\t\t\t<\/div>\n\t\t\t\t<div class=\"elementor-element elementor-element-233965f7 elementor-widget elementor-widget-text-editor\" data-id=\"233965f7\" data-element_type=\"widget\" data-e-type=\"widget\" data-widget_type=\"text-editor.default\">\n\t\t\t\t<div class=\"elementor-widget-container\">\n\t\t\t\t\t\t\t\t\t\n<p>Esta tarde (22-12) a los 18:00 horas, en las instalaciones de Comisar\u00eda 10\u00b0, se realiz\u00f3 el acto inauguraci\u00f3n de la Direcci\u00f3n Seguridad Interior A\u00f1elo, siendo un momento trascendental para la Polic\u00eda del Neuqu\u00e9n, pero por sobre todo para los vecinos de la zona ya que, debido al crecimiento demogr\u00e1fico, se consider\u00f3 oportuno jerarquizar el espacio territorial del Noreste de la Provincia, con la creaci\u00f3n de la Direcci\u00f3n Seguridad Interior A\u00f1elo.<br>Esta importante decisi\u00f3n por parte de la Polic\u00eda del Neuqu\u00e9n en conjunto con el Gobierno de la provincia, permitir\u00e1 fortalecer e incrementar la presencia policial en la Zona de la Comarca Petrolera \u201cVaca Muerta\u201d, mejorando la capacidad t\u00e9cnica y operativa, de nuestros efectivos policiales y as\u00ed brindar a la poblaci\u00f3n medidas preventivas necesarias, basadas en el trabajo responsable y profesional, consideradas fundamentales a la hora de prevenir el delito y\/o situaciones que requieran la intervenci\u00f3n policial.<br>Por ello, esta tarde con la presencia del Se\u00f1or Jefe de Polic\u00eda Comisario General Julio Ariel Peralta, se llev\u00f3 a cabo la ceremonia del nombramiento de las nuevas autoridades de esa flamante Direcci\u00f3n, siendo acompa\u00f1ado por el Se\u00f1or Subjefe de Polic\u00eda Comisario General Luis Alejandro Arango, el Superintendente de Seguridad Comisario General Miguel \u00c1ngel Riu, el Superintendente de Investigaciones Comisario General Tomas D\u00edaz P\u00e9rez, Superintendente de Apoyo y Servicios Comisario General Miguel Jara, la Sra. Directora de Administraci\u00f3n Comisario General Edith Valderrama y el Director de Asuntos Internos Comisario Mayor N\u00e9stor Ib\u00e1\u00f1ez, junto a las dem\u00e1s autoridades policiales presentes y el personal policial en general.<br>Dando comienzo al acto, se entonaron las estrofas de los Himnos Nacional y Provincial, a cargo de la Banda de M\u00fasica de nuestra polic\u00eda, a cargo del Comisario Esteban V\u00e1zquez, para luego dar lugar al minuto de silencio, por las personas fallecidas producto de la pandemia Covid-19 y por nuestros m\u00e1rtires policiales y a su termino se comparti\u00f3 la invocaci\u00f3n religiosa por parte del padre Pablo Andr\u00e9s Mardoni.<br>Seguidamente se dio lectura a la resoluci\u00f3n, que en su parte pertinente dispone el nombramiento de:<br>\u2022 Comisario Inspector Claudio Fernando Vinet como Director Seguridad Interior A\u00f1elo<br>\u2022 Comisario Inspector Bonifacio Le\u00f3nides Zapiola como Coordinador Operativo A\u00f1elo<br>\u2022 Comisario Diego Hern\u00e1n Turcatti como Coordinador Operativos Rinc\u00f3n de los Sauces<\/p>\n\n\n\n<p>Los mismos, fueron puestos en sus funciones por el Superintendente de Seguridad, Comisario General Miguel Riu, luego se dirigi\u00f3 a los presentes el Jefe de Polic\u00eda Comisario General Julio Peralta, remarcando la importancia de esta nueva Direcci\u00f3n de Seguridad Interior, la cual permitir\u00e1 fortalecer m\u00e1s aun, los v\u00ednculos para con los vecinos, como as\u00ed tambi\u00e9n felicit\u00f3 a las nuevas autoridades, inst\u00e1ndolos a continuar trabajando con la profesionalidad que los ha caracterizado hasta el momento.<br>A su t\u00e9rmino, hizo su retiro la bandera de ceremonias, finalizando as\u00ed este importante acto.<\/p>\n\t\t\t\t\t\t\t\t<\/div>\n\t\t\t\t<\/div>\n\t\t\t\t\t<\/div>\n\t\t<\/div>\n\t\t\t\t\t<\/div>\n\t\t<\/section>\n\t\t\t\t<section class=\"elementor-section elementor-top-section elementor-element elementor-element-af407eb elementor-section-boxed elementor-section-height-default elementor-section-height-default\" data-id=\"af407eb\" data-element_type=\"section\" data-e-type=\"section\">\n\t\t\t\t\t\t<div class=\"elementor-container elementor-column-gap-default\">\n\t\t\t\t\t<div class=\"elementor-column elementor-col-100 elementor-top-column elementor-element elementor-element-793ff17\" data-id=\"793ff17\" data-element_type=\"column\" data-e-type=\"column\">\n\t\t\t<div class=\"elementor-widget-wrap elementor-element-populated\">\n\t\t\t\t\t\t<div class=\"elementor-element elementor-element-42cf732 elementor-widget elementor-widget-image-gallery\" data-id=\"42cf732\" data-element_type=\"widget\" data-e-type=\"widget\" data-widget_type=\"image-gallery.default\">\n\t\t\t\t<div class=\"elementor-widget-container\">\n\t\t\t\t\t\t\t<div class=\"elementor-image-gallery\">\n\t\t\t<div id='gallery-2' class='gallery galleryid-15823 gallery-columns-4 gallery-size-thumbnail'><figure class='gallery-item'>\n\t\t\t<div class='gallery-icon landscape'>\n\t\t\t\t<a data-elementor-open-lightbox=\"yes\" data-elementor-lightbox-slideshow=\"42cf732\" data-elementor-lightbox-title=\"WhatsApp Image 2021-12-22 at 19.02.19(1)\" data-e-action-hash=\"#elementor-action%3Aaction%3Dlightbox%26settings%3DeyJpZCI6MTU4MjQsInVybCI6Imh0dHBzOlwvXC93d3cucG9saWNpYWRlbG5ldXF1ZW4uZ29iLmFyXC93cC1jb250ZW50XC91cGxvYWRzXC8yMDIxXC8xMlwvV2hhdHNBcHAtSW1hZ2UtMjAyMS0xMi0yMi1hdC0xOS4wMi4xOTEuanBlZyIsInNsaWRlc2hvdyI6IjQyY2Y3MzIifQ%3D%3D\" href='https:\/\/www.policiadelneuquen.gob.ar\/wp-content\/uploads\/2021\/12\/WhatsApp-Image-2021-12-22-at-19.02.191.jpeg'><img decoding=\"async\" width=\"150\" height=\"150\" src=\"https:\/\/www.policiadelneuquen.gob.ar\/wp-content\/uploads\/2021\/12\/WhatsApp-Image-2021-12-22-at-19.02.191-150x150.jpeg\" class=\"attachment-thumbnail size-thumbnail\" alt=\"\" srcset=\"https:\/\/www.policiadelneuquen.gob.ar\/wp-content\/uploads\/2021\/12\/WhatsApp-Image-2021-12-22-at-19.02.191-150x150.jpeg 150w, https:\/\/www.policiadelneuquen.gob.ar\/wp-content\/uploads\/2021\/12\/WhatsApp-Image-2021-12-22-at-19.02.191-250x250.jpeg 250w\" sizes=\"(max-width: 150px) 100vw, 150px\" \/><\/a>\n\t\t\t<\/div><\/figure><figure class='gallery-item'>\n\t\t\t<div class='gallery-icon landscape'>\n\t\t\t\t<a data-elementor-open-lightbox=\"yes\" data-elementor-lightbox-slideshow=\"42cf732\" data-elementor-lightbox-title=\"WhatsApp Image 2021-12-22 at 19.02.20\" data-e-action-hash=\"#elementor-action%3Aaction%3Dlightbox%26settings%3DeyJpZCI6MTU4MjUsInVybCI6Imh0dHBzOlwvXC93d3cucG9saWNpYWRlbG5ldXF1ZW4uZ29iLmFyXC93cC1jb250ZW50XC91cGxvYWRzXC8yMDIxXC8xMlwvV2hhdHNBcHAtSW1hZ2UtMjAyMS0xMi0yMi1hdC0xOS4wMi4yMC5qcGVnIiwic2xpZGVzaG93IjoiNDJjZjczMiJ9\" href='https:\/\/www.policiadelneuquen.gob.ar\/wp-content\/uploads\/2021\/12\/WhatsApp-Image-2021-12-22-at-19.02.20.jpeg'><img decoding=\"async\" width=\"150\" height=\"150\" src=\"https:\/\/www.policiadelneuquen.gob.ar\/wp-content\/uploads\/2021\/12\/WhatsApp-Image-2021-12-22-at-19.02.20-150x150.jpeg\" class=\"attachment-thumbnail size-thumbnail\" alt=\"\" srcset=\"https:\/\/www.policiadelneuquen.gob.ar\/wp-content\/uploads\/2021\/12\/WhatsApp-Image-2021-12-22-at-19.02.20-150x150.jpeg 150w, https:\/\/www.policiadelneuquen.gob.ar\/wp-content\/uploads\/2021\/12\/WhatsApp-Image-2021-12-22-at-19.02.20-250x250.jpeg 250w\" sizes=\"(max-width: 150px) 100vw, 150px\" \/><\/a>\n\t\t\t<\/div><\/figure><figure class='gallery-item'>\n\t\t\t<div class='gallery-icon landscape'>\n\t\t\t\t<a data-elementor-open-lightbox=\"yes\" data-elementor-lightbox-slideshow=\"42cf732\" data-elementor-lightbox-title=\"WhatsApp Image 2021-12-22 at 19.02.21(1)\" data-e-action-hash=\"#elementor-action%3Aaction%3Dlightbox%26settings%3DeyJpZCI6MTU4MjYsInVybCI6Imh0dHBzOlwvXC93d3cucG9saWNpYWRlbG5ldXF1ZW4uZ29iLmFyXC93cC1jb250ZW50XC91cGxvYWRzXC8yMDIxXC8xMlwvV2hhdHNBcHAtSW1hZ2UtMjAyMS0xMi0yMi1hdC0xOS4wMi4yMTEuanBlZyIsInNsaWRlc2hvdyI6IjQyY2Y3MzIifQ%3D%3D\" href='https:\/\/www.policiadelneuquen.gob.ar\/wp-content\/uploads\/2021\/12\/WhatsApp-Image-2021-12-22-at-19.02.211.jpeg'><img loading=\"lazy\" decoding=\"async\" width=\"150\" height=\"150\" src=\"https:\/\/www.policiadelneuquen.gob.ar\/wp-content\/uploads\/2021\/12\/WhatsApp-Image-2021-12-22-at-19.02.211-150x150.jpeg\" class=\"attachment-thumbnail size-thumbnail\" alt=\"\" srcset=\"https:\/\/www.policiadelneuquen.gob.ar\/wp-content\/uploads\/2021\/12\/WhatsApp-Image-2021-12-22-at-19.02.211-150x150.jpeg 150w, https:\/\/www.policiadelneuquen.gob.ar\/wp-content\/uploads\/2021\/12\/WhatsApp-Image-2021-12-22-at-19.02.211-250x250.jpeg 250w\" sizes=\"(max-width: 150px) 100vw, 150px\" \/><\/a>\n\t\t\t<\/div><\/figure><figure class='gallery-item'>\n\t\t\t<div class='gallery-icon landscape'>\n\t\t\t\t<a data-elementor-open-lightbox=\"yes\" data-elementor-lightbox-slideshow=\"42cf732\" data-elementor-lightbox-title=\"WhatsApp Image 2021-12-22 at 19.02.21(2)\" data-e-action-hash=\"#elementor-action%3Aaction%3Dlightbox%26settings%3DeyJpZCI6MTU4MjcsInVybCI6Imh0dHBzOlwvXC93d3cucG9saWNpYWRlbG5ldXF1ZW4uZ29iLmFyXC93cC1jb250ZW50XC91cGxvYWRzXC8yMDIxXC8xMlwvV2hhdHNBcHAtSW1hZ2UtMjAyMS0xMi0yMi1hdC0xOS4wMi4yMTIuanBlZyIsInNsaWRlc2hvdyI6IjQyY2Y3MzIifQ%3D%3D\" href='https:\/\/www.policiadelneuquen.gob.ar\/wp-content\/uploads\/2021\/12\/WhatsApp-Image-2021-12-22-at-19.02.212.jpeg'><img loading=\"lazy\" decoding=\"async\" width=\"150\" height=\"150\" src=\"https:\/\/www.policiadelneuquen.gob.ar\/wp-content\/uploads\/2021\/12\/WhatsApp-Image-2021-12-22-at-19.02.212-150x150.jpeg\" class=\"attachment-thumbnail size-thumbnail\" alt=\"\" srcset=\"https:\/\/www.policiadelneuquen.gob.ar\/wp-content\/uploads\/2021\/12\/WhatsApp-Image-2021-12-22-at-19.02.212-150x150.jpeg 150w, https:\/\/www.policiadelneuquen.gob.ar\/wp-content\/uploads\/2021\/12\/WhatsApp-Image-2021-12-22-at-19.02.212-250x250.jpeg 250w\" sizes=\"(max-width: 150px) 100vw, 150px\" \/><\/a>\n\t\t\t<\/div><\/figure><figure class='gallery-item'>\n\t\t\t<div class='gallery-icon portrait'>\n\t\t\t\t<a data-elementor-open-lightbox=\"yes\" data-elementor-lightbox-slideshow=\"42cf732\" data-elementor-lightbox-title=\"WhatsApp Image 2021-12-22 at 19.02.22(1)\" data-e-action-hash=\"#elementor-action%3Aaction%3Dlightbox%26settings%3DeyJpZCI6MTU4MjgsInVybCI6Imh0dHBzOlwvXC93d3cucG9saWNpYWRlbG5ldXF1ZW4uZ29iLmFyXC93cC1jb250ZW50XC91cGxvYWRzXC8yMDIxXC8xMlwvV2hhdHNBcHAtSW1hZ2UtMjAyMS0xMi0yMi1hdC0xOS4wMi4yMjEuanBlZyIsInNsaWRlc2hvdyI6IjQyY2Y3MzIifQ%3D%3D\" href='https:\/\/www.policiadelneuquen.gob.ar\/wp-content\/uploads\/2021\/12\/WhatsApp-Image-2021-12-22-at-19.02.221.jpeg'><img loading=\"lazy\" decoding=\"async\" width=\"150\" height=\"150\" src=\"https:\/\/www.policiadelneuquen.gob.ar\/wp-content\/uploads\/2021\/12\/WhatsApp-Image-2021-12-22-at-19.02.221-150x150.jpeg\" class=\"attachment-thumbnail size-thumbnail\" alt=\"\" srcset=\"https:\/\/www.policiadelneuquen.gob.ar\/wp-content\/uploads\/2021\/12\/WhatsApp-Image-2021-12-22-at-19.02.221-150x150.jpeg 150w, https:\/\/www.policiadelneuquen.gob.ar\/wp-content\/uploads\/2021\/12\/WhatsApp-Image-2021-12-22-at-19.02.221-250x250.jpeg 250w\" sizes=\"(max-width: 150px) 100vw, 150px\" \/><\/a>\n\t\t\t<\/div><\/figure><figure class='gallery-item'>\n\t\t\t<div class='gallery-icon landscape'>\n\t\t\t\t<a data-elementor-open-lightbox=\"yes\" data-elementor-lightbox-slideshow=\"42cf732\" data-elementor-lightbox-title=\"WhatsApp Image 2021-12-22 at 19.02.22(2)\" data-e-action-hash=\"#elementor-action%3Aaction%3Dlightbox%26settings%3DeyJpZCI6MTU4MjksInVybCI6Imh0dHBzOlwvXC93d3cucG9saWNpYWRlbG5ldXF1ZW4uZ29iLmFyXC93cC1jb250ZW50XC91cGxvYWRzXC8yMDIxXC8xMlwvV2hhdHNBcHAtSW1hZ2UtMjAyMS0xMi0yMi1hdC0xOS4wMi4yMjIuanBlZyIsInNsaWRlc2hvdyI6IjQyY2Y3MzIifQ%3D%3D\" href='https:\/\/www.policiadelneuquen.gob.ar\/wp-content\/uploads\/2021\/12\/WhatsApp-Image-2021-12-22-at-19.02.222.jpeg'><img loading=\"lazy\" decoding=\"async\" width=\"150\" height=\"150\" src=\"https:\/\/www.policiadelneuquen.gob.ar\/wp-content\/uploads\/2021\/12\/WhatsApp-Image-2021-12-22-at-19.02.222-150x150.jpeg\" class=\"attachment-thumbnail size-thumbnail\" alt=\"\" srcset=\"https:\/\/www.policiadelneuquen.gob.ar\/wp-content\/uploads\/2021\/12\/WhatsApp-Image-2021-12-22-at-19.02.222-150x150.jpeg 150w, https:\/\/www.policiadelneuquen.gob.ar\/wp-content\/uploads\/2021\/12\/WhatsApp-Image-2021-12-22-at-19.02.222-250x250.jpeg 250w\" sizes=\"(max-width: 150px) 100vw, 150px\" \/><\/a>\n\t\t\t<\/div><\/figure><figure class='gallery-item'>\n\t\t\t<div class='gallery-icon landscape'>\n\t\t\t\t<a data-elementor-open-lightbox=\"yes\" data-elementor-lightbox-slideshow=\"42cf732\" data-elementor-lightbox-title=\"WhatsApp Image 2021-12-22 at 19.02.23(1)\" data-e-action-hash=\"#elementor-action%3Aaction%3Dlightbox%26settings%3DeyJpZCI6MTU4MzAsInVybCI6Imh0dHBzOlwvXC93d3cucG9saWNpYWRlbG5ldXF1ZW4uZ29iLmFyXC93cC1jb250ZW50XC91cGxvYWRzXC8yMDIxXC8xMlwvV2hhdHNBcHAtSW1hZ2UtMjAyMS0xMi0yMi1hdC0xOS4wMi4yMzEuanBlZyIsInNsaWRlc2hvdyI6IjQyY2Y3MzIifQ%3D%3D\" href='https:\/\/www.policiadelneuquen.gob.ar\/wp-content\/uploads\/2021\/12\/WhatsApp-Image-2021-12-22-at-19.02.231.jpeg'><img loading=\"lazy\" decoding=\"async\" width=\"150\" height=\"150\" src=\"https:\/\/www.policiadelneuquen.gob.ar\/wp-content\/uploads\/2021\/12\/WhatsApp-Image-2021-12-22-at-19.02.231-150x150.jpeg\" class=\"attachment-thumbnail size-thumbnail\" alt=\"\" srcset=\"https:\/\/www.policiadelneuquen.gob.ar\/wp-content\/uploads\/2021\/12\/WhatsApp-Image-2021-12-22-at-19.02.231-150x150.jpeg 150w, https:\/\/www.policiadelneuquen.gob.ar\/wp-content\/uploads\/2021\/12\/WhatsApp-Image-2021-12-22-at-19.02.231-250x250.jpeg 250w\" sizes=\"(max-width: 150px) 100vw, 150px\" \/><\/a>\n\t\t\t<\/div><\/figure><figure class='gallery-item'>\n\t\t\t<div class='gallery-icon landscape'>\n\t\t\t\t<a data-elementor-open-lightbox=\"yes\" data-elementor-lightbox-slideshow=\"42cf732\" data-elementor-lightbox-title=\"WhatsApp Image 2021-12-22 at 19.02.25\" data-e-action-hash=\"#elementor-action%3Aaction%3Dlightbox%26settings%3DeyJpZCI6MTU4MzEsInVybCI6Imh0dHBzOlwvXC93d3cucG9saWNpYWRlbG5ldXF1ZW4uZ29iLmFyXC93cC1jb250ZW50XC91cGxvYWRzXC8yMDIxXC8xMlwvV2hhdHNBcHAtSW1hZ2UtMjAyMS0xMi0yMi1hdC0xOS4wMi4yNS5qcGVnIiwic2xpZGVzaG93IjoiNDJjZjczMiJ9\" href='https:\/\/www.policiadelneuquen.gob.ar\/wp-content\/uploads\/2021\/12\/WhatsApp-Image-2021-12-22-at-19.02.25.jpeg'><img loading=\"lazy\" decoding=\"async\" width=\"150\" height=\"150\" src=\"https:\/\/www.policiadelneuquen.gob.ar\/wp-content\/uploads\/2021\/12\/WhatsApp-Image-2021-12-22-at-19.02.25-150x150.jpeg\" class=\"attachment-thumbnail size-thumbnail\" alt=\"\" srcset=\"https:\/\/www.policiadelneuquen.gob.ar\/wp-content\/uploads\/2021\/12\/WhatsApp-Image-2021-12-22-at-19.02.25-150x150.jpeg 150w, https:\/\/www.policiadelneuquen.gob.ar\/wp-content\/uploads\/2021\/12\/WhatsApp-Image-2021-12-22-at-19.02.25-250x250.jpeg 250w\" sizes=\"(max-width: 150px) 100vw, 150px\" \/><\/a>\n\t\t\t<\/div><\/figure><figure class='gallery-item'>\n\t\t\t<div class='gallery-icon landscape'>\n\t\t\t\t<a data-elementor-open-lightbox=\"yes\" data-elementor-lightbox-slideshow=\"42cf732\" data-elementor-lightbox-title=\"WhatsApp Image 2021-12-22 at 19.02.26(2)\" data-e-action-hash=\"#elementor-action%3Aaction%3Dlightbox%26settings%3DeyJpZCI6MTU4MzIsInVybCI6Imh0dHBzOlwvXC93d3cucG9saWNpYWRlbG5ldXF1ZW4uZ29iLmFyXC93cC1jb250ZW50XC91cGxvYWRzXC8yMDIxXC8xMlwvV2hhdHNBcHAtSW1hZ2UtMjAyMS0xMi0yMi1hdC0xOS4wMi4yNjIuanBlZyIsInNsaWRlc2hvdyI6IjQyY2Y3MzIifQ%3D%3D\" href='https:\/\/www.policiadelneuquen.gob.ar\/wp-content\/uploads\/2021\/12\/WhatsApp-Image-2021-12-22-at-19.02.262.jpeg'><img loading=\"lazy\" decoding=\"async\" width=\"150\" height=\"150\" src=\"https:\/\/www.policiadelneuquen.gob.ar\/wp-content\/uploads\/2021\/12\/WhatsApp-Image-2021-12-22-at-19.02.262-150x150.jpeg\" class=\"attachment-thumbnail size-thumbnail\" alt=\"\" srcset=\"https:\/\/www.policiadelneuquen.gob.ar\/wp-content\/uploads\/2021\/12\/WhatsApp-Image-2021-12-22-at-19.02.262-150x150.jpeg 150w, https:\/\/www.policiadelneuquen.gob.ar\/wp-content\/uploads\/2021\/12\/WhatsApp-Image-2021-12-22-at-19.02.262-250x250.jpeg 250w\" sizes=\"(max-width: 150px) 100vw, 150px\" \/><\/a>\n\t\t\t<\/div><\/figure>\n\t\t<\/div>\n\t\t<\/div>\n\t\t\t\t\t\t<\/div>\n\t\t\t\t<\/div>\n\t\t\t\t\t<\/div>\n\t\t<\/div>\n\t\t\t\t\t<\/div>\n\t\t<\/section>\n\t\t\t\t<\/div>\n\t\t","protected":false},"excerpt":{"rendered":"<p>Esta tarde (22-12) a los 18:00 horas, en las instalaciones de Comisar\u00eda 10\u00b0, se realiz\u00f3 el acto inauguraci\u00f3n de la Direcci\u00f3n Seguridad Interior A\u00f1elo, siendo un momento trascendental para la Polic\u00eda del Neuqu\u00e9n, pero por sobre todo para los vecinos de la zona ya que, debido al crecimiento demogr\u00e1fico, se consider\u00f3 oportuno jerarquizar el espacio [&hellip;]<\/p>\n","protected":false},"author":11,"featured_media":0,"comment_status":"open","ping_status":"open","sticky":false,"template":"","format":"standard","meta":{"site-sidebar-layout":"default","site-content-layout":"","ast-site-content-layout":"","site-content-style":"default","site-sidebar-style":"default","ast-global-header-display":"","ast-banner-title-visibility":"","ast-main-header-display":"","ast-hfb-above-header-display":"","ast-hfb-below-header-display":"","ast-hfb-mobile-header-display":"","site-post-title":"","ast-breadcrumbs-content":"","ast-featured-img":"","footer-sml-layout":"","theme-transparent-header-meta":"","adv-header-id-meta":"","stick-header-meta":"","header-above-stick-meta":"","header-main-stick-meta":"","header-below-stick-meta":"","astra-migrate-meta-layouts":"default","ast-page-background-enabled":"default","ast-page-background-meta":{"desktop":{"background-color":"","background-image":"","background-repeat":"repeat","background-position":"center center","background-size":"auto","background-attachment":"scroll","background-type":"","background-media":"","overlay-type":"","overlay-color":"","overlay-opacity":"","overlay-gradient":""},"tablet":{"background-color":"","background-image":"","background-repeat":"repeat","background-position":"center center","background-size":"auto","background-attachment":"scroll","background-type":"","background-media":"","overlay-type":"","overlay-color":"","overlay-opacity":"","overlay-gradient":""},"mobile":{"background-color":"","background-image":"","background-repeat":"repeat","background-position":"center center","background-size":"auto","background-attachment":"scroll","background-type":"","background-media":"","overlay-type":"","overlay-color":"","overlay-opacity":"","overlay-gradient":""}},"ast-content-background-meta":{"desktop":{"background-color":"var(--ast-global-color-5)","background-image":"","background-repeat":"repeat","background-position":"center center","background-size":"auto","background-attachment":"scroll","background-type":"","background-media":"","overlay-type":"","overlay-color":"","overlay-opacity":"","overlay-gradient":""},"tablet":{"background-color":"var(--ast-global-color-5)","background-image":"","background-repeat":"repeat","background-position":"center center","background-size":"auto","background-attachment":"scroll","background-type":"","background-media":"","overlay-type":"","overlay-color":"","overlay-opacity":"","overlay-gradient":""},"mobile":{"background-color":"var(--ast-global-color-5)","background-image":"","background-repeat":"repeat","background-position":"center center","background-size":"auto","background-attachment":"scroll","background-type":"","background-media":"","overlay-type":"","overlay-color":"","overlay-opacity":"","overlay-gradient":""}},"footnotes":""},"categories":[1],"tags":[],"class_list":["post-15823","post","type-post","status-publish","format-standard","hentry","category-sin-categorizar"],"jetpack_featured_media_url":"","_links":{"self":[{"href":"https:\/\/www.policiadelneuquen.gob.ar\/index.php\/wp-json\/wp\/v2\/posts\/15823","targetHints":{"allow":["GET"]}}],"collection":[{"href":"https:\/\/www.policiadelneuquen.gob.ar\/index.php\/wp-json\/wp\/v2\/posts"}],"about":[{"href":"https:\/\/www.policiadelneuquen.gob.ar\/index.php\/wp-json\/wp\/v2\/types\/post"}],"author":[{"embeddable":true,"href":"https:\/\/www.policiadelneuquen.gob.ar\/index.php\/wp-json\/wp\/v2\/users\/11"}],"replies":[{"embeddable":true,"href":"https:\/\/www.policiadelneuquen.gob.ar\/index.php\/wp-json\/wp\/v2\/comments?post=15823"}],"version-history":[{"count":3,"href":"https:\/\/www.policiadelneuquen.gob.ar\/index.php\/wp-json\/wp\/v2\/posts\/15823\/revisions"}],"predecessor-version":[{"id":15835,"href":"https:\/\/www.policiadelneuquen.gob.ar\/index.php\/wp-json\/wp\/v2\/posts\/15823\/revisions\/15835"}],"wp:attachment":[{"href":"https:\/\/www.policiadelneuquen.gob.ar\/index.php\/wp-json\/wp\/v2\/media?parent=15823"}],"wp:term":[{"taxonomy":"category","embeddable":true,"href":"https:\/\/www.policiadelneuquen.gob.ar\/index.php\/wp-json\/wp\/v2\/categories?post=15823"},{"taxonomy":"post_tag","embeddable":true,"href":"https:\/\/www.policiadelneuquen.gob.ar\/index.php\/wp-json\/wp\/v2\/tags?post=15823"}],"curies":[{"name":"wp","href":"https:\/\/api.w.org\/{rel}","templated":true}]}}