{"id":16058,"date":"2021-12-24T20:26:27","date_gmt":"2021-12-24T23:26:27","guid":{"rendered":"https:\/\/www.policiadelneuquen.gob.ar\/?p=16058"},"modified":"2021-12-24T20:26:33","modified_gmt":"2021-12-24T23:26:33","slug":"2026-cria-2-secuestro-vehicular","status":"publish","type":"post","link":"https:\/\/www.policiadelneuquen.gob.ar\/index.php\/2026-cria-2-secuestro-vehicular\/","title":{"rendered":"20:26 Cr\u00eda 2\u00b0: Secuestro vehicular"},"content":{"rendered":"\n<p>En la tarde de hoy personal de Comisar\u00eda Segunda secuestro una camioneta con documentaci\u00f3n ap\u00f3crifa, en inmediaciones al barrio Belgrano de Neuqu\u00e9n capital.<\/p>\n\n\n\n<p>Todo comenz\u00f3 cuando informaron v\u00eda radial que el conductor de una camioneta Volkswagen Amarok azul habr\u00eda pasado el sem\u00e1foro de Av. Olascoaga y Choc\u00f3n en rojo y a gran velocidad.<\/p>\n\n\n\n<p>Inmediatamente comenzaron un patrullaje por la zona aleda\u00f1a y sobre calle Copahue ubicaron el rodado con su conductor, por lo que procedieron a identificar al hombre de 25 a\u00f1os.<\/p>\n\n\n\n<p>Al verificar la documentaci\u00f3n presentada por el sujeto, los efectivos constataron que el seguro de la camioneta se encontraba vencido y que la licencia de conducir podr\u00eda ser ap\u00f3crifa.<\/p>\n\n\n\n<p>Al consultar con la Dra. de la Fiscal\u00eda de Delitos Flagrantes, \u00e9sta dispuso el secuestro de la camioneta, la documentaci\u00f3n y la demora del hombre de 25 a\u00f1os. En ese momento, de manera repentina apareci\u00f3 en el lugar una camioneta Toyota Hilux blanca, donde el demorado subi\u00f3 r\u00e1pidamente al asiento del acompa\u00f1ante d\u00e1ndose a la fuga abandonando su veh\u00edculo y la documentaci\u00f3n personal.<\/p>\n\n\n\n<p>Como resultado se procedi\u00f3 al traslado de la camioneta a la Unidad Policial, para continuar con las diligencias pertinentes.<\/p>\n","protected":false},"excerpt":{"rendered":"<p>En la tarde de hoy personal de Comisar\u00eda Segunda secuestro una camioneta con documentaci\u00f3n ap\u00f3crifa, en inmediaciones al barrio Belgrano de Neuqu\u00e9n capital. Todo comenz\u00f3 cuando informaron v\u00eda radial que el conductor de una camioneta Volkswagen Amarok azul habr\u00eda pasado el sem\u00e1foro de Av. Olascoaga y Choc\u00f3n en rojo y a gran velocidad. Inmediatamente comenzaron [&hellip;]<\/p>\n","protected":false},"author":14,"featured_media":16059,"comment_status":"open","ping_status":"open","sticky":false,"template":"","format":"standard","meta":{"site-sidebar-layout":"default","site-content-layout":"","ast-site-content-layout":"","site-content-style":"default","site-sidebar-style":"default","ast-global-header-display":"","ast-banner-title-visibility":"","ast-main-header-display":"","ast-hfb-above-header-display":"","ast-hfb-below-header-display":"","ast-hfb-mobile-header-display":"","site-post-title":"","ast-breadcrumbs-content":"","ast-featured-img":"","footer-sml-layout":"","theme-transparent-header-meta":"","adv-header-id-meta":"","stick-header-meta":"","header-above-stick-meta":"","header-main-stick-meta":"","header-below-stick-meta":"","astra-migrate-meta-layouts":"default","ast-page-background-enabled":"default","ast-page-background-meta":{"desktop":{"background-color":"","background-image":"","background-repeat":"repeat","background-position":"center center","background-size":"auto","background-attachment":"scroll","background-type":"","background-media":"","overlay-type":"","overlay-color":"","overlay-opacity":"","overlay-gradient":""},"tablet":{"background-color":"","background-image":"","background-repeat":"repeat","background-position":"center center","background-size":"auto","background-attachment":"scroll","background-type":"","background-media":"","overlay-type":"","overlay-color":"","overlay-opacity":"","overlay-gradient":""},"mobile":{"background-color":"","background-image":"","background-repeat":"repeat","background-position":"center center","background-size":"auto","background-attachment":"scroll","background-type":"","background-media":"","overlay-type":"","overlay-color":"","overlay-opacity":"","overlay-gradient":""}},"ast-content-background-meta":{"desktop":{"background-color":"var(--ast-global-color-5)","background-image":"","background-repeat":"repeat","background-position":"center center","background-size":"auto","background-attachment":"scroll","background-type":"","background-media":"","overlay-type":"","overlay-color":"","overlay-opacity":"","overlay-gradient":""},"tablet":{"background-color":"var(--ast-global-color-5)","background-image":"","background-repeat":"repeat","background-position":"center center","background-size":"auto","background-attachment":"scroll","background-type":"","background-media":"","overlay-type":"","overlay-color":"","overlay-opacity":"","overlay-gradient":""},"mobile":{"background-color":"var(--ast-global-color-5)","background-image":"","background-repeat":"repeat","background-position":"center center","background-size":"auto","background-attachment":"scroll","background-type":"","background-media":"","overlay-type":"","overlay-color":"","overlay-opacity":"","overlay-gradient":""}},"footnotes":""},"categories":[1],"tags":[],"class_list":["post-16058","post","type-post","status-publish","format-standard","has-post-thumbnail","hentry","category-sin-categorizar"],"jetpack_featured_media_url":"https:\/\/www.policiadelneuquen.gob.ar\/wp-content\/uploads\/2021\/12\/WhatsApp-Image-2021-12-24-at-19.19.53.jpeg","_links":{"self":[{"href":"https:\/\/www.policiadelneuquen.gob.ar\/index.php\/wp-json\/wp\/v2\/posts\/16058","targetHints":{"allow":["GET"]}}],"collection":[{"href":"https:\/\/www.policiadelneuquen.gob.ar\/index.php\/wp-json\/wp\/v2\/posts"}],"about":[{"href":"https:\/\/www.policiadelneuquen.gob.ar\/index.php\/wp-json\/wp\/v2\/types\/post"}],"author":[{"embeddable":true,"href":"https:\/\/www.policiadelneuquen.gob.ar\/index.php\/wp-json\/wp\/v2\/users\/14"}],"replies":[{"embeddable":true,"href":"https:\/\/www.policiadelneuquen.gob.ar\/index.php\/wp-json\/wp\/v2\/comments?post=16058"}],"version-history":[{"count":2,"href":"https:\/\/www.policiadelneuquen.gob.ar\/index.php\/wp-json\/wp\/v2\/posts\/16058\/revisions"}],"predecessor-version":[{"id":16061,"href":"https:\/\/www.policiadelneuquen.gob.ar\/index.php\/wp-json\/wp\/v2\/posts\/16058\/revisions\/16061"}],"wp:featuredmedia":[{"embeddable":true,"href":"https:\/\/www.policiadelneuquen.gob.ar\/index.php\/wp-json\/wp\/v2\/media\/16059"}],"wp:attachment":[{"href":"https:\/\/www.policiadelneuquen.gob.ar\/index.php\/wp-json\/wp\/v2\/media?parent=16058"}],"wp:term":[{"taxonomy":"category","embeddable":true,"href":"https:\/\/www.policiadelneuquen.gob.ar\/index.php\/wp-json\/wp\/v2\/categories?post=16058"},{"taxonomy":"post_tag","embeddable":true,"href":"https:\/\/www.policiadelneuquen.gob.ar\/index.php\/wp-json\/wp\/v2\/tags?post=16058"}],"curies":[{"name":"wp","href":"https:\/\/api.w.org\/{rel}","templated":true}]}}