{"id":16096,"date":"2021-12-25T22:55:51","date_gmt":"2021-12-26T01:55:51","guid":{"rendered":"https:\/\/www.policiadelneuquen.gob.ar\/?p=16096"},"modified":"2021-12-25T22:57:36","modified_gmt":"2021-12-26T01:57:36","slug":"2256-d-t-n-fuertes-controles-en-los-festejos-de-navidad","status":"publish","type":"post","link":"https:\/\/www.policiadelneuquen.gob.ar\/index.php\/2256-d-t-n-fuertes-controles-en-los-festejos-de-navidad\/","title":{"rendered":"22:56 &#8211; D.T.N Fuertes controles en los festejos de Navidad."},"content":{"rendered":"\t\t<div data-elementor-type=\"wp-post\" data-elementor-id=\"16096\" class=\"elementor elementor-16096\">\n\t\t\t\t\t\t<section class=\"elementor-section elementor-top-section elementor-element elementor-element-602f5dd1 elementor-section-boxed elementor-section-height-default elementor-section-height-default\" data-id=\"602f5dd1\" data-element_type=\"section\" data-e-type=\"section\">\n\t\t\t\t\t\t<div class=\"elementor-container elementor-column-gap-default\">\n\t\t\t\t\t<div class=\"elementor-column elementor-col-100 elementor-top-column elementor-element elementor-element-35e6f926\" data-id=\"35e6f926\" data-element_type=\"column\" data-e-type=\"column\">\n\t\t\t<div class=\"elementor-widget-wrap elementor-element-populated\">\n\t\t\t\t\t\t<div class=\"elementor-element elementor-element-575f3bb6 elementor-widget elementor-widget-text-editor\" data-id=\"575f3bb6\" data-element_type=\"widget\" data-e-type=\"widget\" data-widget_type=\"text-editor.default\">\n\t\t\t\t<div class=\"elementor-widget-container\">\n\t\t\t\t\t\t\t\t\t\n<h3><strong>Durante la madrugada de hoy (25\/12), personal de la Direcci\u00f3n Tr\u00e1nsito Neuqu\u00e9n, llev\u00f3 adelante distintos operativos de control vehicular y de personas en el marco de las festividades de Nochebuena y Navidad, detectando 5 casos de alcoholemia positiva, notando responsabilidad favorable en la mayor\u00eda de los conductores en relaci\u00f3n a los a\u00f1os anteriores.<\/strong><\/h3>\n<h3><strong><\/strong><\/h3>\n<h3><strong>Personal policial con servicio en la Direcci\u00f3n Tr\u00e1nsito Neuqu\u00e9n, se apost\u00f3 en distintos puntos de la ciudad capital y en horarios alternados sobre Avenida Olascoaga e intersecciones cercanas al Paseo de la Costa, Isla 132, Puente Carretero, sector Plaza de las Bandera, Puesto B\u00e1scula Senillosa, entre otros que surg\u00edan en el transcurso de la jornada operativa.<\/strong><\/h3>\n<h3><strong><\/strong><\/h3>\n<h3><strong>C\u00f3mo resultado del trabajo, que cont\u00f3 con la colaboraci\u00f3n del personal de la Direcci\u00f3n Provincial de Seguridad Vial, pudo detectar 5 casos de alcoholemia positiva en los que se tuvo que secuestrar veh\u00edculos y licencias de conducir.<\/strong><\/h3>\n<h3><strong><\/strong><\/h3>\n<h3><strong>Asimismo, se pudo ver un panorama muy favorable, ya que, en la mayor\u00eda de los casos, se not\u00f3 a los conductores con mucha responsabilidad y sin inconvenientes salv\u00f3 los 5 casos anteriormente mencionados.<\/strong><\/h3>\n\t\t\t\t\t\t\t\t<\/div>\n\t\t\t\t<\/div>\n\t\t\t\t\t<\/div>\n\t\t<\/div>\n\t\t\t\t\t<\/div>\n\t\t<\/section>\n\t\t\t\t<section class=\"elementor-section elementor-top-section elementor-element elementor-element-af98b73 elementor-section-boxed elementor-section-height-default elementor-section-height-default\" data-id=\"af98b73\" data-element_type=\"section\" data-e-type=\"section\">\n\t\t\t\t\t\t<div class=\"elementor-container elementor-column-gap-default\">\n\t\t\t\t\t<div class=\"elementor-column elementor-col-100 elementor-top-column elementor-element elementor-element-ae3ee48\" data-id=\"ae3ee48\" data-element_type=\"column\" data-e-type=\"column\">\n\t\t\t<div class=\"elementor-widget-wrap elementor-element-populated\">\n\t\t\t\t\t\t<div class=\"elementor-element elementor-element-bd6d657 elementor-widget elementor-widget-image-gallery\" data-id=\"bd6d657\" data-element_type=\"widget\" data-e-type=\"widget\" data-widget_type=\"image-gallery.default\">\n\t\t\t\t<div class=\"elementor-widget-container\">\n\t\t\t\t\t\t\t<div class=\"elementor-image-gallery\">\n\t\t\t<div id='gallery-4' class='gallery galleryid-16096 gallery-columns-4 gallery-size-thumbnail'><figure class='gallery-item'>\n\t\t\t<div class='gallery-icon landscape'>\n\t\t\t\t<a data-elementor-open-lightbox=\"yes\" data-elementor-lightbox-slideshow=\"bd6d657\" data-elementor-lightbox-title=\"OPERATIVOSd\" data-e-action-hash=\"#elementor-action%3Aaction%3Dlightbox%26settings%3DeyJpZCI6MTYxMDEsInVybCI6Imh0dHBzOlwvXC93d3cucG9saWNpYWRlbG5ldXF1ZW4uZ29iLmFyXC93cC1jb250ZW50XC91cGxvYWRzXC8yMDIxXC8xMlwvT1BFUkFUSVZPU2QucG5nIiwic2xpZGVzaG93IjoiYmQ2ZDY1NyJ9\" href='https:\/\/www.policiadelneuquen.gob.ar\/wp-content\/uploads\/2021\/12\/OPERATIVOSd.png'><img decoding=\"async\" width=\"150\" height=\"150\" src=\"https:\/\/www.policiadelneuquen.gob.ar\/wp-content\/uploads\/2021\/12\/OPERATIVOSd-150x150.png\" class=\"attachment-thumbnail size-thumbnail\" alt=\"\" srcset=\"https:\/\/www.policiadelneuquen.gob.ar\/wp-content\/uploads\/2021\/12\/OPERATIVOSd-150x150.png 150w, https:\/\/www.policiadelneuquen.gob.ar\/wp-content\/uploads\/2021\/12\/OPERATIVOSd-250x250.png 250w\" sizes=\"(max-width: 150px) 100vw, 150px\" \/><\/a>\n\t\t\t<\/div><\/figure><figure class='gallery-item'>\n\t\t\t<div class='gallery-icon landscape'>\n\t\t\t\t<a data-elementor-open-lightbox=\"yes\" data-elementor-lightbox-slideshow=\"bd6d657\" data-elementor-lightbox-title=\"OPERATIVOS\" data-e-action-hash=\"#elementor-action%3Aaction%3Dlightbox%26settings%3DeyJpZCI6MTYxMDAsInVybCI6Imh0dHBzOlwvXC93d3cucG9saWNpYWRlbG5ldXF1ZW4uZ29iLmFyXC93cC1jb250ZW50XC91cGxvYWRzXC8yMDIxXC8xMlwvT1BFUkFUSVZPU2MucG5nIiwic2xpZGVzaG93IjoiYmQ2ZDY1NyJ9\" href='https:\/\/www.policiadelneuquen.gob.ar\/wp-content\/uploads\/2021\/12\/OPERATIVOSc.png'><img decoding=\"async\" width=\"150\" height=\"150\" src=\"https:\/\/www.policiadelneuquen.gob.ar\/wp-content\/uploads\/2021\/12\/OPERATIVOSc-150x150.png\" class=\"attachment-thumbnail size-thumbnail\" alt=\"\" srcset=\"https:\/\/www.policiadelneuquen.gob.ar\/wp-content\/uploads\/2021\/12\/OPERATIVOSc-150x150.png 150w, https:\/\/www.policiadelneuquen.gob.ar\/wp-content\/uploads\/2021\/12\/OPERATIVOSc-250x250.png 250w\" sizes=\"(max-width: 150px) 100vw, 150px\" \/><\/a>\n\t\t\t<\/div><\/figure><figure class='gallery-item'>\n\t\t\t<div class='gallery-icon landscape'>\n\t\t\t\t<a data-elementor-open-lightbox=\"yes\" data-elementor-lightbox-slideshow=\"bd6d657\" data-elementor-lightbox-title=\"OPERATIVOS\" data-e-action-hash=\"#elementor-action%3Aaction%3Dlightbox%26settings%3DeyJpZCI6MTYwOTksInVybCI6Imh0dHBzOlwvXC93d3cucG9saWNpYWRlbG5ldXF1ZW4uZ29iLmFyXC93cC1jb250ZW50XC91cGxvYWRzXC8yMDIxXC8xMlwvT1BFUkFUSVZPU2IucG5nIiwic2xpZGVzaG93IjoiYmQ2ZDY1NyJ9\" href='https:\/\/www.policiadelneuquen.gob.ar\/wp-content\/uploads\/2021\/12\/OPERATIVOSb.png'><img decoding=\"async\" width=\"150\" height=\"150\" src=\"https:\/\/www.policiadelneuquen.gob.ar\/wp-content\/uploads\/2021\/12\/OPERATIVOSb-150x150.png\" class=\"attachment-thumbnail size-thumbnail\" alt=\"\" srcset=\"https:\/\/www.policiadelneuquen.gob.ar\/wp-content\/uploads\/2021\/12\/OPERATIVOSb-150x150.png 150w, https:\/\/www.policiadelneuquen.gob.ar\/wp-content\/uploads\/2021\/12\/OPERATIVOSb-250x250.png 250w\" sizes=\"(max-width: 150px) 100vw, 150px\" \/><\/a>\n\t\t\t<\/div><\/figure><figure class='gallery-item'>\n\t\t\t<div class='gallery-icon landscape'>\n\t\t\t\t<a data-elementor-open-lightbox=\"yes\" data-elementor-lightbox-slideshow=\"bd6d657\" data-elementor-lightbox-title=\"OPERATIVOS\" data-e-action-hash=\"#elementor-action%3Aaction%3Dlightbox%26settings%3DeyJpZCI6MTYwOTcsInVybCI6Imh0dHBzOlwvXC93d3cucG9saWNpYWRlbG5ldXF1ZW4uZ29iLmFyXC93cC1jb250ZW50XC91cGxvYWRzXC8yMDIxXC8xMlwvT1BFUkFUSVZPUy5wbmciLCJzbGlkZXNob3ciOiJiZDZkNjU3In0%3D\" href='https:\/\/www.policiadelneuquen.gob.ar\/wp-content\/uploads\/2021\/12\/OPERATIVOS.png'><img loading=\"lazy\" decoding=\"async\" width=\"150\" height=\"150\" src=\"https:\/\/www.policiadelneuquen.gob.ar\/wp-content\/uploads\/2021\/12\/OPERATIVOS-150x150.png\" class=\"attachment-thumbnail size-thumbnail\" alt=\"\" srcset=\"https:\/\/www.policiadelneuquen.gob.ar\/wp-content\/uploads\/2021\/12\/OPERATIVOS-150x150.png 150w, https:\/\/www.policiadelneuquen.gob.ar\/wp-content\/uploads\/2021\/12\/OPERATIVOS-250x250.png 250w\" sizes=\"(max-width: 150px) 100vw, 150px\" \/><\/a>\n\t\t\t<\/div><\/figure>\n\t\t<\/div>\n\t\t<\/div>\n\t\t\t\t\t\t<\/div>\n\t\t\t\t<\/div>\n\t\t\t\t\t<\/div>\n\t\t<\/div>\n\t\t\t\t\t<\/div>\n\t\t<\/section>\n\t\t\t\t<\/div>\n\t\t","protected":false},"excerpt":{"rendered":"<p>Durante la madrugada de hoy (25\/12), personal de la Direcci\u00f3n Tr\u00e1nsito Neuqu\u00e9n, llev\u00f3 adelante distintos operativos de control vehicular y de personas en el marco de las festividades de Nochebuena y Navidad, detectando 5 casos de alcoholemia positiva, notando responsabilidad favorable en la mayor\u00eda de los conductores en relaci\u00f3n a los a\u00f1os anteriores. Personal policial [&hellip;]<\/p>\n","protected":false},"author":9,"featured_media":16098,"comment_status":"open","ping_status":"open","sticky":false,"template":"","format":"standard","meta":{"site-sidebar-layout":"default","site-content-layout":"","ast-site-content-layout":"","site-content-style":"default","site-sidebar-style":"default","ast-global-header-display":"","ast-banner-title-visibility":"","ast-main-header-display":"","ast-hfb-above-header-display":"","ast-hfb-below-header-display":"","ast-hfb-mobile-header-display":"","site-post-title":"","ast-breadcrumbs-content":"","ast-featured-img":"","footer-sml-layout":"","theme-transparent-header-meta":"","adv-header-id-meta":"","stick-header-meta":"","header-above-stick-meta":"","header-main-stick-meta":"","header-below-stick-meta":"","astra-migrate-meta-layouts":"default","ast-page-background-enabled":"default","ast-page-background-meta":{"desktop":{"background-color":"","background-image":"","background-repeat":"repeat","background-position":"center center","background-size":"auto","background-attachment":"scroll","background-type":"","background-media":"","overlay-type":"","overlay-color":"","overlay-opacity":"","overlay-gradient":""},"tablet":{"background-color":"","background-image":"","background-repeat":"repeat","background-position":"center center","background-size":"auto","background-attachment":"scroll","background-type":"","background-media":"","overlay-type":"","overlay-color":"","overlay-opacity":"","overlay-gradient":""},"mobile":{"background-color":"","background-image":"","background-repeat":"repeat","background-position":"center center","background-size":"auto","background-attachment":"scroll","background-type":"","background-media":"","overlay-type":"","overlay-color":"","overlay-opacity":"","overlay-gradient":""}},"ast-content-background-meta":{"desktop":{"background-color":"var(--ast-global-color-5)","background-image":"","background-repeat":"repeat","background-position":"center center","background-size":"auto","background-attachment":"scroll","background-type":"","background-media":"","overlay-type":"","overlay-color":"","overlay-opacity":"","overlay-gradient":""},"tablet":{"background-color":"var(--ast-global-color-5)","background-image":"","background-repeat":"repeat","background-position":"center center","background-size":"auto","background-attachment":"scroll","background-type":"","background-media":"","overlay-type":"","overlay-color":"","overlay-opacity":"","overlay-gradient":""},"mobile":{"background-color":"var(--ast-global-color-5)","background-image":"","background-repeat":"repeat","background-position":"center center","background-size":"auto","background-attachment":"scroll","background-type":"","background-media":"","overlay-type":"","overlay-color":"","overlay-opacity":"","overlay-gradient":""}},"footnotes":""},"categories":[1],"tags":[],"class_list":["post-16096","post","type-post","status-publish","format-standard","has-post-thumbnail","hentry","category-sin-categorizar"],"jetpack_featured_media_url":"https:\/\/www.policiadelneuquen.gob.ar\/wp-content\/uploads\/2021\/12\/OPERATIVOSa.png","_links":{"self":[{"href":"https:\/\/www.policiadelneuquen.gob.ar\/index.php\/wp-json\/wp\/v2\/posts\/16096","targetHints":{"allow":["GET"]}}],"collection":[{"href":"https:\/\/www.policiadelneuquen.gob.ar\/index.php\/wp-json\/wp\/v2\/posts"}],"about":[{"href":"https:\/\/www.policiadelneuquen.gob.ar\/index.php\/wp-json\/wp\/v2\/types\/post"}],"author":[{"embeddable":true,"href":"https:\/\/www.policiadelneuquen.gob.ar\/index.php\/wp-json\/wp\/v2\/users\/9"}],"replies":[{"embeddable":true,"href":"https:\/\/www.policiadelneuquen.gob.ar\/index.php\/wp-json\/wp\/v2\/comments?post=16096"}],"version-history":[{"count":7,"href":"https:\/\/www.policiadelneuquen.gob.ar\/index.php\/wp-json\/wp\/v2\/posts\/16096\/revisions"}],"predecessor-version":[{"id":16108,"href":"https:\/\/www.policiadelneuquen.gob.ar\/index.php\/wp-json\/wp\/v2\/posts\/16096\/revisions\/16108"}],"wp:featuredmedia":[{"embeddable":true,"href":"https:\/\/www.policiadelneuquen.gob.ar\/index.php\/wp-json\/wp\/v2\/media\/16098"}],"wp:attachment":[{"href":"https:\/\/www.policiadelneuquen.gob.ar\/index.php\/wp-json\/wp\/v2\/media?parent=16096"}],"wp:term":[{"taxonomy":"category","embeddable":true,"href":"https:\/\/www.policiadelneuquen.gob.ar\/index.php\/wp-json\/wp\/v2\/categories?post=16096"},{"taxonomy":"post_tag","embeddable":true,"href":"https:\/\/www.policiadelneuquen.gob.ar\/index.php\/wp-json\/wp\/v2\/tags?post=16096"}],"curies":[{"name":"wp","href":"https:\/\/api.w.org\/{rel}","templated":true}]}}