{"id":16326,"date":"2021-12-31T17:30:44","date_gmt":"2021-12-31T20:30:44","guid":{"rendered":"https:\/\/www.policiadelneuquen.gob.ar\/?p=16326"},"modified":"2021-12-31T17:37:01","modified_gmt":"2021-12-31T20:37:01","slug":"1730-centenario-un-demorado-plantas-de-marihuana-secuestradas-y-un-celular-recuperado-en-allanamientos","status":"publish","type":"post","link":"https:\/\/www.policiadelneuquen.gob.ar\/index.php\/1730-centenario-un-demorado-plantas-de-marihuana-secuestradas-y-un-celular-recuperado-en-allanamientos\/","title":{"rendered":"17:30 CENTENARIO.- Un demorado, plantas de marihuana secuestradas y un celular recuperado en allanamientos"},"content":{"rendered":"\t\t<div data-elementor-type=\"wp-post\" data-elementor-id=\"16326\" class=\"elementor elementor-16326\">\n\t\t\t\t\t\t<section class=\"elementor-section elementor-top-section elementor-element elementor-element-c94e839 elementor-section-boxed elementor-section-height-default elementor-section-height-default\" data-id=\"c94e839\" data-element_type=\"section\" data-e-type=\"section\">\n\t\t\t\t\t\t<div class=\"elementor-container elementor-column-gap-default\">\n\t\t\t\t\t<div class=\"elementor-column elementor-col-100 elementor-top-column elementor-element elementor-element-464ad903\" data-id=\"464ad903\" data-element_type=\"column\" data-e-type=\"column\">\n\t\t\t<div class=\"elementor-widget-wrap elementor-element-populated\">\n\t\t\t\t\t\t<div class=\"elementor-element elementor-element-30c29a60 elementor-widget elementor-widget-text-editor\" data-id=\"30c29a60\" data-element_type=\"widget\" data-e-type=\"widget\" data-widget_type=\"text-editor.default\">\n\t\t\t\t<div class=\"elementor-widget-container\">\n\t\t\t\t\t\t\t\t\t\n<p><\/p>\n\n\n\n<p>Un celular que hab\u00eda sido robado y 11 plantas de cannabis sativa, fueron secuestradas en la ma\u00f1ana de hoy, como resultado de dos allanamientos realizados por personal policial de la Comisar\u00eda Quinta en viviendas del barrio Vista Hermosa de la vecina localidad. El procedimiento, permiti\u00f3 adem\u00e1s aprehender al presunto autor del hecho.<\/p>\n\n\n\n<p>Todo comenz\u00f3 minutos despu\u00e9s de las 19 horas de ayer, cuando una vecina de 32 a\u00f1os alert\u00f3 de manera telef\u00f3nica en Comisar\u00eda Quinta, sobre el accionar de un sujeto, que aprovechando que su hija menor de edad jugaba con un tel\u00e9fono celular en la vereda de su casa ubicada sobre la calle Alfredo Palacios, le sustrajo el dispositivo m\u00f3vil, para luego darse raudamente a la fuga.<\/p>\n\n\n\n<p>Al lugar acudi\u00f3 personal policial de la mencionada Dependencia, que tras dialogar con la mujer y una vez radicada la denuncia, inici\u00f3 una meticulosa tarea de investigaci\u00f3n, que les permiti\u00f3 individualizar dos viviendas del barrio Vista Hermosa, en la que podr\u00eda encontrarse el sospechoso.<\/p>\n\n\n\n<p>Finalmente en la ma\u00f1ana de este viernes y en base a las pruebas colectadas, se solicitaron las correspondientes \u00f3rdenes de allanamiento, que fueron ejecutadas en los inmuebles de la mencionada barriada.<\/p>\n\n\n\n<p>Como resultado de las diligencias judiciales, el personal policial logr\u00f3 secuestrar una cantidad de 11 plantas de cannabis sativa de entre 1,20 y 2,30 metros de altura, que fueron halladas en el patio de una de las moradas. Adem\u00e1s, los pesquisas pudieron dar con el tel\u00e9fono celular mal habido y aprehender al presunto autor del robo, que fue luego puesto a disposici\u00f3n de la Justicia.<\/p>\n\t\t\t\t\t\t\t\t<\/div>\n\t\t\t\t<\/div>\n\t\t\t\t\t<\/div>\n\t\t<\/div>\n\t\t\t\t\t<\/div>\n\t\t<\/section>\n\t\t\t\t<section class=\"elementor-section elementor-top-section elementor-element elementor-element-f4650b2 elementor-section-boxed elementor-section-height-default elementor-section-height-default\" data-id=\"f4650b2\" data-element_type=\"section\" data-e-type=\"section\">\n\t\t\t\t\t\t<div class=\"elementor-container elementor-column-gap-default\">\n\t\t\t\t\t<div class=\"elementor-column elementor-col-100 elementor-top-column elementor-element elementor-element-c78efc8\" data-id=\"c78efc8\" data-element_type=\"column\" data-e-type=\"column\">\n\t\t\t<div class=\"elementor-widget-wrap elementor-element-populated\">\n\t\t\t\t\t\t<div class=\"elementor-element elementor-element-064d906 elementor-widget elementor-widget-image-gallery\" data-id=\"064d906\" data-element_type=\"widget\" data-e-type=\"widget\" data-widget_type=\"image-gallery.default\">\n\t\t\t\t<div class=\"elementor-widget-container\">\n\t\t\t\t\t\t\t<div class=\"elementor-image-gallery\">\n\t\t\t<div id='gallery-6' class='gallery galleryid-16326 gallery-columns-4 gallery-size-thumbnail'><figure class='gallery-item'>\n\t\t\t<div class='gallery-icon landscape'>\n\t\t\t\t<a data-elementor-open-lightbox=\"yes\" data-elementor-lightbox-slideshow=\"064d906\" data-elementor-lightbox-title=\"WhatsApp Image 2021-12-31 at 16.25.17\" data-e-action-hash=\"#elementor-action%3Aaction%3Dlightbox%26settings%3DeyJpZCI6MTYzMjgsInVybCI6Imh0dHBzOlwvXC93d3cucG9saWNpYWRlbG5ldXF1ZW4uZ29iLmFyXC93cC1jb250ZW50XC91cGxvYWRzXC8yMDIxXC8xMlwvV2hhdHNBcHAtSW1hZ2UtMjAyMS0xMi0zMS1hdC0xNi4yNS4xNy5qcGciLCJzbGlkZXNob3ciOiIwNjRkOTA2In0%3D\" href='https:\/\/www.policiadelneuquen.gob.ar\/wp-content\/uploads\/2021\/12\/WhatsApp-Image-2021-12-31-at-16.25.17.jpg'><img decoding=\"async\" width=\"150\" height=\"150\" src=\"https:\/\/www.policiadelneuquen.gob.ar\/wp-content\/uploads\/2021\/12\/WhatsApp-Image-2021-12-31-at-16.25.17-150x150.jpg\" class=\"attachment-thumbnail size-thumbnail\" alt=\"\" srcset=\"https:\/\/www.policiadelneuquen.gob.ar\/wp-content\/uploads\/2021\/12\/WhatsApp-Image-2021-12-31-at-16.25.17-150x150.jpg 150w, https:\/\/www.policiadelneuquen.gob.ar\/wp-content\/uploads\/2021\/12\/WhatsApp-Image-2021-12-31-at-16.25.17-250x250.jpg 250w\" sizes=\"(max-width: 150px) 100vw, 150px\" \/><\/a>\n\t\t\t<\/div><\/figure><figure class='gallery-item'>\n\t\t\t<div class='gallery-icon portrait'>\n\t\t\t\t<a data-elementor-open-lightbox=\"yes\" data-elementor-lightbox-slideshow=\"064d906\" data-elementor-lightbox-title=\"WhatsApp Image 2021-12-31 at 16.25.17 (1)\" data-e-action-hash=\"#elementor-action%3Aaction%3Dlightbox%26settings%3DeyJpZCI6MTYzMjksInVybCI6Imh0dHBzOlwvXC93d3cucG9saWNpYWRlbG5ldXF1ZW4uZ29iLmFyXC93cC1jb250ZW50XC91cGxvYWRzXC8yMDIxXC8xMlwvV2hhdHNBcHAtSW1hZ2UtMjAyMS0xMi0zMS1hdC0xNi4yNS4xNy0xLmpwZyIsInNsaWRlc2hvdyI6IjA2NGQ5MDYifQ%3D%3D\" href='https:\/\/www.policiadelneuquen.gob.ar\/wp-content\/uploads\/2021\/12\/WhatsApp-Image-2021-12-31-at-16.25.17-1.jpg'><img decoding=\"async\" width=\"150\" height=\"150\" src=\"https:\/\/www.policiadelneuquen.gob.ar\/wp-content\/uploads\/2021\/12\/WhatsApp-Image-2021-12-31-at-16.25.17-1-150x150.jpg\" class=\"attachment-thumbnail size-thumbnail\" alt=\"\" srcset=\"https:\/\/www.policiadelneuquen.gob.ar\/wp-content\/uploads\/2021\/12\/WhatsApp-Image-2021-12-31-at-16.25.17-1-150x150.jpg 150w, https:\/\/www.policiadelneuquen.gob.ar\/wp-content\/uploads\/2021\/12\/WhatsApp-Image-2021-12-31-at-16.25.17-1-250x250.jpg 250w\" sizes=\"(max-width: 150px) 100vw, 150px\" \/><\/a>\n\t\t\t<\/div><\/figure><figure class='gallery-item'>\n\t\t\t<div class='gallery-icon landscape'>\n\t\t\t\t<a data-elementor-open-lightbox=\"yes\" data-elementor-lightbox-slideshow=\"064d906\" data-elementor-lightbox-title=\"WhatsApp Image 2021-12-31 at 16.25.18\" data-e-action-hash=\"#elementor-action%3Aaction%3Dlightbox%26settings%3DeyJpZCI6MTYzMzAsInVybCI6Imh0dHBzOlwvXC93d3cucG9saWNpYWRlbG5ldXF1ZW4uZ29iLmFyXC93cC1jb250ZW50XC91cGxvYWRzXC8yMDIxXC8xMlwvV2hhdHNBcHAtSW1hZ2UtMjAyMS0xMi0zMS1hdC0xNi4yNS4xOC5qcGciLCJzbGlkZXNob3ciOiIwNjRkOTA2In0%3D\" href='https:\/\/www.policiadelneuquen.gob.ar\/wp-content\/uploads\/2021\/12\/WhatsApp-Image-2021-12-31-at-16.25.18.jpg'><img decoding=\"async\" width=\"150\" height=\"150\" src=\"https:\/\/www.policiadelneuquen.gob.ar\/wp-content\/uploads\/2021\/12\/WhatsApp-Image-2021-12-31-at-16.25.18-150x150.jpg\" class=\"attachment-thumbnail size-thumbnail\" alt=\"\" srcset=\"https:\/\/www.policiadelneuquen.gob.ar\/wp-content\/uploads\/2021\/12\/WhatsApp-Image-2021-12-31-at-16.25.18-150x150.jpg 150w, https:\/\/www.policiadelneuquen.gob.ar\/wp-content\/uploads\/2021\/12\/WhatsApp-Image-2021-12-31-at-16.25.18-250x250.jpg 250w\" sizes=\"(max-width: 150px) 100vw, 150px\" \/><\/a>\n\t\t\t<\/div><\/figure>\n\t\t<\/div>\n\t\t<\/div>\n\t\t\t\t\t\t<\/div>\n\t\t\t\t<\/div>\n\t\t\t\t\t<\/div>\n\t\t<\/div>\n\t\t\t\t\t<\/div>\n\t\t<\/section>\n\t\t\t\t<\/div>\n\t\t","protected":false},"excerpt":{"rendered":"<p>Un celular que hab\u00eda sido robado y 11 plantas de cannabis sativa, fueron secuestradas en la ma\u00f1ana de hoy, como resultado de dos allanamientos realizados por personal policial de la Comisar\u00eda Quinta en viviendas del barrio Vista Hermosa de la vecina localidad. El procedimiento, permiti\u00f3 adem\u00e1s aprehender al presunto autor del hecho. Todo comenz\u00f3 minutos [&hellip;]<\/p>\n","protected":false},"author":11,"featured_media":16330,"comment_status":"open","ping_status":"open","sticky":false,"template":"","format":"standard","meta":{"site-sidebar-layout":"default","site-content-layout":"","ast-site-content-layout":"","site-content-style":"default","site-sidebar-style":"default","ast-global-header-display":"","ast-banner-title-visibility":"","ast-main-header-display":"","ast-hfb-above-header-display":"","ast-hfb-below-header-display":"","ast-hfb-mobile-header-display":"","site-post-title":"","ast-breadcrumbs-content":"","ast-featured-img":"","footer-sml-layout":"","theme-transparent-header-meta":"","adv-header-id-meta":"","stick-header-meta":"","header-above-stick-meta":"","header-main-stick-meta":"","header-below-stick-meta":"","astra-migrate-meta-layouts":"default","ast-page-background-enabled":"default","ast-page-background-meta":{"desktop":{"background-color":"","background-image":"","background-repeat":"repeat","background-position":"center center","background-size":"auto","background-attachment":"scroll","background-type":"","background-media":"","overlay-type":"","overlay-color":"","overlay-opacity":"","overlay-gradient":""},"tablet":{"background-color":"","background-image":"","background-repeat":"repeat","background-position":"center center","background-size":"auto","background-attachment":"scroll","background-type":"","background-media":"","overlay-type":"","overlay-color":"","overlay-opacity":"","overlay-gradient":""},"mobile":{"background-color":"","background-image":"","background-repeat":"repeat","background-position":"center center","background-size":"auto","background-attachment":"scroll","background-type":"","background-media":"","overlay-type":"","overlay-color":"","overlay-opacity":"","overlay-gradient":""}},"ast-content-background-meta":{"desktop":{"background-color":"var(--ast-global-color-5)","background-image":"","background-repeat":"repeat","background-position":"center center","background-size":"auto","background-attachment":"scroll","background-type":"","background-media":"","overlay-type":"","overlay-color":"","overlay-opacity":"","overlay-gradient":""},"tablet":{"background-color":"var(--ast-global-color-5)","background-image":"","background-repeat":"repeat","background-position":"center center","background-size":"auto","background-attachment":"scroll","background-type":"","background-media":"","overlay-type":"","overlay-color":"","overlay-opacity":"","overlay-gradient":""},"mobile":{"background-color":"var(--ast-global-color-5)","background-image":"","background-repeat":"repeat","background-position":"center center","background-size":"auto","background-attachment":"scroll","background-type":"","background-media":"","overlay-type":"","overlay-color":"","overlay-opacity":"","overlay-gradient":""}},"footnotes":""},"categories":[1],"tags":[],"class_list":["post-16326","post","type-post","status-publish","format-standard","has-post-thumbnail","hentry","category-sin-categorizar"],"jetpack_featured_media_url":"https:\/\/www.policiadelneuquen.gob.ar\/wp-content\/uploads\/2021\/12\/WhatsApp-Image-2021-12-31-at-16.25.18.jpg","_links":{"self":[{"href":"https:\/\/www.policiadelneuquen.gob.ar\/index.php\/wp-json\/wp\/v2\/posts\/16326","targetHints":{"allow":["GET"]}}],"collection":[{"href":"https:\/\/www.policiadelneuquen.gob.ar\/index.php\/wp-json\/wp\/v2\/posts"}],"about":[{"href":"https:\/\/www.policiadelneuquen.gob.ar\/index.php\/wp-json\/wp\/v2\/types\/post"}],"author":[{"embeddable":true,"href":"https:\/\/www.policiadelneuquen.gob.ar\/index.php\/wp-json\/wp\/v2\/users\/11"}],"replies":[{"embeddable":true,"href":"https:\/\/www.policiadelneuquen.gob.ar\/index.php\/wp-json\/wp\/v2\/comments?post=16326"}],"version-history":[{"count":8,"href":"https:\/\/www.policiadelneuquen.gob.ar\/index.php\/wp-json\/wp\/v2\/posts\/16326\/revisions"}],"predecessor-version":[{"id":16337,"href":"https:\/\/www.policiadelneuquen.gob.ar\/index.php\/wp-json\/wp\/v2\/posts\/16326\/revisions\/16337"}],"wp:featuredmedia":[{"embeddable":true,"href":"https:\/\/www.policiadelneuquen.gob.ar\/index.php\/wp-json\/wp\/v2\/media\/16330"}],"wp:attachment":[{"href":"https:\/\/www.policiadelneuquen.gob.ar\/index.php\/wp-json\/wp\/v2\/media?parent=16326"}],"wp:term":[{"taxonomy":"category","embeddable":true,"href":"https:\/\/www.policiadelneuquen.gob.ar\/index.php\/wp-json\/wp\/v2\/categories?post=16326"},{"taxonomy":"post_tag","embeddable":true,"href":"https:\/\/www.policiadelneuquen.gob.ar\/index.php\/wp-json\/wp\/v2\/tags?post=16326"}],"curies":[{"name":"wp","href":"https:\/\/api.w.org\/{rel}","templated":true}]}}