{"id":35291,"date":"2023-03-08T10:32:53","date_gmt":"2023-03-08T13:32:53","guid":{"rendered":"https:\/\/www.policiadelneuquen.gob.ar\/?p=35291"},"modified":"2023-03-08T10:37:46","modified_gmt":"2023-03-08T13:37:46","slug":"10","status":"publish","type":"post","link":"https:\/\/www.policiadelneuquen.gob.ar\/index.php\/10\/","title":{"rendered":"10:31 Se inaugur\u00f3 en la Jefatura de Polic\u00eda el espacio \u201cAmigos de la Lactancia\u201d"},"content":{"rendered":"\n<p>Con la presencia del Subjefe de la Polic\u00eda del Neuqu\u00e9n Comisario General Luis Alejandro Arango y la se\u00f1ora Secretaria de Seguridad Lic. Marianina Dom\u00ednguez, entre otras autoridades, se inaugur\u00f3 en la Jefatura de Polic\u00eda el espacio \u201cAmigos de la Lactancia\u201d. El nuevo sector est\u00e1 especialmente acondicionado para las mujeres que se reincorporan al trabajo en periodo de amamantamiento.<\/p>\n\n\n\n<p>En horas de la ma\u00f1ana y en el marco del D\u00eda Internacional de la Mujer, se llev\u00f3 a cabo la apertura formal de la oficina \u201cAmigos de la Lactancia\u201d, un espacio pensado para que mujeres en ese periodo puedan ejercer el derecho de nutrir a los lactantes.<\/p>\n\n\n\n<p>La oficina, cuenta con heladera, un sector multimedia, mobiliario y otras comodidades que completan un espacio confortable para que las madres puedan ejercer la pr\u00e1ctica considerada vital para el \u00f3ptimo desarrollo del beb\u00e9.<\/p>\n\n\n\n<p>El acto cont\u00f3 tambi\u00e9n con la presencia de la Ministra de Salud de Neuqu\u00e9n, Andrea Peve, integrantes del Consejo Asesor Superior de la Polic\u00eda del Neuqu\u00e9n, Coordinadora de Seguridad\u00a0 Lic. Efigenia Di Benedetto y dem\u00e1s integrantes de la Fuerza.<\/p>\n\n\n\n<p><\/p>\n\n\n\n<figure class=\"wp-block-gallery has-nested-images columns-default is-cropped wp-block-gallery-1 is-layout-flex wp-block-gallery-is-layout-flex\">\n<figure class=\"wp-block-image size-large\"><img fetchpriority=\"high\" decoding=\"async\" width=\"1024\" height=\"682\" data-id=\"35301\" src=\"https:\/\/www.policiadelneuquen.gob.ar\/wp-content\/uploads\/2023\/03\/DSC_0031-1024x682.jpg\" alt=\"\" class=\"wp-image-35301\" srcset=\"https:\/\/www.policiadelneuquen.gob.ar\/wp-content\/uploads\/2023\/03\/DSC_0031-1024x682.jpg 1024w, https:\/\/www.policiadelneuquen.gob.ar\/wp-content\/uploads\/2023\/03\/DSC_0031-300x200.jpg 300w, https:\/\/www.policiadelneuquen.gob.ar\/wp-content\/uploads\/2023\/03\/DSC_0031-768x512.jpg 768w, https:\/\/www.policiadelneuquen.gob.ar\/wp-content\/uploads\/2023\/03\/DSC_0031-1536x1024.jpg 1536w, https:\/\/www.policiadelneuquen.gob.ar\/wp-content\/uploads\/2023\/03\/DSC_0031.jpg 2000w\" sizes=\"(max-width: 1024px) 100vw, 1024px\" \/><\/figure>\n\n\n\n<figure class=\"wp-block-image size-large\"><img decoding=\"async\" width=\"1024\" height=\"682\" data-id=\"35300\" src=\"https:\/\/www.policiadelneuquen.gob.ar\/wp-content\/uploads\/2023\/03\/DSC_0027-1024x682.jpg\" alt=\"\" class=\"wp-image-35300\" srcset=\"https:\/\/www.policiadelneuquen.gob.ar\/wp-content\/uploads\/2023\/03\/DSC_0027-1024x682.jpg 1024w, https:\/\/www.policiadelneuquen.gob.ar\/wp-content\/uploads\/2023\/03\/DSC_0027-300x200.jpg 300w, https:\/\/www.policiadelneuquen.gob.ar\/wp-content\/uploads\/2023\/03\/DSC_0027-768x512.jpg 768w, https:\/\/www.policiadelneuquen.gob.ar\/wp-content\/uploads\/2023\/03\/DSC_0027-1536x1024.jpg 1536w, https:\/\/www.policiadelneuquen.gob.ar\/wp-content\/uploads\/2023\/03\/DSC_0027.jpg 2000w\" sizes=\"(max-width: 1024px) 100vw, 1024px\" \/><\/figure>\n\n\n\n<figure class=\"wp-block-image size-large\"><img decoding=\"async\" width=\"1024\" height=\"682\" data-id=\"35299\" src=\"https:\/\/www.policiadelneuquen.gob.ar\/wp-content\/uploads\/2023\/03\/DSC_0024-1024x682.jpg\" alt=\"\" class=\"wp-image-35299\" srcset=\"https:\/\/www.policiadelneuquen.gob.ar\/wp-content\/uploads\/2023\/03\/DSC_0024-1024x682.jpg 1024w, https:\/\/www.policiadelneuquen.gob.ar\/wp-content\/uploads\/2023\/03\/DSC_0024-300x200.jpg 300w, https:\/\/www.policiadelneuquen.gob.ar\/wp-content\/uploads\/2023\/03\/DSC_0024-768x512.jpg 768w, https:\/\/www.policiadelneuquen.gob.ar\/wp-content\/uploads\/2023\/03\/DSC_0024-1536x1024.jpg 1536w, https:\/\/www.policiadelneuquen.gob.ar\/wp-content\/uploads\/2023\/03\/DSC_0024.jpg 2000w\" sizes=\"(max-width: 1024px) 100vw, 1024px\" \/><\/figure>\n\n\n\n<figure class=\"wp-block-image size-large\"><img loading=\"lazy\" decoding=\"async\" width=\"1024\" height=\"682\" data-id=\"35298\" src=\"https:\/\/www.policiadelneuquen.gob.ar\/wp-content\/uploads\/2023\/03\/DSC_0020-1024x682.jpg\" alt=\"\" class=\"wp-image-35298\" srcset=\"https:\/\/www.policiadelneuquen.gob.ar\/wp-content\/uploads\/2023\/03\/DSC_0020-1024x682.jpg 1024w, https:\/\/www.policiadelneuquen.gob.ar\/wp-content\/uploads\/2023\/03\/DSC_0020-300x200.jpg 300w, https:\/\/www.policiadelneuquen.gob.ar\/wp-content\/uploads\/2023\/03\/DSC_0020-768x512.jpg 768w, https:\/\/www.policiadelneuquen.gob.ar\/wp-content\/uploads\/2023\/03\/DSC_0020-1536x1024.jpg 1536w, https:\/\/www.policiadelneuquen.gob.ar\/wp-content\/uploads\/2023\/03\/DSC_0020.jpg 2000w\" sizes=\"(max-width: 1024px) 100vw, 1024px\" \/><\/figure>\n\n\n\n<figure class=\"wp-block-image size-large\"><img loading=\"lazy\" decoding=\"async\" width=\"1024\" height=\"682\" data-id=\"35297\" src=\"https:\/\/www.policiadelneuquen.gob.ar\/wp-content\/uploads\/2023\/03\/DSC_0016-1024x682.jpg\" alt=\"\" class=\"wp-image-35297\" srcset=\"https:\/\/www.policiadelneuquen.gob.ar\/wp-content\/uploads\/2023\/03\/DSC_0016-1024x682.jpg 1024w, https:\/\/www.policiadelneuquen.gob.ar\/wp-content\/uploads\/2023\/03\/DSC_0016-300x200.jpg 300w, https:\/\/www.policiadelneuquen.gob.ar\/wp-content\/uploads\/2023\/03\/DSC_0016-768x512.jpg 768w, https:\/\/www.policiadelneuquen.gob.ar\/wp-content\/uploads\/2023\/03\/DSC_0016-1536x1024.jpg 1536w, https:\/\/www.policiadelneuquen.gob.ar\/wp-content\/uploads\/2023\/03\/DSC_0016.jpg 2000w\" sizes=\"(max-width: 1024px) 100vw, 1024px\" \/><\/figure>\n\n\n\n<figure class=\"wp-block-image size-large\"><img loading=\"lazy\" decoding=\"async\" width=\"1024\" height=\"682\" data-id=\"35296\" src=\"https:\/\/www.policiadelneuquen.gob.ar\/wp-content\/uploads\/2023\/03\/DSC_0013-1024x682.jpg\" alt=\"\" class=\"wp-image-35296\" srcset=\"https:\/\/www.policiadelneuquen.gob.ar\/wp-content\/uploads\/2023\/03\/DSC_0013-1024x682.jpg 1024w, https:\/\/www.policiadelneuquen.gob.ar\/wp-content\/uploads\/2023\/03\/DSC_0013-300x200.jpg 300w, https:\/\/www.policiadelneuquen.gob.ar\/wp-content\/uploads\/2023\/03\/DSC_0013-768x512.jpg 768w, https:\/\/www.policiadelneuquen.gob.ar\/wp-content\/uploads\/2023\/03\/DSC_0013-1536x1024.jpg 1536w, https:\/\/www.policiadelneuquen.gob.ar\/wp-content\/uploads\/2023\/03\/DSC_0013.jpg 2000w\" sizes=\"(max-width: 1024px) 100vw, 1024px\" \/><\/figure>\n\n\n\n<figure class=\"wp-block-image size-large\"><img loading=\"lazy\" decoding=\"async\" width=\"1024\" height=\"682\" data-id=\"35295\" src=\"https:\/\/www.policiadelneuquen.gob.ar\/wp-content\/uploads\/2023\/03\/DSC_0010-1024x682.jpg\" alt=\"\" class=\"wp-image-35295\" srcset=\"https:\/\/www.policiadelneuquen.gob.ar\/wp-content\/uploads\/2023\/03\/DSC_0010-1024x682.jpg 1024w, https:\/\/www.policiadelneuquen.gob.ar\/wp-content\/uploads\/2023\/03\/DSC_0010-300x200.jpg 300w, https:\/\/www.policiadelneuquen.gob.ar\/wp-content\/uploads\/2023\/03\/DSC_0010-768x512.jpg 768w, https:\/\/www.policiadelneuquen.gob.ar\/wp-content\/uploads\/2023\/03\/DSC_0010-1536x1024.jpg 1536w, https:\/\/www.policiadelneuquen.gob.ar\/wp-content\/uploads\/2023\/03\/DSC_0010.jpg 2000w\" sizes=\"(max-width: 1024px) 100vw, 1024px\" \/><\/figure>\n\n\n\n<figure class=\"wp-block-image size-large\"><img loading=\"lazy\" decoding=\"async\" width=\"1024\" height=\"682\" data-id=\"35294\" src=\"https:\/\/www.policiadelneuquen.gob.ar\/wp-content\/uploads\/2023\/03\/DSC_0004-1024x682.jpg\" alt=\"\" class=\"wp-image-35294\" srcset=\"https:\/\/www.policiadelneuquen.gob.ar\/wp-content\/uploads\/2023\/03\/DSC_0004-1024x682.jpg 1024w, https:\/\/www.policiadelneuquen.gob.ar\/wp-content\/uploads\/2023\/03\/DSC_0004-300x200.jpg 300w, https:\/\/www.policiadelneuquen.gob.ar\/wp-content\/uploads\/2023\/03\/DSC_0004-768x512.jpg 768w, https:\/\/www.policiadelneuquen.gob.ar\/wp-content\/uploads\/2023\/03\/DSC_0004-1536x1024.jpg 1536w, https:\/\/www.policiadelneuquen.gob.ar\/wp-content\/uploads\/2023\/03\/DSC_0004.jpg 2000w\" sizes=\"(max-width: 1024px) 100vw, 1024px\" \/><\/figure>\n\n\n\n<figure class=\"wp-block-image size-large\"><img loading=\"lazy\" decoding=\"async\" width=\"1024\" height=\"682\" data-id=\"35293\" src=\"https:\/\/www.policiadelneuquen.gob.ar\/wp-content\/uploads\/2023\/03\/DSC_0003-1024x682.jpg\" alt=\"\" class=\"wp-image-35293\" srcset=\"https:\/\/www.policiadelneuquen.gob.ar\/wp-content\/uploads\/2023\/03\/DSC_0003-1024x682.jpg 1024w, https:\/\/www.policiadelneuquen.gob.ar\/wp-content\/uploads\/2023\/03\/DSC_0003-300x200.jpg 300w, https:\/\/www.policiadelneuquen.gob.ar\/wp-content\/uploads\/2023\/03\/DSC_0003-768x512.jpg 768w, https:\/\/www.policiadelneuquen.gob.ar\/wp-content\/uploads\/2023\/03\/DSC_0003-1536x1024.jpg 1536w, https:\/\/www.policiadelneuquen.gob.ar\/wp-content\/uploads\/2023\/03\/DSC_0003.jpg 2000w\" sizes=\"(max-width: 1024px) 100vw, 1024px\" \/><\/figure>\n\n\n\n<figure class=\"wp-block-image size-large\"><img loading=\"lazy\" decoding=\"async\" width=\"1024\" height=\"682\" data-id=\"35292\" src=\"https:\/\/www.policiadelneuquen.gob.ar\/wp-content\/uploads\/2023\/03\/DSC_0001-1024x682.jpg\" alt=\"\" class=\"wp-image-35292\" srcset=\"https:\/\/www.policiadelneuquen.gob.ar\/wp-content\/uploads\/2023\/03\/DSC_0001-1024x682.jpg 1024w, https:\/\/www.policiadelneuquen.gob.ar\/wp-content\/uploads\/2023\/03\/DSC_0001-300x200.jpg 300w, https:\/\/www.policiadelneuquen.gob.ar\/wp-content\/uploads\/2023\/03\/DSC_0001-768x512.jpg 768w, https:\/\/www.policiadelneuquen.gob.ar\/wp-content\/uploads\/2023\/03\/DSC_0001-1536x1024.jpg 1536w, https:\/\/www.policiadelneuquen.gob.ar\/wp-content\/uploads\/2023\/03\/DSC_0001.jpg 2000w\" sizes=\"(max-width: 1024px) 100vw, 1024px\" \/><\/figure>\n<\/figure>\n","protected":false},"excerpt":{"rendered":"<p>Con la presencia del Subjefe de la Polic\u00eda del Neuqu\u00e9n Comisario General Luis Alejandro Arango y la se\u00f1ora Secretaria de Seguridad Lic. Marianina Dom\u00ednguez, entre otras autoridades, se inaugur\u00f3 en la Jefatura de Polic\u00eda el espacio \u201cAmigos de la Lactancia\u201d. El nuevo sector est\u00e1 especialmente acondicionado para las mujeres que se reincorporan al trabajo en [&hellip;]<\/p>\n","protected":false},"author":11,"featured_media":35299,"comment_status":"open","ping_status":"open","sticky":false,"template":"","format":"standard","meta":{"site-sidebar-layout":"default","site-content-layout":"","ast-site-content-layout":"","site-content-style":"default","site-sidebar-style":"default","ast-global-header-display":"","ast-banner-title-visibility":"","ast-main-header-display":"","ast-hfb-above-header-display":"","ast-hfb-below-header-display":"","ast-hfb-mobile-header-display":"","site-post-title":"","ast-breadcrumbs-content":"","ast-featured-img":"","footer-sml-layout":"","theme-transparent-header-meta":"","adv-header-id-meta":"","stick-header-meta":"","header-above-stick-meta":"","header-main-stick-meta":"","header-below-stick-meta":"","astra-migrate-meta-layouts":"default","ast-page-background-enabled":"default","ast-page-background-meta":{"desktop":{"background-color":"","background-image":"","background-repeat":"repeat","background-position":"center center","background-size":"auto","background-attachment":"scroll","background-type":"","background-media":"","overlay-type":"","overlay-color":"","overlay-opacity":"","overlay-gradient":""},"tablet":{"background-color":"","background-image":"","background-repeat":"repeat","background-position":"center center","background-size":"auto","background-attachment":"scroll","background-type":"","background-media":"","overlay-type":"","overlay-color":"","overlay-opacity":"","overlay-gradient":""},"mobile":{"background-color":"","background-image":"","background-repeat":"repeat","background-position":"center center","background-size":"auto","background-attachment":"scroll","background-type":"","background-media":"","overlay-type":"","overlay-color":"","overlay-opacity":"","overlay-gradient":""}},"ast-content-background-meta":{"desktop":{"background-color":"var(--ast-global-color-5)","background-image":"","background-repeat":"repeat","background-position":"center center","background-size":"auto","background-attachment":"scroll","background-type":"","background-media":"","overlay-type":"","overlay-color":"","overlay-opacity":"","overlay-gradient":""},"tablet":{"background-color":"var(--ast-global-color-5)","background-image":"","background-repeat":"repeat","background-position":"center center","background-size":"auto","background-attachment":"scroll","background-type":"","background-media":"","overlay-type":"","overlay-color":"","overlay-opacity":"","overlay-gradient":""},"mobile":{"background-color":"var(--ast-global-color-5)","background-image":"","background-repeat":"repeat","background-position":"center center","background-size":"auto","background-attachment":"scroll","background-type":"","background-media":"","overlay-type":"","overlay-color":"","overlay-opacity":"","overlay-gradient":""}},"footnotes":""},"categories":[1],"tags":[],"class_list":["post-35291","post","type-post","status-publish","format-standard","has-post-thumbnail","hentry","category-sin-categorizar"],"jetpack_featured_media_url":"https:\/\/www.policiadelneuquen.gob.ar\/wp-content\/uploads\/2023\/03\/DSC_0024.jpg","_links":{"self":[{"href":"https:\/\/www.policiadelneuquen.gob.ar\/index.php\/wp-json\/wp\/v2\/posts\/35291","targetHints":{"allow":["GET"]}}],"collection":[{"href":"https:\/\/www.policiadelneuquen.gob.ar\/index.php\/wp-json\/wp\/v2\/posts"}],"about":[{"href":"https:\/\/www.policiadelneuquen.gob.ar\/index.php\/wp-json\/wp\/v2\/types\/post"}],"author":[{"embeddable":true,"href":"https:\/\/www.policiadelneuquen.gob.ar\/index.php\/wp-json\/wp\/v2\/users\/11"}],"replies":[{"embeddable":true,"href":"https:\/\/www.policiadelneuquen.gob.ar\/index.php\/wp-json\/wp\/v2\/comments?post=35291"}],"version-history":[{"count":8,"href":"https:\/\/www.policiadelneuquen.gob.ar\/index.php\/wp-json\/wp\/v2\/posts\/35291\/revisions"}],"predecessor-version":[{"id":35309,"href":"https:\/\/www.policiadelneuquen.gob.ar\/index.php\/wp-json\/wp\/v2\/posts\/35291\/revisions\/35309"}],"wp:featuredmedia":[{"embeddable":true,"href":"https:\/\/www.policiadelneuquen.gob.ar\/index.php\/wp-json\/wp\/v2\/media\/35299"}],"wp:attachment":[{"href":"https:\/\/www.policiadelneuquen.gob.ar\/index.php\/wp-json\/wp\/v2\/media?parent=35291"}],"wp:term":[{"taxonomy":"category","embeddable":true,"href":"https:\/\/www.policiadelneuquen.gob.ar\/index.php\/wp-json\/wp\/v2\/categories?post=35291"},{"taxonomy":"post_tag","embeddable":true,"href":"https:\/\/www.policiadelneuquen.gob.ar\/index.php\/wp-json\/wp\/v2\/tags?post=35291"}],"curies":[{"name":"wp","href":"https:\/\/api.w.org\/{rel}","templated":true}]}}