{"id":42351,"date":"2023-08-03T09:25:48","date_gmt":"2023-08-03T12:25:48","guid":{"rendered":"https:\/\/www.policiadelneuquen.gob.ar\/?p=42351"},"modified":"2023-08-03T09:31:17","modified_gmt":"2023-08-03T12:31:17","slug":"09","status":"publish","type":"post","link":"https:\/\/www.policiadelneuquen.gob.ar\/index.php\/09\/","title":{"rendered":"09:27 Pic\u00fan Leuf\u00fa.- Recuperan moto hurtada"},"content":{"rendered":"\t\t<div data-elementor-type=\"wp-post\" data-elementor-id=\"42351\" class=\"elementor elementor-42351\">\n\t\t\t\t<div class=\"elementor-element elementor-element-bcaca2c e-flex e-con-boxed e-con e-parent\" data-id=\"bcaca2c\" data-element_type=\"container\" data-e-type=\"container\">\n\t\t\t\t\t<div class=\"e-con-inner\">\n\t\t\t\t<div class=\"elementor-element elementor-element-a37e0f5 elementor-widget elementor-widget-text-editor\" data-id=\"a37e0f5\" data-element_type=\"widget\" data-e-type=\"widget\" data-widget_type=\"text-editor.default\">\n\t\t\t\t<div class=\"elementor-widget-container\">\n\t\t\t\t\t\t\t\t\t<p><span style=\"font-weight: 400;\">Una motocicleta que hab\u00eda sido denunciada como hurtada d\u00edas atr\u00e1s en la localidad de Pic\u00fan Leuf\u00fa, fue hallada en el d\u00eda de ayer, gracias a un procedimiento realizado por personal policial de la Comisar\u00eda 9\u00b0 a la vera de la Ruta Provincial 17\u00b0.<\/span><\/p><p><span style=\"font-weight: 400;\">La intervenci\u00f3n policial fue posible luego que un llamado an\u00f3nimo alert\u00f3 en Comisar\u00eda 9\u00b0 sobre la presencia de un elemento sospechoso en uno de los m\u00e1rgenes de la ruta y oculta entre la maleza.<\/span><\/p><p><span style=\"font-weight: 400;\">Inmediatamente una comisi\u00f3n policial se dirigi\u00f3 al lugar y a unos 26 kil\u00f3metros de Pic\u00fan Leuf\u00fa por Ruta 17, en sentido a la ciudad de Plaza Huincul, los uniformados hallaron la moto marca Yamaha de 125 cent\u00edmetros c\u00fabicos, que permanec\u00eda escondida detr\u00e1s de unos arbustos.<\/span><\/p><p><span style=\"font-weight: 400;\">Finalmente el ciclomotor fue secuestrado y trasladado a Sede Policial seg\u00fan lo dispuesto por la Justicia.<\/span><\/p>\t\t\t\t\t\t\t\t<\/div>\n\t\t\t\t<\/div>\n\t\t\t\t\t<\/div>\n\t\t\t\t<\/div>\n\t\t<div class=\"elementor-element elementor-element-977c3d8 e-flex e-con-boxed e-con e-parent\" data-id=\"977c3d8\" data-element_type=\"container\" data-e-type=\"container\">\n\t\t\t\t\t<div class=\"e-con-inner\">\n\t\t\t\t<div class=\"elementor-element elementor-element-12b832d elementor-widget elementor-widget-image-gallery\" data-id=\"12b832d\" data-element_type=\"widget\" data-e-type=\"widget\" data-widget_type=\"image-gallery.default\">\n\t\t\t\t<div class=\"elementor-widget-container\">\n\t\t\t\t\t\t\t<div class=\"elementor-image-gallery\">\n\t\t\t<div id='gallery-1' class='gallery galleryid-42351 gallery-columns-2 gallery-size-thumbnail'><figure class='gallery-item'>\n\t\t\t<div class='gallery-icon landscape'>\n\t\t\t\t<a data-elementor-open-lightbox=\"yes\" data-elementor-lightbox-slideshow=\"12b832d\" data-elementor-lightbox-title=\"WhatsApp Image 2023-08-03 at 8.42.19 AM\" data-e-action-hash=\"#elementor-action%3Aaction%3Dlightbox%26settings%3DeyJpZCI6NDIzNTIsInVybCI6Imh0dHBzOlwvXC93d3cucG9saWNpYWRlbG5ldXF1ZW4uZ29iLmFyXC93cC1jb250ZW50XC91cGxvYWRzXC8yMDIzXC8wOFwvV2hhdHNBcHAtSW1hZ2UtMjAyMy0wOC0wMy1hdC04LjQyLjE5LUFNLmpwZyIsInNsaWRlc2hvdyI6IjEyYjgzMmQifQ%3D%3D\" href='https:\/\/www.policiadelneuquen.gob.ar\/wp-content\/uploads\/2023\/08\/WhatsApp-Image-2023-08-03-at-8.42.19-AM.jpg'><img decoding=\"async\" width=\"150\" height=\"150\" src=\"https:\/\/www.policiadelneuquen.gob.ar\/wp-content\/uploads\/2023\/08\/WhatsApp-Image-2023-08-03-at-8.42.19-AM-150x150.jpg\" class=\"attachment-thumbnail size-thumbnail\" alt=\"\" srcset=\"https:\/\/www.policiadelneuquen.gob.ar\/wp-content\/uploads\/2023\/08\/WhatsApp-Image-2023-08-03-at-8.42.19-AM-150x150.jpg 150w, https:\/\/www.policiadelneuquen.gob.ar\/wp-content\/uploads\/2023\/08\/WhatsApp-Image-2023-08-03-at-8.42.19-AM-250x250.jpg 250w\" sizes=\"(max-width: 150px) 100vw, 150px\" \/><\/a>\n\t\t\t<\/div><\/figure><figure class='gallery-item'>\n\t\t\t<div class='gallery-icon landscape'>\n\t\t\t\t<a data-elementor-open-lightbox=\"yes\" data-elementor-lightbox-slideshow=\"12b832d\" data-elementor-lightbox-title=\"WhatsApp Image 2023-08-03 at 8.42.20 AM\" data-e-action-hash=\"#elementor-action%3Aaction%3Dlightbox%26settings%3DeyJpZCI6NDIzNTMsInVybCI6Imh0dHBzOlwvXC93d3cucG9saWNpYWRlbG5ldXF1ZW4uZ29iLmFyXC93cC1jb250ZW50XC91cGxvYWRzXC8yMDIzXC8wOFwvV2hhdHNBcHAtSW1hZ2UtMjAyMy0wOC0wMy1hdC04LjQyLjIwLUFNLmpwZyIsInNsaWRlc2hvdyI6IjEyYjgzMmQifQ%3D%3D\" href='https:\/\/www.policiadelneuquen.gob.ar\/wp-content\/uploads\/2023\/08\/WhatsApp-Image-2023-08-03-at-8.42.20-AM.jpg'><img decoding=\"async\" width=\"150\" height=\"150\" src=\"https:\/\/www.policiadelneuquen.gob.ar\/wp-content\/uploads\/2023\/08\/WhatsApp-Image-2023-08-03-at-8.42.20-AM-150x150.jpg\" class=\"attachment-thumbnail size-thumbnail\" alt=\"\" srcset=\"https:\/\/www.policiadelneuquen.gob.ar\/wp-content\/uploads\/2023\/08\/WhatsApp-Image-2023-08-03-at-8.42.20-AM-150x150.jpg 150w, https:\/\/www.policiadelneuquen.gob.ar\/wp-content\/uploads\/2023\/08\/WhatsApp-Image-2023-08-03-at-8.42.20-AM-250x250.jpg 250w\" sizes=\"(max-width: 150px) 100vw, 150px\" \/><\/a>\n\t\t\t<\/div><\/figure>\n\t\t<\/div>\n\t\t<\/div>\n\t\t\t\t\t\t<\/div>\n\t\t\t\t<\/div>\n\t\t\t\t\t<\/div>\n\t\t\t\t<\/div>\n\t\t\t\t<\/div>\n\t\t","protected":false},"excerpt":{"rendered":"<p>Una motocicleta que hab\u00eda sido denunciada como hurtada d\u00edas atr\u00e1s en la localidad de Pic\u00fan Leuf\u00fa, fue hallada en el d\u00eda de ayer, gracias a un procedimiento realizado por personal policial de la Comisar\u00eda 9\u00b0 a la vera de la Ruta Provincial 17\u00b0. La intervenci\u00f3n policial fue posible luego que un llamado an\u00f3nimo alert\u00f3 en [&hellip;]<\/p>\n","protected":false},"author":11,"featured_media":42353,"comment_status":"open","ping_status":"open","sticky":false,"template":"","format":"standard","meta":{"site-sidebar-layout":"default","site-content-layout":"","ast-site-content-layout":"","site-content-style":"default","site-sidebar-style":"default","ast-global-header-display":"","ast-banner-title-visibility":"","ast-main-header-display":"","ast-hfb-above-header-display":"","ast-hfb-below-header-display":"","ast-hfb-mobile-header-display":"","site-post-title":"","ast-breadcrumbs-content":"","ast-featured-img":"","footer-sml-layout":"","theme-transparent-header-meta":"","adv-header-id-meta":"","stick-header-meta":"","header-above-stick-meta":"","header-main-stick-meta":"","header-below-stick-meta":"","astra-migrate-meta-layouts":"default","ast-page-background-enabled":"default","ast-page-background-meta":{"desktop":{"background-color":"","background-image":"","background-repeat":"repeat","background-position":"center center","background-size":"auto","background-attachment":"scroll","background-type":"","background-media":"","overlay-type":"","overlay-color":"","overlay-opacity":"","overlay-gradient":""},"tablet":{"background-color":"","background-image":"","background-repeat":"repeat","background-position":"center center","background-size":"auto","background-attachment":"scroll","background-type":"","background-media":"","overlay-type":"","overlay-color":"","overlay-opacity":"","overlay-gradient":""},"mobile":{"background-color":"","background-image":"","background-repeat":"repeat","background-position":"center center","background-size":"auto","background-attachment":"scroll","background-type":"","background-media":"","overlay-type":"","overlay-color":"","overlay-opacity":"","overlay-gradient":""}},"ast-content-background-meta":{"desktop":{"background-color":"var(--ast-global-color-5)","background-image":"","background-repeat":"repeat","background-position":"center center","background-size":"auto","background-attachment":"scroll","background-type":"","background-media":"","overlay-type":"","overlay-color":"","overlay-opacity":"","overlay-gradient":""},"tablet":{"background-color":"var(--ast-global-color-5)","background-image":"","background-repeat":"repeat","background-position":"center center","background-size":"auto","background-attachment":"scroll","background-type":"","background-media":"","overlay-type":"","overlay-color":"","overlay-opacity":"","overlay-gradient":""},"mobile":{"background-color":"var(--ast-global-color-5)","background-image":"","background-repeat":"repeat","background-position":"center center","background-size":"auto","background-attachment":"scroll","background-type":"","background-media":"","overlay-type":"","overlay-color":"","overlay-opacity":"","overlay-gradient":""}},"footnotes":""},"categories":[1],"tags":[],"class_list":["post-42351","post","type-post","status-publish","format-standard","has-post-thumbnail","hentry","category-sin-categorizar"],"jetpack_featured_media_url":"https:\/\/www.policiadelneuquen.gob.ar\/wp-content\/uploads\/2023\/08\/WhatsApp-Image-2023-08-03-at-8.42.20-AM.jpg","_links":{"self":[{"href":"https:\/\/www.policiadelneuquen.gob.ar\/index.php\/wp-json\/wp\/v2\/posts\/42351","targetHints":{"allow":["GET"]}}],"collection":[{"href":"https:\/\/www.policiadelneuquen.gob.ar\/index.php\/wp-json\/wp\/v2\/posts"}],"about":[{"href":"https:\/\/www.policiadelneuquen.gob.ar\/index.php\/wp-json\/wp\/v2\/types\/post"}],"author":[{"embeddable":true,"href":"https:\/\/www.policiadelneuquen.gob.ar\/index.php\/wp-json\/wp\/v2\/users\/11"}],"replies":[{"embeddable":true,"href":"https:\/\/www.policiadelneuquen.gob.ar\/index.php\/wp-json\/wp\/v2\/comments?post=42351"}],"version-history":[{"count":9,"href":"https:\/\/www.policiadelneuquen.gob.ar\/index.php\/wp-json\/wp\/v2\/posts\/42351\/revisions"}],"predecessor-version":[{"id":42362,"href":"https:\/\/www.policiadelneuquen.gob.ar\/index.php\/wp-json\/wp\/v2\/posts\/42351\/revisions\/42362"}],"wp:featuredmedia":[{"embeddable":true,"href":"https:\/\/www.policiadelneuquen.gob.ar\/index.php\/wp-json\/wp\/v2\/media\/42353"}],"wp:attachment":[{"href":"https:\/\/www.policiadelneuquen.gob.ar\/index.php\/wp-json\/wp\/v2\/media?parent=42351"}],"wp:term":[{"taxonomy":"category","embeddable":true,"href":"https:\/\/www.policiadelneuquen.gob.ar\/index.php\/wp-json\/wp\/v2\/categories?post=42351"},{"taxonomy":"post_tag","embeddable":true,"href":"https:\/\/www.policiadelneuquen.gob.ar\/index.php\/wp-json\/wp\/v2\/tags?post=42351"}],"curies":[{"name":"wp","href":"https:\/\/api.w.org\/{rel}","templated":true}]}}