{"id":52724,"date":"2024-03-07T19:59:26","date_gmt":"2024-03-07T22:59:26","guid":{"rendered":"https:\/\/www.policiadelneuquen.gob.ar\/?p=52724"},"modified":"2024-03-07T20:02:16","modified_gmt":"2024-03-07T23:02:16","slug":"cria-1odemorado-por-tentativa-de-robo","status":"publish","type":"post","link":"https:\/\/www.policiadelneuquen.gob.ar\/index.php\/cria-1odemorado-por-tentativa-de-robo\/","title":{"rendered":"Cria. 1\u00ba:Demorado por tentativa de robo"},"content":{"rendered":"\t\t<div data-elementor-type=\"wp-post\" data-elementor-id=\"52724\" class=\"elementor elementor-52724\">\n\t\t\t\t<div class=\"elementor-element elementor-element-3228c4c1 e-flex e-con-boxed e-con e-parent\" data-id=\"3228c4c1\" data-element_type=\"container\" data-e-type=\"container\">\n\t\t\t\t\t<div class=\"e-con-inner\">\n\t\t\t\t<div class=\"elementor-element elementor-element-38374301 elementor-widget elementor-widget-text-editor\" data-id=\"38374301\" data-element_type=\"widget\" data-e-type=\"widget\" data-widget_type=\"text-editor.default\">\n\t\t\t\t<div class=\"elementor-widget-container\">\n\t\t\t\t\t\t\t\t\t\n<p><strong>En la tarde de hoy (07-02), personal de Comisar\u00eda Primera demor\u00f3 a un hombre, el que intent\u00f3 ingresar a una vivienda con intenciones de robo, sin lograr su cometido ya que los propietarios se encontraban en el domicilio y dieron inmediato aviso a la polic\u00eda.<\/strong><\/p>\n<p><strong><\/strong><\/p>\n<p><strong>Todo comenz\u00f3 pasadas las 14:40 horas, cuando el personal fue alertado v\u00eda telef\u00f3nica de un presunto robo en proceso, por lo que de manera inmediata se dirigieron a un domicilio de calle Carlos H. Rodr\u00edguez, donde al llegar entrevistaron a una mujer quien dio aviso que el hombre estaba dentro del domicilio retenido por sus propietarios, luego de da\u00f1ar aparentemente el candado del port\u00f3n con intenciones de robo.<\/strong><\/p>\n<p><strong><\/strong><\/p>\n<p><strong>Como resultado el joven de 25 a\u00f1os fue trasladado a la Unidad de Orden P\u00fablico, donde qued\u00f3 alojado a disposici\u00f3n de la justicia.<\/strong><\/p>\n\t\t\t\t\t\t\t\t<\/div>\n\t\t\t\t<\/div>\n\t\t\t\t\t<\/div>\n\t\t\t\t<\/div>\n\t\t\t\t<\/div>\n\t\t","protected":false},"excerpt":{"rendered":"<p>En la tarde de hoy (07-02), personal de Comisar\u00eda Primera demor\u00f3 a un hombre, el que intent\u00f3 ingresar a una vivienda con intenciones de robo, sin lograr su cometido ya que los propietarios se encontraban en el domicilio y dieron inmediato aviso a la polic\u00eda. Todo comenz\u00f3 pasadas las 14:40 horas, cuando el personal fue [&hellip;]<\/p>\n","protected":false},"author":6,"featured_media":52725,"comment_status":"open","ping_status":"open","sticky":false,"template":"","format":"standard","meta":{"site-sidebar-layout":"default","site-content-layout":"","ast-site-content-layout":"","site-content-style":"default","site-sidebar-style":"default","ast-global-header-display":"","ast-banner-title-visibility":"","ast-main-header-display":"","ast-hfb-above-header-display":"","ast-hfb-below-header-display":"","ast-hfb-mobile-header-display":"","site-post-title":"","ast-breadcrumbs-content":"","ast-featured-img":"","footer-sml-layout":"","theme-transparent-header-meta":"","adv-header-id-meta":"","stick-header-meta":"","header-above-stick-meta":"","header-main-stick-meta":"","header-below-stick-meta":"","astra-migrate-meta-layouts":"default","ast-page-background-enabled":"default","ast-page-background-meta":{"desktop":{"background-color":"","background-image":"","background-repeat":"repeat","background-position":"center center","background-size":"auto","background-attachment":"scroll","background-type":"","background-media":"","overlay-type":"","overlay-color":"","overlay-opacity":"","overlay-gradient":""},"tablet":{"background-color":"","background-image":"","background-repeat":"repeat","background-position":"center center","background-size":"auto","background-attachment":"scroll","background-type":"","background-media":"","overlay-type":"","overlay-color":"","overlay-opacity":"","overlay-gradient":""},"mobile":{"background-color":"","background-image":"","background-repeat":"repeat","background-position":"center center","background-size":"auto","background-attachment":"scroll","background-type":"","background-media":"","overlay-type":"","overlay-color":"","overlay-opacity":"","overlay-gradient":""}},"ast-content-background-meta":{"desktop":{"background-color":"var(--ast-global-color-5)","background-image":"","background-repeat":"repeat","background-position":"center center","background-size":"auto","background-attachment":"scroll","background-type":"","background-media":"","overlay-type":"","overlay-color":"","overlay-opacity":"","overlay-gradient":""},"tablet":{"background-color":"var(--ast-global-color-5)","background-image":"","background-repeat":"repeat","background-position":"center center","background-size":"auto","background-attachment":"scroll","background-type":"","background-media":"","overlay-type":"","overlay-color":"","overlay-opacity":"","overlay-gradient":""},"mobile":{"background-color":"var(--ast-global-color-5)","background-image":"","background-repeat":"repeat","background-position":"center center","background-size":"auto","background-attachment":"scroll","background-type":"","background-media":"","overlay-type":"","overlay-color":"","overlay-opacity":"","overlay-gradient":""}},"footnotes":""},"categories":[1],"tags":[],"class_list":["post-52724","post","type-post","status-publish","format-standard","has-post-thumbnail","hentry","category-sin-categorizar"],"jetpack_featured_media_url":"https:\/\/www.policiadelneuquen.gob.ar\/wp-content\/uploads\/2024\/03\/WhatsApp-Image-2024-03-07-at-7.11.59-PM1.jpeg","_links":{"self":[{"href":"https:\/\/www.policiadelneuquen.gob.ar\/index.php\/wp-json\/wp\/v2\/posts\/52724","targetHints":{"allow":["GET"]}}],"collection":[{"href":"https:\/\/www.policiadelneuquen.gob.ar\/index.php\/wp-json\/wp\/v2\/posts"}],"about":[{"href":"https:\/\/www.policiadelneuquen.gob.ar\/index.php\/wp-json\/wp\/v2\/types\/post"}],"author":[{"embeddable":true,"href":"https:\/\/www.policiadelneuquen.gob.ar\/index.php\/wp-json\/wp\/v2\/users\/6"}],"replies":[{"embeddable":true,"href":"https:\/\/www.policiadelneuquen.gob.ar\/index.php\/wp-json\/wp\/v2\/comments?post=52724"}],"version-history":[{"count":4,"href":"https:\/\/www.policiadelneuquen.gob.ar\/index.php\/wp-json\/wp\/v2\/posts\/52724\/revisions"}],"predecessor-version":[{"id":52729,"href":"https:\/\/www.policiadelneuquen.gob.ar\/index.php\/wp-json\/wp\/v2\/posts\/52724\/revisions\/52729"}],"wp:featuredmedia":[{"embeddable":true,"href":"https:\/\/www.policiadelneuquen.gob.ar\/index.php\/wp-json\/wp\/v2\/media\/52725"}],"wp:attachment":[{"href":"https:\/\/www.policiadelneuquen.gob.ar\/index.php\/wp-json\/wp\/v2\/media?parent=52724"}],"wp:term":[{"taxonomy":"category","embeddable":true,"href":"https:\/\/www.policiadelneuquen.gob.ar\/index.php\/wp-json\/wp\/v2\/categories?post=52724"},{"taxonomy":"post_tag","embeddable":true,"href":"https:\/\/www.policiadelneuquen.gob.ar\/index.php\/wp-json\/wp\/v2\/tags?post=52724"}],"curies":[{"name":"wp","href":"https:\/\/api.w.org\/{rel}","templated":true}]}}