{"id":52730,"date":"2024-03-07T20:16:14","date_gmt":"2024-03-07T23:16:14","guid":{"rendered":"https:\/\/www.policiadelneuquen.gob.ar\/?p=52730"},"modified":"2024-03-07T20:18:41","modified_gmt":"2024-03-07T23:18:41","slug":"acto-por-el-12-aniversario-del-fallecimiento-del-suboficial-mayor-pm-jose-eduardo-aigo","status":"publish","type":"post","link":"https:\/\/www.policiadelneuquen.gob.ar\/index.php\/acto-por-el-12-aniversario-del-fallecimiento-del-suboficial-mayor-pm-jose-eduardo-aigo\/","title":{"rendered":"Acto por el 12\u00b0 aniversario del fallecimiento del Suboficial Mayor (PM) Jos\u00e9 Eduardo Aigo"},"content":{"rendered":"\t\t<div data-elementor-type=\"wp-post\" data-elementor-id=\"52730\" class=\"elementor elementor-52730\">\n\t\t\t\t<div class=\"elementor-element elementor-element-1e523e43 e-flex e-con-boxed e-con e-parent\" data-id=\"1e523e43\" data-element_type=\"container\" data-e-type=\"container\">\n\t\t\t\t\t<div class=\"e-con-inner\">\n\t\t\t\t<div class=\"elementor-element elementor-element-28ba201d elementor-widget elementor-widget-text-editor\" data-id=\"28ba201d\" data-element_type=\"widget\" data-e-type=\"widget\" data-widget_type=\"text-editor.default\">\n\t\t\t\t<div class=\"elementor-widget-container\">\n\t\t\t\t\t\t\t\t\t\n<h3><strong>Esta tarde (07\/03), se llev\u00f3 a cabo el acto por el 12\u00b0 aniversario del fallecimiento del Suboficial Mayor (PM) Jos\u00e9 Eduardo Aigo, el mismo tuvo lugar en las instalaciones de la Divisi\u00f3n Tr\u00e1nsito Jun\u00edn de los Andes.<\/strong><\/h3>\n<h3><strong><\/strong><\/h3>\n<h3><strong>Minutos despu\u00e9s de las 16:00 inici\u00f3 la ceremonia la cual fue presidida por Ministro de Seguridad Dr. Mat\u00edas Nicolini junto al Jefe de Policia Comisario General Carlos Tom\u00e1s D\u00edaz P\u00e9rez, Intendente de Jun\u00edn de Los Andes Luis Madue\u00f1o, Diputado Provincial Ernesto Novoa, Subjefe de Policia Comisario General Walter San Martin, integrantes del C.A.S. Director de la Direcci\u00f3n Seguridad Interior Jun\u00edn de los Andes Comisario Inspector Bonifacio Zapiola, Coordinadores Operativos, familiares de nuestro m\u00e1rtir, integrantes de la Cruzada Homenaje, representantes del Ej\u00e9rcito Argentino, Gendarmer\u00eda Nacional, Prefectura Naval, dem\u00e1s oficiales jefes, suboficiales, agentes y familia policial.<\/strong><\/h3>\n<h3><strong><\/strong><\/h3>\n<h3><strong>En el desarrollo de la misma, se entonaron las estrofas de los Himnos Nacional y Provincial ejecutados por la Banda de M\u00fasica Institucional a cargo del Comisario Esteban V\u00e1zquez. Luego el Capell\u00e1n Mayor Pablo Mardoni realiz\u00f3 la invocaci\u00f3n religiosa luego se record\u00f3 la trayectoria policial de nuestro m\u00e1rtir asesinado por personas inhumanas un 7 de marzo del 2012, cuando realizaba un control de rutina en inmediaciones del paraje Pilo Lil.<\/strong><\/h3>\n<h3><strong><\/strong><\/h3>\n<h3><strong>Continuando con la ceremonia hizo uso de la palabra el Dr. Gustavo Lucero abogado querellante de la familia y a su t\u00e9rmino se dirigi\u00f3 a los presentes el titular de la Direcci\u00f3n Seguridad Interior Jun\u00edn de los Andes, Comisario Inspector Bonifacio Zapiola, quienes resaltaron el valor y compromiso del Suboficial Mayor (PM) Jos\u00e9 Eduardo Aigo para con la comunidad.<\/strong><\/h3>\n<h3><strong><\/strong><\/h3>\n<h3><strong>Seguidamente las m\u00e1ximas autoridades y familiares, se desplazaron hacia el monolito d\u00f3nde se encuentra grabada su imagen, colocando una ofrenda floral compartiendo luego, un minuto de silencio.<\/strong><\/h3>\n<h3><strong><\/strong><\/h3>\n<h3><strong>El conmovedor homenaje contin\u00fao con las palabras de la se\u00f1ora Superintendente de Apoyo y Servicios, Comisario Mayor Rosana Bello, quien hizo menci\u00f3n que la Honorable Legislatura Provincial aprob\u00f3 de inter\u00e9s institucional y provincial, el recuerdo permanente \u00a0de nuestro querido camarada.<\/strong><\/h3>\n<h3><strong><\/strong><\/h3>\n<h3><strong>Finalizando el acto procedieron a retirar simb\u00f3licamente un caballo, fiel compa\u00f1ero de trabajo del Suboficial Mayor (PM) Jos\u00e9 Eduardo Aigo, para que se dirija a los presentes el Ministro de Seguridad Dr. Mat\u00edas Nicolini, quien puso en valor el compromiso de nuestro m\u00e1rtir, como as\u00ed enfatiz\u00f3 el compromiso del Gobierno Provincial para dar con las dos personas de Nacionalidad Chilena, autores de este cobarde hecho.<\/strong><\/h3>\n<h3><strong><\/strong><\/h3>\n<h3><strong>Concluyendo la ceremonia se desplaz\u00f3 y retir\u00f3 la Banda de M\u00fasica Coronel Jos\u00e9 Manuel Olascoaga.<\/strong><\/h3>\n\t\t\t\t\t\t\t\t<\/div>\n\t\t\t\t<\/div>\n\t\t\t\t\t<\/div>\n\t\t\t\t<\/div>\n\t\t<div class=\"elementor-element elementor-element-7a97c4b e-flex e-con-boxed e-con e-parent\" data-id=\"7a97c4b\" data-element_type=\"container\" data-e-type=\"container\">\n\t\t\t\t\t<div class=\"e-con-inner\">\n\t\t\t\t<div class=\"elementor-element elementor-element-b9f303e elementor-widget elementor-widget-image-gallery\" data-id=\"b9f303e\" data-element_type=\"widget\" data-e-type=\"widget\" data-widget_type=\"image-gallery.default\">\n\t\t\t\t<div class=\"elementor-widget-container\">\n\t\t\t\t\t\t\t<div class=\"elementor-image-gallery\">\n\t\t\t<div id='gallery-1' class='gallery galleryid-52730 gallery-columns-4 gallery-size-thumbnail'><figure class='gallery-item'>\n\t\t\t<div class='gallery-icon landscape'>\n\t\t\t\t<a data-elementor-open-lightbox=\"yes\" data-elementor-lightbox-slideshow=\"b9f303e\" data-elementor-lightbox-title=\"WhatsApp Image 2024-03-07 at 6.17.28 PM\" data-e-action-hash=\"#elementor-action%3Aaction%3Dlightbox%26settings%3DeyJpZCI6NTI3NjIsInVybCI6Imh0dHBzOlwvXC93d3cucG9saWNpYWRlbG5ldXF1ZW4uZ29iLmFyXC93cC1jb250ZW50XC91cGxvYWRzXC8yMDI0XC8wM1wvV2hhdHNBcHAtSW1hZ2UtMjAyNC0wMy0wNy1hdC02LjE3LjI4LVBNLmpwZWciLCJzbGlkZXNob3ciOiJiOWYzMDNlIn0%3D\" href='https:\/\/www.policiadelneuquen.gob.ar\/wp-content\/uploads\/2024\/03\/WhatsApp-Image-2024-03-07-at-6.17.28-PM.jpeg'><img decoding=\"async\" width=\"150\" height=\"150\" src=\"https:\/\/www.policiadelneuquen.gob.ar\/wp-content\/uploads\/2024\/03\/WhatsApp-Image-2024-03-07-at-6.17.28-PM-150x150.jpeg\" class=\"attachment-thumbnail size-thumbnail\" alt=\"\" srcset=\"https:\/\/www.policiadelneuquen.gob.ar\/wp-content\/uploads\/2024\/03\/WhatsApp-Image-2024-03-07-at-6.17.28-PM-150x150.jpeg 150w, https:\/\/www.policiadelneuquen.gob.ar\/wp-content\/uploads\/2024\/03\/WhatsApp-Image-2024-03-07-at-6.17.28-PM-250x250.jpeg 250w\" sizes=\"(max-width: 150px) 100vw, 150px\" \/><\/a>\n\t\t\t<\/div><\/figure><figure class='gallery-item'>\n\t\t\t<div class='gallery-icon landscape'>\n\t\t\t\t<a data-elementor-open-lightbox=\"yes\" data-elementor-lightbox-slideshow=\"b9f303e\" data-elementor-lightbox-title=\"WhatsApp Image 2024-03-07 at 6.17.25 PM\" data-e-action-hash=\"#elementor-action%3Aaction%3Dlightbox%26settings%3DeyJpZCI6NTI3NjEsInVybCI6Imh0dHBzOlwvXC93d3cucG9saWNpYWRlbG5ldXF1ZW4uZ29iLmFyXC93cC1jb250ZW50XC91cGxvYWRzXC8yMDI0XC8wM1wvV2hhdHNBcHAtSW1hZ2UtMjAyNC0wMy0wNy1hdC02LjE3LjI1LVBNLmpwZWciLCJzbGlkZXNob3ciOiJiOWYzMDNlIn0%3D\" href='https:\/\/www.policiadelneuquen.gob.ar\/wp-content\/uploads\/2024\/03\/WhatsApp-Image-2024-03-07-at-6.17.25-PM.jpeg'><img decoding=\"async\" width=\"150\" height=\"150\" src=\"https:\/\/www.policiadelneuquen.gob.ar\/wp-content\/uploads\/2024\/03\/WhatsApp-Image-2024-03-07-at-6.17.25-PM-150x150.jpeg\" class=\"attachment-thumbnail size-thumbnail\" alt=\"\" srcset=\"https:\/\/www.policiadelneuquen.gob.ar\/wp-content\/uploads\/2024\/03\/WhatsApp-Image-2024-03-07-at-6.17.25-PM-150x150.jpeg 150w, https:\/\/www.policiadelneuquen.gob.ar\/wp-content\/uploads\/2024\/03\/WhatsApp-Image-2024-03-07-at-6.17.25-PM-250x250.jpeg 250w\" sizes=\"(max-width: 150px) 100vw, 150px\" \/><\/a>\n\t\t\t<\/div><\/figure><figure class='gallery-item'>\n\t\t\t<div class='gallery-icon landscape'>\n\t\t\t\t<a data-elementor-open-lightbox=\"yes\" data-elementor-lightbox-slideshow=\"b9f303e\" data-elementor-lightbox-title=\"WhatsApp Image 2024-03-07 at 6.17.25 PM(1)\" data-e-action-hash=\"#elementor-action%3Aaction%3Dlightbox%26settings%3DeyJpZCI6NTI3NjAsInVybCI6Imh0dHBzOlwvXC93d3cucG9saWNpYWRlbG5ldXF1ZW4uZ29iLmFyXC93cC1jb250ZW50XC91cGxvYWRzXC8yMDI0XC8wM1wvV2hhdHNBcHAtSW1hZ2UtMjAyNC0wMy0wNy1hdC02LjE3LjI1LVBNMS5qcGVnIiwic2xpZGVzaG93IjoiYjlmMzAzZSJ9\" href='https:\/\/www.policiadelneuquen.gob.ar\/wp-content\/uploads\/2024\/03\/WhatsApp-Image-2024-03-07-at-6.17.25-PM1.jpeg'><img decoding=\"async\" width=\"150\" height=\"150\" src=\"https:\/\/www.policiadelneuquen.gob.ar\/wp-content\/uploads\/2024\/03\/WhatsApp-Image-2024-03-07-at-6.17.25-PM1-150x150.jpeg\" class=\"attachment-thumbnail size-thumbnail\" alt=\"\" \/><\/a>\n\t\t\t<\/div><\/figure><figure class='gallery-item'>\n\t\t\t<div class='gallery-icon landscape'>\n\t\t\t\t<a data-elementor-open-lightbox=\"yes\" data-elementor-lightbox-slideshow=\"b9f303e\" data-elementor-lightbox-title=\"WhatsApp Image 2024-03-07 at 6.17.24 PM\" data-e-action-hash=\"#elementor-action%3Aaction%3Dlightbox%26settings%3DeyJpZCI6NTI3NTksInVybCI6Imh0dHBzOlwvXC93d3cucG9saWNpYWRlbG5ldXF1ZW4uZ29iLmFyXC93cC1jb250ZW50XC91cGxvYWRzXC8yMDI0XC8wM1wvV2hhdHNBcHAtSW1hZ2UtMjAyNC0wMy0wNy1hdC02LjE3LjI0LVBNLmpwZWciLCJzbGlkZXNob3ciOiJiOWYzMDNlIn0%3D\" href='https:\/\/www.policiadelneuquen.gob.ar\/wp-content\/uploads\/2024\/03\/WhatsApp-Image-2024-03-07-at-6.17.24-PM.jpeg'><img loading=\"lazy\" decoding=\"async\" width=\"150\" height=\"150\" src=\"https:\/\/www.policiadelneuquen.gob.ar\/wp-content\/uploads\/2024\/03\/WhatsApp-Image-2024-03-07-at-6.17.24-PM-150x150.jpeg\" class=\"attachment-thumbnail size-thumbnail\" alt=\"\" srcset=\"https:\/\/www.policiadelneuquen.gob.ar\/wp-content\/uploads\/2024\/03\/WhatsApp-Image-2024-03-07-at-6.17.24-PM-150x150.jpeg 150w, https:\/\/www.policiadelneuquen.gob.ar\/wp-content\/uploads\/2024\/03\/WhatsApp-Image-2024-03-07-at-6.17.24-PM-250x250.jpeg 250w\" sizes=\"(max-width: 150px) 100vw, 150px\" \/><\/a>\n\t\t\t<\/div><\/figure><figure class='gallery-item'>\n\t\t\t<div class='gallery-icon landscape'>\n\t\t\t\t<a data-elementor-open-lightbox=\"yes\" data-elementor-lightbox-slideshow=\"b9f303e\" data-elementor-lightbox-title=\"WhatsApp Image 2024-03-07 at 6.17.24 PM(1)\" data-e-action-hash=\"#elementor-action%3Aaction%3Dlightbox%26settings%3DeyJpZCI6NTI3NTgsInVybCI6Imh0dHBzOlwvXC93d3cucG9saWNpYWRlbG5ldXF1ZW4uZ29iLmFyXC93cC1jb250ZW50XC91cGxvYWRzXC8yMDI0XC8wM1wvV2hhdHNBcHAtSW1hZ2UtMjAyNC0wMy0wNy1hdC02LjE3LjI0LVBNMS5qcGVnIiwic2xpZGVzaG93IjoiYjlmMzAzZSJ9\" href='https:\/\/www.policiadelneuquen.gob.ar\/wp-content\/uploads\/2024\/03\/WhatsApp-Image-2024-03-07-at-6.17.24-PM1.jpeg'><img loading=\"lazy\" decoding=\"async\" width=\"150\" height=\"150\" src=\"https:\/\/www.policiadelneuquen.gob.ar\/wp-content\/uploads\/2024\/03\/WhatsApp-Image-2024-03-07-at-6.17.24-PM1-150x150.jpeg\" class=\"attachment-thumbnail size-thumbnail\" alt=\"\" srcset=\"https:\/\/www.policiadelneuquen.gob.ar\/wp-content\/uploads\/2024\/03\/WhatsApp-Image-2024-03-07-at-6.17.24-PM1-150x150.jpeg 150w, https:\/\/www.policiadelneuquen.gob.ar\/wp-content\/uploads\/2024\/03\/WhatsApp-Image-2024-03-07-at-6.17.24-PM1-250x250.jpeg 250w\" sizes=\"(max-width: 150px) 100vw, 150px\" \/><\/a>\n\t\t\t<\/div><\/figure><figure class='gallery-item'>\n\t\t\t<div class='gallery-icon landscape'>\n\t\t\t\t<a data-elementor-open-lightbox=\"yes\" data-elementor-lightbox-slideshow=\"b9f303e\" data-elementor-lightbox-title=\"WhatsApp Image 2024-03-07 at 6.17.23 PM\" data-e-action-hash=\"#elementor-action%3Aaction%3Dlightbox%26settings%3DeyJpZCI6NTI3NTcsInVybCI6Imh0dHBzOlwvXC93d3cucG9saWNpYWRlbG5ldXF1ZW4uZ29iLmFyXC93cC1jb250ZW50XC91cGxvYWRzXC8yMDI0XC8wM1wvV2hhdHNBcHAtSW1hZ2UtMjAyNC0wMy0wNy1hdC02LjE3LjIzLVBNLmpwZWciLCJzbGlkZXNob3ciOiJiOWYzMDNlIn0%3D\" href='https:\/\/www.policiadelneuquen.gob.ar\/wp-content\/uploads\/2024\/03\/WhatsApp-Image-2024-03-07-at-6.17.23-PM.jpeg'><img loading=\"lazy\" decoding=\"async\" width=\"150\" height=\"150\" src=\"https:\/\/www.policiadelneuquen.gob.ar\/wp-content\/uploads\/2024\/03\/WhatsApp-Image-2024-03-07-at-6.17.23-PM-150x150.jpeg\" class=\"attachment-thumbnail size-thumbnail\" alt=\"\" srcset=\"https:\/\/www.policiadelneuquen.gob.ar\/wp-content\/uploads\/2024\/03\/WhatsApp-Image-2024-03-07-at-6.17.23-PM-150x150.jpeg 150w, https:\/\/www.policiadelneuquen.gob.ar\/wp-content\/uploads\/2024\/03\/WhatsApp-Image-2024-03-07-at-6.17.23-PM-250x250.jpeg 250w\" sizes=\"(max-width: 150px) 100vw, 150px\" \/><\/a>\n\t\t\t<\/div><\/figure><figure class='gallery-item'>\n\t\t\t<div class='gallery-icon landscape'>\n\t\t\t\t<a data-elementor-open-lightbox=\"yes\" data-elementor-lightbox-slideshow=\"b9f303e\" data-elementor-lightbox-title=\"WhatsApp Image 2024-03-07 at 6.17.22 PM\" data-e-action-hash=\"#elementor-action%3Aaction%3Dlightbox%26settings%3DeyJpZCI6NTI3NTYsInVybCI6Imh0dHBzOlwvXC93d3cucG9saWNpYWRlbG5ldXF1ZW4uZ29iLmFyXC93cC1jb250ZW50XC91cGxvYWRzXC8yMDI0XC8wM1wvV2hhdHNBcHAtSW1hZ2UtMjAyNC0wMy0wNy1hdC02LjE3LjIyLVBNLmpwZWciLCJzbGlkZXNob3ciOiJiOWYzMDNlIn0%3D\" href='https:\/\/www.policiadelneuquen.gob.ar\/wp-content\/uploads\/2024\/03\/WhatsApp-Image-2024-03-07-at-6.17.22-PM.jpeg'><img loading=\"lazy\" decoding=\"async\" width=\"150\" height=\"150\" src=\"https:\/\/www.policiadelneuquen.gob.ar\/wp-content\/uploads\/2024\/03\/WhatsApp-Image-2024-03-07-at-6.17.22-PM-150x150.jpeg\" class=\"attachment-thumbnail size-thumbnail\" alt=\"\" srcset=\"https:\/\/www.policiadelneuquen.gob.ar\/wp-content\/uploads\/2024\/03\/WhatsApp-Image-2024-03-07-at-6.17.22-PM-150x150.jpeg 150w, https:\/\/www.policiadelneuquen.gob.ar\/wp-content\/uploads\/2024\/03\/WhatsApp-Image-2024-03-07-at-6.17.22-PM-250x250.jpeg 250w\" sizes=\"(max-width: 150px) 100vw, 150px\" \/><\/a>\n\t\t\t<\/div><\/figure><figure class='gallery-item'>\n\t\t\t<div class='gallery-icon landscape'>\n\t\t\t\t<a data-elementor-open-lightbox=\"yes\" data-elementor-lightbox-slideshow=\"b9f303e\" data-elementor-lightbox-title=\"WhatsApp Image 2024-03-07 at 6.17.00 PM\" data-e-action-hash=\"#elementor-action%3Aaction%3Dlightbox%26settings%3DeyJpZCI6NTI3NDksInVybCI6Imh0dHBzOlwvXC93d3cucG9saWNpYWRlbG5ldXF1ZW4uZ29iLmFyXC93cC1jb250ZW50XC91cGxvYWRzXC8yMDI0XC8wM1wvV2hhdHNBcHAtSW1hZ2UtMjAyNC0wMy0wNy1hdC02LjE3LjAwLVBNLmpwZWciLCJzbGlkZXNob3ciOiJiOWYzMDNlIn0%3D\" href='https:\/\/www.policiadelneuquen.gob.ar\/wp-content\/uploads\/2024\/03\/WhatsApp-Image-2024-03-07-at-6.17.00-PM.jpeg'><img loading=\"lazy\" decoding=\"async\" width=\"150\" height=\"150\" src=\"https:\/\/www.policiadelneuquen.gob.ar\/wp-content\/uploads\/2024\/03\/WhatsApp-Image-2024-03-07-at-6.17.00-PM-150x150.jpeg\" class=\"attachment-thumbnail size-thumbnail\" alt=\"\" srcset=\"https:\/\/www.policiadelneuquen.gob.ar\/wp-content\/uploads\/2024\/03\/WhatsApp-Image-2024-03-07-at-6.17.00-PM-150x150.jpeg 150w, https:\/\/www.policiadelneuquen.gob.ar\/wp-content\/uploads\/2024\/03\/WhatsApp-Image-2024-03-07-at-6.17.00-PM-250x250.jpeg 250w\" sizes=\"(max-width: 150px) 100vw, 150px\" \/><\/a>\n\t\t\t<\/div><\/figure><figure class='gallery-item'>\n\t\t\t<div class='gallery-icon landscape'>\n\t\t\t\t<a data-elementor-open-lightbox=\"yes\" data-elementor-lightbox-slideshow=\"b9f303e\" data-elementor-lightbox-title=\"WhatsApp Image 2024-03-07 at 6.17.05 PM\" data-e-action-hash=\"#elementor-action%3Aaction%3Dlightbox%26settings%3DeyJpZCI6NTI3NTAsInVybCI6Imh0dHBzOlwvXC93d3cucG9saWNpYWRlbG5ldXF1ZW4uZ29iLmFyXC93cC1jb250ZW50XC91cGxvYWRzXC8yMDI0XC8wM1wvV2hhdHNBcHAtSW1hZ2UtMjAyNC0wMy0wNy1hdC02LjE3LjA1LVBNLmpwZWciLCJzbGlkZXNob3ciOiJiOWYzMDNlIn0%3D\" href='https:\/\/www.policiadelneuquen.gob.ar\/wp-content\/uploads\/2024\/03\/WhatsApp-Image-2024-03-07-at-6.17.05-PM.jpeg'><img loading=\"lazy\" decoding=\"async\" width=\"150\" height=\"150\" src=\"https:\/\/www.policiadelneuquen.gob.ar\/wp-content\/uploads\/2024\/03\/WhatsApp-Image-2024-03-07-at-6.17.05-PM-150x150.jpeg\" class=\"attachment-thumbnail size-thumbnail\" alt=\"\" srcset=\"https:\/\/www.policiadelneuquen.gob.ar\/wp-content\/uploads\/2024\/03\/WhatsApp-Image-2024-03-07-at-6.17.05-PM-150x150.jpeg 150w, https:\/\/www.policiadelneuquen.gob.ar\/wp-content\/uploads\/2024\/03\/WhatsApp-Image-2024-03-07-at-6.17.05-PM-250x250.jpeg 250w\" sizes=\"(max-width: 150px) 100vw, 150px\" \/><\/a>\n\t\t\t<\/div><\/figure><figure class='gallery-item'>\n\t\t\t<div class='gallery-icon landscape'>\n\t\t\t\t<a data-elementor-open-lightbox=\"yes\" data-elementor-lightbox-slideshow=\"b9f303e\" data-elementor-lightbox-title=\"WhatsApp Image 2024-03-07 at 6.17.09 PM\" data-e-action-hash=\"#elementor-action%3Aaction%3Dlightbox%26settings%3DeyJpZCI6NTI3NTEsInVybCI6Imh0dHBzOlwvXC93d3cucG9saWNpYWRlbG5ldXF1ZW4uZ29iLmFyXC93cC1jb250ZW50XC91cGxvYWRzXC8yMDI0XC8wM1wvV2hhdHNBcHAtSW1hZ2UtMjAyNC0wMy0wNy1hdC02LjE3LjA5LVBNLmpwZWciLCJzbGlkZXNob3ciOiJiOWYzMDNlIn0%3D\" href='https:\/\/www.policiadelneuquen.gob.ar\/wp-content\/uploads\/2024\/03\/WhatsApp-Image-2024-03-07-at-6.17.09-PM.jpeg'><img loading=\"lazy\" decoding=\"async\" width=\"150\" height=\"150\" src=\"https:\/\/www.policiadelneuquen.gob.ar\/wp-content\/uploads\/2024\/03\/WhatsApp-Image-2024-03-07-at-6.17.09-PM-150x150.jpeg\" class=\"attachment-thumbnail size-thumbnail\" alt=\"\" srcset=\"https:\/\/www.policiadelneuquen.gob.ar\/wp-content\/uploads\/2024\/03\/WhatsApp-Image-2024-03-07-at-6.17.09-PM-150x150.jpeg 150w, https:\/\/www.policiadelneuquen.gob.ar\/wp-content\/uploads\/2024\/03\/WhatsApp-Image-2024-03-07-at-6.17.09-PM-250x250.jpeg 250w\" sizes=\"(max-width: 150px) 100vw, 150px\" \/><\/a>\n\t\t\t<\/div><\/figure><figure class='gallery-item'>\n\t\t\t<div class='gallery-icon landscape'>\n\t\t\t\t<a data-elementor-open-lightbox=\"yes\" data-elementor-lightbox-slideshow=\"b9f303e\" data-elementor-lightbox-title=\"WhatsApp Image 2024-03-07 at 6.17.14 PM\" data-e-action-hash=\"#elementor-action%3Aaction%3Dlightbox%26settings%3DeyJpZCI6NTI3NTIsInVybCI6Imh0dHBzOlwvXC93d3cucG9saWNpYWRlbG5ldXF1ZW4uZ29iLmFyXC93cC1jb250ZW50XC91cGxvYWRzXC8yMDI0XC8wM1wvV2hhdHNBcHAtSW1hZ2UtMjAyNC0wMy0wNy1hdC02LjE3LjE0LVBNLmpwZWciLCJzbGlkZXNob3ciOiJiOWYzMDNlIn0%3D\" href='https:\/\/www.policiadelneuquen.gob.ar\/wp-content\/uploads\/2024\/03\/WhatsApp-Image-2024-03-07-at-6.17.14-PM.jpeg'><img loading=\"lazy\" decoding=\"async\" width=\"150\" height=\"150\" src=\"https:\/\/www.policiadelneuquen.gob.ar\/wp-content\/uploads\/2024\/03\/WhatsApp-Image-2024-03-07-at-6.17.14-PM-150x150.jpeg\" class=\"attachment-thumbnail size-thumbnail\" alt=\"\" srcset=\"https:\/\/www.policiadelneuquen.gob.ar\/wp-content\/uploads\/2024\/03\/WhatsApp-Image-2024-03-07-at-6.17.14-PM-150x150.jpeg 150w, https:\/\/www.policiadelneuquen.gob.ar\/wp-content\/uploads\/2024\/03\/WhatsApp-Image-2024-03-07-at-6.17.14-PM-250x250.jpeg 250w\" sizes=\"(max-width: 150px) 100vw, 150px\" \/><\/a>\n\t\t\t<\/div><\/figure><figure class='gallery-item'>\n\t\t\t<div class='gallery-icon landscape'>\n\t\t\t\t<a data-elementor-open-lightbox=\"yes\" data-elementor-lightbox-slideshow=\"b9f303e\" data-elementor-lightbox-title=\"WhatsApp Image 2024-03-07 at 6.17.19 PM\" data-e-action-hash=\"#elementor-action%3Aaction%3Dlightbox%26settings%3DeyJpZCI6NTI3NTMsInVybCI6Imh0dHBzOlwvXC93d3cucG9saWNpYWRlbG5ldXF1ZW4uZ29iLmFyXC93cC1jb250ZW50XC91cGxvYWRzXC8yMDI0XC8wM1wvV2hhdHNBcHAtSW1hZ2UtMjAyNC0wMy0wNy1hdC02LjE3LjE5LVBNLmpwZWciLCJzbGlkZXNob3ciOiJiOWYzMDNlIn0%3D\" href='https:\/\/www.policiadelneuquen.gob.ar\/wp-content\/uploads\/2024\/03\/WhatsApp-Image-2024-03-07-at-6.17.19-PM.jpeg'><img loading=\"lazy\" decoding=\"async\" width=\"150\" height=\"150\" src=\"https:\/\/www.policiadelneuquen.gob.ar\/wp-content\/uploads\/2024\/03\/WhatsApp-Image-2024-03-07-at-6.17.19-PM-150x150.jpeg\" class=\"attachment-thumbnail size-thumbnail\" alt=\"\" srcset=\"https:\/\/www.policiadelneuquen.gob.ar\/wp-content\/uploads\/2024\/03\/WhatsApp-Image-2024-03-07-at-6.17.19-PM-150x150.jpeg 150w, https:\/\/www.policiadelneuquen.gob.ar\/wp-content\/uploads\/2024\/03\/WhatsApp-Image-2024-03-07-at-6.17.19-PM-250x250.jpeg 250w\" sizes=\"(max-width: 150px) 100vw, 150px\" \/><\/a>\n\t\t\t<\/div><\/figure><figure class='gallery-item'>\n\t\t\t<div class='gallery-icon landscape'>\n\t\t\t\t<a data-elementor-open-lightbox=\"yes\" data-elementor-lightbox-slideshow=\"b9f303e\" data-elementor-lightbox-title=\"WhatsApp Image 2024-03-07 at 6.17.20 PM\" data-e-action-hash=\"#elementor-action%3Aaction%3Dlightbox%26settings%3DeyJpZCI6NTI3NTQsInVybCI6Imh0dHBzOlwvXC93d3cucG9saWNpYWRlbG5ldXF1ZW4uZ29iLmFyXC93cC1jb250ZW50XC91cGxvYWRzXC8yMDI0XC8wM1wvV2hhdHNBcHAtSW1hZ2UtMjAyNC0wMy0wNy1hdC02LjE3LjIwLVBNLmpwZWciLCJzbGlkZXNob3ciOiJiOWYzMDNlIn0%3D\" href='https:\/\/www.policiadelneuquen.gob.ar\/wp-content\/uploads\/2024\/03\/WhatsApp-Image-2024-03-07-at-6.17.20-PM.jpeg'><img loading=\"lazy\" decoding=\"async\" width=\"150\" height=\"150\" src=\"https:\/\/www.policiadelneuquen.gob.ar\/wp-content\/uploads\/2024\/03\/WhatsApp-Image-2024-03-07-at-6.17.20-PM-150x150.jpeg\" class=\"attachment-thumbnail size-thumbnail\" alt=\"\" srcset=\"https:\/\/www.policiadelneuquen.gob.ar\/wp-content\/uploads\/2024\/03\/WhatsApp-Image-2024-03-07-at-6.17.20-PM-150x150.jpeg 150w, https:\/\/www.policiadelneuquen.gob.ar\/wp-content\/uploads\/2024\/03\/WhatsApp-Image-2024-03-07-at-6.17.20-PM-250x250.jpeg 250w\" sizes=\"(max-width: 150px) 100vw, 150px\" \/><\/a>\n\t\t\t<\/div><\/figure><figure class='gallery-item'>\n\t\t\t<div class='gallery-icon landscape'>\n\t\t\t\t<a data-elementor-open-lightbox=\"yes\" data-elementor-lightbox-slideshow=\"b9f303e\" data-elementor-lightbox-title=\"WhatsApp Image 2024-03-07 at 6.17.21 PM\" data-e-action-hash=\"#elementor-action%3Aaction%3Dlightbox%26settings%3DeyJpZCI6NTI3NTUsInVybCI6Imh0dHBzOlwvXC93d3cucG9saWNpYWRlbG5ldXF1ZW4uZ29iLmFyXC93cC1jb250ZW50XC91cGxvYWRzXC8yMDI0XC8wM1wvV2hhdHNBcHAtSW1hZ2UtMjAyNC0wMy0wNy1hdC02LjE3LjIxLVBNLmpwZWciLCJzbGlkZXNob3ciOiJiOWYzMDNlIn0%3D\" href='https:\/\/www.policiadelneuquen.gob.ar\/wp-content\/uploads\/2024\/03\/WhatsApp-Image-2024-03-07-at-6.17.21-PM.jpeg'><img loading=\"lazy\" decoding=\"async\" width=\"150\" height=\"150\" src=\"https:\/\/www.policiadelneuquen.gob.ar\/wp-content\/uploads\/2024\/03\/WhatsApp-Image-2024-03-07-at-6.17.21-PM-150x150.jpeg\" class=\"attachment-thumbnail size-thumbnail\" alt=\"\" srcset=\"https:\/\/www.policiadelneuquen.gob.ar\/wp-content\/uploads\/2024\/03\/WhatsApp-Image-2024-03-07-at-6.17.21-PM-150x150.jpeg 150w, https:\/\/www.policiadelneuquen.gob.ar\/wp-content\/uploads\/2024\/03\/WhatsApp-Image-2024-03-07-at-6.17.21-PM-250x250.jpeg 250w\" sizes=\"(max-width: 150px) 100vw, 150px\" \/><\/a>\n\t\t\t<\/div><\/figure><figure class='gallery-item'>\n\t\t\t<div class='gallery-icon landscape'>\n\t\t\t\t<a data-elementor-open-lightbox=\"yes\" data-elementor-lightbox-slideshow=\"b9f303e\" data-elementor-lightbox-title=\"WhatsApp Image 2024-03-07 at 6.16.55 PM\" data-e-action-hash=\"#elementor-action%3Aaction%3Dlightbox%26settings%3DeyJpZCI6NTI3NDgsInVybCI6Imh0dHBzOlwvXC93d3cucG9saWNpYWRlbG5ldXF1ZW4uZ29iLmFyXC93cC1jb250ZW50XC91cGxvYWRzXC8yMDI0XC8wM1wvV2hhdHNBcHAtSW1hZ2UtMjAyNC0wMy0wNy1hdC02LjE2LjU1LVBNLmpwZWciLCJzbGlkZXNob3ciOiJiOWYzMDNlIn0%3D\" href='https:\/\/www.policiadelneuquen.gob.ar\/wp-content\/uploads\/2024\/03\/WhatsApp-Image-2024-03-07-at-6.16.55-PM.jpeg'><img loading=\"lazy\" decoding=\"async\" width=\"150\" height=\"150\" src=\"https:\/\/www.policiadelneuquen.gob.ar\/wp-content\/uploads\/2024\/03\/WhatsApp-Image-2024-03-07-at-6.16.55-PM-150x150.jpeg\" class=\"attachment-thumbnail size-thumbnail\" alt=\"\" srcset=\"https:\/\/www.policiadelneuquen.gob.ar\/wp-content\/uploads\/2024\/03\/WhatsApp-Image-2024-03-07-at-6.16.55-PM-150x150.jpeg 150w, https:\/\/www.policiadelneuquen.gob.ar\/wp-content\/uploads\/2024\/03\/WhatsApp-Image-2024-03-07-at-6.16.55-PM-250x250.jpeg 250w\" sizes=\"(max-width: 150px) 100vw, 150px\" \/><\/a>\n\t\t\t<\/div><\/figure><figure class='gallery-item'>\n\t\t\t<div class='gallery-icon landscape'>\n\t\t\t\t<a data-elementor-open-lightbox=\"yes\" data-elementor-lightbox-slideshow=\"b9f303e\" data-elementor-lightbox-title=\"WhatsApp Image 2024-03-07 at 6.16.50 PM\" data-e-action-hash=\"#elementor-action%3Aaction%3Dlightbox%26settings%3DeyJpZCI6NTI3NDcsInVybCI6Imh0dHBzOlwvXC93d3cucG9saWNpYWRlbG5ldXF1ZW4uZ29iLmFyXC93cC1jb250ZW50XC91cGxvYWRzXC8yMDI0XC8wM1wvV2hhdHNBcHAtSW1hZ2UtMjAyNC0wMy0wNy1hdC02LjE2LjUwLVBNLmpwZWciLCJzbGlkZXNob3ciOiJiOWYzMDNlIn0%3D\" href='https:\/\/www.policiadelneuquen.gob.ar\/wp-content\/uploads\/2024\/03\/WhatsApp-Image-2024-03-07-at-6.16.50-PM.jpeg'><img loading=\"lazy\" decoding=\"async\" width=\"150\" height=\"150\" src=\"https:\/\/www.policiadelneuquen.gob.ar\/wp-content\/uploads\/2024\/03\/WhatsApp-Image-2024-03-07-at-6.16.50-PM-150x150.jpeg\" class=\"attachment-thumbnail size-thumbnail\" alt=\"\" srcset=\"https:\/\/www.policiadelneuquen.gob.ar\/wp-content\/uploads\/2024\/03\/WhatsApp-Image-2024-03-07-at-6.16.50-PM-150x150.jpeg 150w, https:\/\/www.policiadelneuquen.gob.ar\/wp-content\/uploads\/2024\/03\/WhatsApp-Image-2024-03-07-at-6.16.50-PM-250x250.jpeg 250w\" sizes=\"(max-width: 150px) 100vw, 150px\" \/><\/a>\n\t\t\t<\/div><\/figure><figure class='gallery-item'>\n\t\t\t<div class='gallery-icon landscape'>\n\t\t\t\t<a data-elementor-open-lightbox=\"yes\" data-elementor-lightbox-slideshow=\"b9f303e\" data-elementor-lightbox-title=\"WhatsApp Image 2024-03-07 at 6.16.36 PM\" data-e-action-hash=\"#elementor-action%3Aaction%3Dlightbox%26settings%3DeyJpZCI6NTI3NDYsInVybCI6Imh0dHBzOlwvXC93d3cucG9saWNpYWRlbG5ldXF1ZW4uZ29iLmFyXC93cC1jb250ZW50XC91cGxvYWRzXC8yMDI0XC8wM1wvV2hhdHNBcHAtSW1hZ2UtMjAyNC0wMy0wNy1hdC02LjE2LjM2LVBNLmpwZWciLCJzbGlkZXNob3ciOiJiOWYzMDNlIn0%3D\" href='https:\/\/www.policiadelneuquen.gob.ar\/wp-content\/uploads\/2024\/03\/WhatsApp-Image-2024-03-07-at-6.16.36-PM.jpeg'><img loading=\"lazy\" decoding=\"async\" width=\"150\" height=\"150\" src=\"https:\/\/www.policiadelneuquen.gob.ar\/wp-content\/uploads\/2024\/03\/WhatsApp-Image-2024-03-07-at-6.16.36-PM-150x150.jpeg\" class=\"attachment-thumbnail size-thumbnail\" alt=\"\" srcset=\"https:\/\/www.policiadelneuquen.gob.ar\/wp-content\/uploads\/2024\/03\/WhatsApp-Image-2024-03-07-at-6.16.36-PM-150x150.jpeg 150w, https:\/\/www.policiadelneuquen.gob.ar\/wp-content\/uploads\/2024\/03\/WhatsApp-Image-2024-03-07-at-6.16.36-PM-250x250.jpeg 250w\" sizes=\"(max-width: 150px) 100vw, 150px\" \/><\/a>\n\t\t\t<\/div><\/figure><figure class='gallery-item'>\n\t\t\t<div class='gallery-icon portrait'>\n\t\t\t\t<a data-elementor-open-lightbox=\"yes\" data-elementor-lightbox-slideshow=\"b9f303e\" data-elementor-lightbox-title=\"WhatsApp Image 2024-03-07 at 6.16.36 PM(2)\" data-e-action-hash=\"#elementor-action%3Aaction%3Dlightbox%26settings%3DeyJpZCI6NTI3NDUsInVybCI6Imh0dHBzOlwvXC93d3cucG9saWNpYWRlbG5ldXF1ZW4uZ29iLmFyXC93cC1jb250ZW50XC91cGxvYWRzXC8yMDI0XC8wM1wvV2hhdHNBcHAtSW1hZ2UtMjAyNC0wMy0wNy1hdC02LjE2LjM2LVBNMi5qcGVnIiwic2xpZGVzaG93IjoiYjlmMzAzZSJ9\" href='https:\/\/www.policiadelneuquen.gob.ar\/wp-content\/uploads\/2024\/03\/WhatsApp-Image-2024-03-07-at-6.16.36-PM2.jpeg'><img loading=\"lazy\" decoding=\"async\" width=\"150\" height=\"150\" src=\"https:\/\/www.policiadelneuquen.gob.ar\/wp-content\/uploads\/2024\/03\/WhatsApp-Image-2024-03-07-at-6.16.36-PM2-150x150.jpeg\" class=\"attachment-thumbnail size-thumbnail\" alt=\"\" srcset=\"https:\/\/www.policiadelneuquen.gob.ar\/wp-content\/uploads\/2024\/03\/WhatsApp-Image-2024-03-07-at-6.16.36-PM2-150x150.jpeg 150w, https:\/\/www.policiadelneuquen.gob.ar\/wp-content\/uploads\/2024\/03\/WhatsApp-Image-2024-03-07-at-6.16.36-PM2-250x250.jpeg 250w\" sizes=\"(max-width: 150px) 100vw, 150px\" \/><\/a>\n\t\t\t<\/div><\/figure><figure class='gallery-item'>\n\t\t\t<div class='gallery-icon landscape'>\n\t\t\t\t<a data-elementor-open-lightbox=\"yes\" data-elementor-lightbox-slideshow=\"b9f303e\" data-elementor-lightbox-title=\"WhatsApp Image 2024-03-07 at 6.16.36 PM(1)\" data-e-action-hash=\"#elementor-action%3Aaction%3Dlightbox%26settings%3DeyJpZCI6NTI3NDQsInVybCI6Imh0dHBzOlwvXC93d3cucG9saWNpYWRlbG5ldXF1ZW4uZ29iLmFyXC93cC1jb250ZW50XC91cGxvYWRzXC8yMDI0XC8wM1wvV2hhdHNBcHAtSW1hZ2UtMjAyNC0wMy0wNy1hdC02LjE2LjM2LVBNMS5qcGVnIiwic2xpZGVzaG93IjoiYjlmMzAzZSJ9\" href='https:\/\/www.policiadelneuquen.gob.ar\/wp-content\/uploads\/2024\/03\/WhatsApp-Image-2024-03-07-at-6.16.36-PM1.jpeg'><img loading=\"lazy\" decoding=\"async\" width=\"150\" height=\"150\" src=\"https:\/\/www.policiadelneuquen.gob.ar\/wp-content\/uploads\/2024\/03\/WhatsApp-Image-2024-03-07-at-6.16.36-PM1-150x150.jpeg\" class=\"attachment-thumbnail size-thumbnail\" alt=\"\" srcset=\"https:\/\/www.policiadelneuquen.gob.ar\/wp-content\/uploads\/2024\/03\/WhatsApp-Image-2024-03-07-at-6.16.36-PM1-150x150.jpeg 150w, https:\/\/www.policiadelneuquen.gob.ar\/wp-content\/uploads\/2024\/03\/WhatsApp-Image-2024-03-07-at-6.16.36-PM1-250x250.jpeg 250w\" sizes=\"(max-width: 150px) 100vw, 150px\" \/><\/a>\n\t\t\t<\/div><\/figure><figure class='gallery-item'>\n\t\t\t<div class='gallery-icon landscape'>\n\t\t\t\t<a data-elementor-open-lightbox=\"yes\" data-elementor-lightbox-slideshow=\"b9f303e\" data-elementor-lightbox-title=\"WhatsApp Image 2024-03-07 at 6.16.35 PM\" data-e-action-hash=\"#elementor-action%3Aaction%3Dlightbox%26settings%3DeyJpZCI6NTI3NDMsInVybCI6Imh0dHBzOlwvXC93d3cucG9saWNpYWRlbG5ldXF1ZW4uZ29iLmFyXC93cC1jb250ZW50XC91cGxvYWRzXC8yMDI0XC8wM1wvV2hhdHNBcHAtSW1hZ2UtMjAyNC0wMy0wNy1hdC02LjE2LjM1LVBNLmpwZWciLCJzbGlkZXNob3ciOiJiOWYzMDNlIn0%3D\" href='https:\/\/www.policiadelneuquen.gob.ar\/wp-content\/uploads\/2024\/03\/WhatsApp-Image-2024-03-07-at-6.16.35-PM.jpeg'><img loading=\"lazy\" decoding=\"async\" width=\"150\" height=\"150\" src=\"https:\/\/www.policiadelneuquen.gob.ar\/wp-content\/uploads\/2024\/03\/WhatsApp-Image-2024-03-07-at-6.16.35-PM-150x150.jpeg\" class=\"attachment-thumbnail size-thumbnail\" alt=\"\" srcset=\"https:\/\/www.policiadelneuquen.gob.ar\/wp-content\/uploads\/2024\/03\/WhatsApp-Image-2024-03-07-at-6.16.35-PM-150x150.jpeg 150w, https:\/\/www.policiadelneuquen.gob.ar\/wp-content\/uploads\/2024\/03\/WhatsApp-Image-2024-03-07-at-6.16.35-PM-250x250.jpeg 250w\" sizes=\"(max-width: 150px) 100vw, 150px\" \/><\/a>\n\t\t\t<\/div><\/figure><figure class='gallery-item'>\n\t\t\t<div class='gallery-icon landscape'>\n\t\t\t\t<a data-elementor-open-lightbox=\"yes\" data-elementor-lightbox-slideshow=\"b9f303e\" data-elementor-lightbox-title=\"WhatsApp Image 2024-03-07 at 6.16.33 PM\" data-e-action-hash=\"#elementor-action%3Aaction%3Dlightbox%26settings%3DeyJpZCI6NTI3NDIsInVybCI6Imh0dHBzOlwvXC93d3cucG9saWNpYWRlbG5ldXF1ZW4uZ29iLmFyXC93cC1jb250ZW50XC91cGxvYWRzXC8yMDI0XC8wM1wvV2hhdHNBcHAtSW1hZ2UtMjAyNC0wMy0wNy1hdC02LjE2LjMzLVBNLmpwZWciLCJzbGlkZXNob3ciOiJiOWYzMDNlIn0%3D\" href='https:\/\/www.policiadelneuquen.gob.ar\/wp-content\/uploads\/2024\/03\/WhatsApp-Image-2024-03-07-at-6.16.33-PM.jpeg'><img loading=\"lazy\" decoding=\"async\" width=\"150\" height=\"150\" src=\"https:\/\/www.policiadelneuquen.gob.ar\/wp-content\/uploads\/2024\/03\/WhatsApp-Image-2024-03-07-at-6.16.33-PM-150x150.jpeg\" class=\"attachment-thumbnail size-thumbnail\" alt=\"\" srcset=\"https:\/\/www.policiadelneuquen.gob.ar\/wp-content\/uploads\/2024\/03\/WhatsApp-Image-2024-03-07-at-6.16.33-PM-150x150.jpeg 150w, https:\/\/www.policiadelneuquen.gob.ar\/wp-content\/uploads\/2024\/03\/WhatsApp-Image-2024-03-07-at-6.16.33-PM-250x250.jpeg 250w\" sizes=\"(max-width: 150px) 100vw, 150px\" \/><\/a>\n\t\t\t<\/div><\/figure><figure class='gallery-item'>\n\t\t\t<div class='gallery-icon landscape'>\n\t\t\t\t<a data-elementor-open-lightbox=\"yes\" data-elementor-lightbox-slideshow=\"b9f303e\" data-elementor-lightbox-title=\"WhatsApp Image 2024-03-07 at 6.16.19 PM\" data-e-action-hash=\"#elementor-action%3Aaction%3Dlightbox%26settings%3DeyJpZCI6NTI3MzUsInVybCI6Imh0dHBzOlwvXC93d3cucG9saWNpYWRlbG5ldXF1ZW4uZ29iLmFyXC93cC1jb250ZW50XC91cGxvYWRzXC8yMDI0XC8wM1wvV2hhdHNBcHAtSW1hZ2UtMjAyNC0wMy0wNy1hdC02LjE2LjE5LVBNLmpwZWciLCJzbGlkZXNob3ciOiJiOWYzMDNlIn0%3D\" href='https:\/\/www.policiadelneuquen.gob.ar\/wp-content\/uploads\/2024\/03\/WhatsApp-Image-2024-03-07-at-6.16.19-PM.jpeg'><img loading=\"lazy\" decoding=\"async\" width=\"150\" height=\"150\" src=\"https:\/\/www.policiadelneuquen.gob.ar\/wp-content\/uploads\/2024\/03\/WhatsApp-Image-2024-03-07-at-6.16.19-PM-150x150.jpeg\" class=\"attachment-thumbnail size-thumbnail\" alt=\"\" srcset=\"https:\/\/www.policiadelneuquen.gob.ar\/wp-content\/uploads\/2024\/03\/WhatsApp-Image-2024-03-07-at-6.16.19-PM-150x150.jpeg 150w, https:\/\/www.policiadelneuquen.gob.ar\/wp-content\/uploads\/2024\/03\/WhatsApp-Image-2024-03-07-at-6.16.19-PM-250x250.jpeg 250w\" sizes=\"(max-width: 150px) 100vw, 150px\" \/><\/a>\n\t\t\t<\/div><\/figure><figure class='gallery-item'>\n\t\t\t<div class='gallery-icon landscape'>\n\t\t\t\t<a data-elementor-open-lightbox=\"yes\" data-elementor-lightbox-slideshow=\"b9f303e\" data-elementor-lightbox-title=\"WhatsApp Image 2024-03-07 at 6.16.22 PM\" data-e-action-hash=\"#elementor-action%3Aaction%3Dlightbox%26settings%3DeyJpZCI6NTI3MzYsInVybCI6Imh0dHBzOlwvXC93d3cucG9saWNpYWRlbG5ldXF1ZW4uZ29iLmFyXC93cC1jb250ZW50XC91cGxvYWRzXC8yMDI0XC8wM1wvV2hhdHNBcHAtSW1hZ2UtMjAyNC0wMy0wNy1hdC02LjE2LjIyLVBNLmpwZWciLCJzbGlkZXNob3ciOiJiOWYzMDNlIn0%3D\" href='https:\/\/www.policiadelneuquen.gob.ar\/wp-content\/uploads\/2024\/03\/WhatsApp-Image-2024-03-07-at-6.16.22-PM.jpeg'><img loading=\"lazy\" decoding=\"async\" width=\"150\" height=\"150\" src=\"https:\/\/www.policiadelneuquen.gob.ar\/wp-content\/uploads\/2024\/03\/WhatsApp-Image-2024-03-07-at-6.16.22-PM-150x150.jpeg\" class=\"attachment-thumbnail size-thumbnail\" alt=\"\" srcset=\"https:\/\/www.policiadelneuquen.gob.ar\/wp-content\/uploads\/2024\/03\/WhatsApp-Image-2024-03-07-at-6.16.22-PM-150x150.jpeg 150w, https:\/\/www.policiadelneuquen.gob.ar\/wp-content\/uploads\/2024\/03\/WhatsApp-Image-2024-03-07-at-6.16.22-PM-250x250.jpeg 250w\" sizes=\"(max-width: 150px) 100vw, 150px\" \/><\/a>\n\t\t\t<\/div><\/figure><figure class='gallery-item'>\n\t\t\t<div class='gallery-icon landscape'>\n\t\t\t\t<a data-elementor-open-lightbox=\"yes\" data-elementor-lightbox-slideshow=\"b9f303e\" data-elementor-lightbox-title=\"WhatsApp Image 2024-03-07 at 6.16.30 PM(1)\" data-e-action-hash=\"#elementor-action%3Aaction%3Dlightbox%26settings%3DeyJpZCI6NTI3MzcsInVybCI6Imh0dHBzOlwvXC93d3cucG9saWNpYWRlbG5ldXF1ZW4uZ29iLmFyXC93cC1jb250ZW50XC91cGxvYWRzXC8yMDI0XC8wM1wvV2hhdHNBcHAtSW1hZ2UtMjAyNC0wMy0wNy1hdC02LjE2LjMwLVBNMS5qcGVnIiwic2xpZGVzaG93IjoiYjlmMzAzZSJ9\" href='https:\/\/www.policiadelneuquen.gob.ar\/wp-content\/uploads\/2024\/03\/WhatsApp-Image-2024-03-07-at-6.16.30-PM1.jpeg'><img loading=\"lazy\" decoding=\"async\" width=\"150\" height=\"150\" src=\"https:\/\/www.policiadelneuquen.gob.ar\/wp-content\/uploads\/2024\/03\/WhatsApp-Image-2024-03-07-at-6.16.30-PM1-150x150.jpeg\" class=\"attachment-thumbnail size-thumbnail\" alt=\"\" srcset=\"https:\/\/www.policiadelneuquen.gob.ar\/wp-content\/uploads\/2024\/03\/WhatsApp-Image-2024-03-07-at-6.16.30-PM1-150x150.jpeg 150w, https:\/\/www.policiadelneuquen.gob.ar\/wp-content\/uploads\/2024\/03\/WhatsApp-Image-2024-03-07-at-6.16.30-PM1-250x250.jpeg 250w\" sizes=\"(max-width: 150px) 100vw, 150px\" \/><\/a>\n\t\t\t<\/div><\/figure><figure class='gallery-item'>\n\t\t\t<div class='gallery-icon portrait'>\n\t\t\t\t<a data-elementor-open-lightbox=\"yes\" data-elementor-lightbox-slideshow=\"b9f303e\" data-elementor-lightbox-title=\"WhatsApp Image 2024-03-07 at 6.16.30 PM\" data-e-action-hash=\"#elementor-action%3Aaction%3Dlightbox%26settings%3DeyJpZCI6NTI3MzgsInVybCI6Imh0dHBzOlwvXC93d3cucG9saWNpYWRlbG5ldXF1ZW4uZ29iLmFyXC93cC1jb250ZW50XC91cGxvYWRzXC8yMDI0XC8wM1wvV2hhdHNBcHAtSW1hZ2UtMjAyNC0wMy0wNy1hdC02LjE2LjMwLVBNLmpwZWciLCJzbGlkZXNob3ciOiJiOWYzMDNlIn0%3D\" href='https:\/\/www.policiadelneuquen.gob.ar\/wp-content\/uploads\/2024\/03\/WhatsApp-Image-2024-03-07-at-6.16.30-PM.jpeg'><img loading=\"lazy\" decoding=\"async\" width=\"150\" height=\"150\" src=\"https:\/\/www.policiadelneuquen.gob.ar\/wp-content\/uploads\/2024\/03\/WhatsApp-Image-2024-03-07-at-6.16.30-PM-150x150.jpeg\" class=\"attachment-thumbnail size-thumbnail\" alt=\"\" srcset=\"https:\/\/www.policiadelneuquen.gob.ar\/wp-content\/uploads\/2024\/03\/WhatsApp-Image-2024-03-07-at-6.16.30-PM-150x150.jpeg 150w, https:\/\/www.policiadelneuquen.gob.ar\/wp-content\/uploads\/2024\/03\/WhatsApp-Image-2024-03-07-at-6.16.30-PM-250x250.jpeg 250w\" sizes=\"(max-width: 150px) 100vw, 150px\" \/><\/a>\n\t\t\t<\/div><\/figure><figure class='gallery-item'>\n\t\t\t<div class='gallery-icon landscape'>\n\t\t\t\t<a data-elementor-open-lightbox=\"yes\" data-elementor-lightbox-slideshow=\"b9f303e\" data-elementor-lightbox-title=\"WhatsApp Image 2024-03-07 at 6.16.31 PM(1)\" data-e-action-hash=\"#elementor-action%3Aaction%3Dlightbox%26settings%3DeyJpZCI6NTI3MzksInVybCI6Imh0dHBzOlwvXC93d3cucG9saWNpYWRlbG5ldXF1ZW4uZ29iLmFyXC93cC1jb250ZW50XC91cGxvYWRzXC8yMDI0XC8wM1wvV2hhdHNBcHAtSW1hZ2UtMjAyNC0wMy0wNy1hdC02LjE2LjMxLVBNMS5qcGVnIiwic2xpZGVzaG93IjoiYjlmMzAzZSJ9\" href='https:\/\/www.policiadelneuquen.gob.ar\/wp-content\/uploads\/2024\/03\/WhatsApp-Image-2024-03-07-at-6.16.31-PM1.jpeg'><img loading=\"lazy\" decoding=\"async\" width=\"150\" height=\"150\" src=\"https:\/\/www.policiadelneuquen.gob.ar\/wp-content\/uploads\/2024\/03\/WhatsApp-Image-2024-03-07-at-6.16.31-PM1-150x150.jpeg\" class=\"attachment-thumbnail size-thumbnail\" alt=\"\" srcset=\"https:\/\/www.policiadelneuquen.gob.ar\/wp-content\/uploads\/2024\/03\/WhatsApp-Image-2024-03-07-at-6.16.31-PM1-150x150.jpeg 150w, https:\/\/www.policiadelneuquen.gob.ar\/wp-content\/uploads\/2024\/03\/WhatsApp-Image-2024-03-07-at-6.16.31-PM1-250x250.jpeg 250w\" sizes=\"(max-width: 150px) 100vw, 150px\" \/><\/a>\n\t\t\t<\/div><\/figure><figure class='gallery-item'>\n\t\t\t<div class='gallery-icon landscape'>\n\t\t\t\t<a data-elementor-open-lightbox=\"yes\" data-elementor-lightbox-slideshow=\"b9f303e\" data-elementor-lightbox-title=\"WhatsApp Image 2024-03-07 at 6.16.31 PM\" data-e-action-hash=\"#elementor-action%3Aaction%3Dlightbox%26settings%3DeyJpZCI6NTI3NDAsInVybCI6Imh0dHBzOlwvXC93d3cucG9saWNpYWRlbG5ldXF1ZW4uZ29iLmFyXC93cC1jb250ZW50XC91cGxvYWRzXC8yMDI0XC8wM1wvV2hhdHNBcHAtSW1hZ2UtMjAyNC0wMy0wNy1hdC02LjE2LjMxLVBNLmpwZWciLCJzbGlkZXNob3ciOiJiOWYzMDNlIn0%3D\" href='https:\/\/www.policiadelneuquen.gob.ar\/wp-content\/uploads\/2024\/03\/WhatsApp-Image-2024-03-07-at-6.16.31-PM.jpeg'><img loading=\"lazy\" decoding=\"async\" width=\"150\" height=\"150\" src=\"https:\/\/www.policiadelneuquen.gob.ar\/wp-content\/uploads\/2024\/03\/WhatsApp-Image-2024-03-07-at-6.16.31-PM-150x150.jpeg\" class=\"attachment-thumbnail size-thumbnail\" alt=\"\" srcset=\"https:\/\/www.policiadelneuquen.gob.ar\/wp-content\/uploads\/2024\/03\/WhatsApp-Image-2024-03-07-at-6.16.31-PM-150x150.jpeg 150w, https:\/\/www.policiadelneuquen.gob.ar\/wp-content\/uploads\/2024\/03\/WhatsApp-Image-2024-03-07-at-6.16.31-PM-250x250.jpeg 250w\" sizes=\"(max-width: 150px) 100vw, 150px\" \/><\/a>\n\t\t\t<\/div><\/figure><figure class='gallery-item'>\n\t\t\t<div class='gallery-icon landscape'>\n\t\t\t\t<a data-elementor-open-lightbox=\"yes\" data-elementor-lightbox-slideshow=\"b9f303e\" data-elementor-lightbox-title=\"WhatsApp Image 2024-03-07 at 6.16.32 PM\" data-e-action-hash=\"#elementor-action%3Aaction%3Dlightbox%26settings%3DeyJpZCI6NTI3NDEsInVybCI6Imh0dHBzOlwvXC93d3cucG9saWNpYWRlbG5ldXF1ZW4uZ29iLmFyXC93cC1jb250ZW50XC91cGxvYWRzXC8yMDI0XC8wM1wvV2hhdHNBcHAtSW1hZ2UtMjAyNC0wMy0wNy1hdC02LjE2LjMyLVBNLmpwZWciLCJzbGlkZXNob3ciOiJiOWYzMDNlIn0%3D\" href='https:\/\/www.policiadelneuquen.gob.ar\/wp-content\/uploads\/2024\/03\/WhatsApp-Image-2024-03-07-at-6.16.32-PM.jpeg'><img loading=\"lazy\" decoding=\"async\" width=\"150\" height=\"150\" src=\"https:\/\/www.policiadelneuquen.gob.ar\/wp-content\/uploads\/2024\/03\/WhatsApp-Image-2024-03-07-at-6.16.32-PM-150x150.jpeg\" class=\"attachment-thumbnail size-thumbnail\" alt=\"\" srcset=\"https:\/\/www.policiadelneuquen.gob.ar\/wp-content\/uploads\/2024\/03\/WhatsApp-Image-2024-03-07-at-6.16.32-PM-150x150.jpeg 150w, https:\/\/www.policiadelneuquen.gob.ar\/wp-content\/uploads\/2024\/03\/WhatsApp-Image-2024-03-07-at-6.16.32-PM-250x250.jpeg 250w\" sizes=\"(max-width: 150px) 100vw, 150px\" \/><\/a>\n\t\t\t<\/div><\/figure><figure class='gallery-item'>\n\t\t\t<div class='gallery-icon landscape'>\n\t\t\t\t<a data-elementor-open-lightbox=\"yes\" data-elementor-lightbox-slideshow=\"b9f303e\" data-elementor-lightbox-title=\"WhatsApp Image 2024-03-07 at 6.16.16 PM\" data-e-action-hash=\"#elementor-action%3Aaction%3Dlightbox%26settings%3DeyJpZCI6NTI3MzQsInVybCI6Imh0dHBzOlwvXC93d3cucG9saWNpYWRlbG5ldXF1ZW4uZ29iLmFyXC93cC1jb250ZW50XC91cGxvYWRzXC8yMDI0XC8wM1wvV2hhdHNBcHAtSW1hZ2UtMjAyNC0wMy0wNy1hdC02LjE2LjE2LVBNLmpwZWciLCJzbGlkZXNob3ciOiJiOWYzMDNlIn0%3D\" href='https:\/\/www.policiadelneuquen.gob.ar\/wp-content\/uploads\/2024\/03\/WhatsApp-Image-2024-03-07-at-6.16.16-PM.jpeg'><img loading=\"lazy\" decoding=\"async\" width=\"150\" height=\"150\" src=\"https:\/\/www.policiadelneuquen.gob.ar\/wp-content\/uploads\/2024\/03\/WhatsApp-Image-2024-03-07-at-6.16.16-PM-150x150.jpeg\" class=\"attachment-thumbnail size-thumbnail\" alt=\"\" srcset=\"https:\/\/www.policiadelneuquen.gob.ar\/wp-content\/uploads\/2024\/03\/WhatsApp-Image-2024-03-07-at-6.16.16-PM-150x150.jpeg 150w, https:\/\/www.policiadelneuquen.gob.ar\/wp-content\/uploads\/2024\/03\/WhatsApp-Image-2024-03-07-at-6.16.16-PM-250x250.jpeg 250w\" sizes=\"(max-width: 150px) 100vw, 150px\" \/><\/a>\n\t\t\t<\/div><\/figure><figure class='gallery-item'>\n\t\t\t<div class='gallery-icon landscape'>\n\t\t\t\t<a data-elementor-open-lightbox=\"yes\" data-elementor-lightbox-slideshow=\"b9f303e\" data-elementor-lightbox-title=\"WhatsApp Image 2024-03-07 at 6.05.20 PM\" data-e-action-hash=\"#elementor-action%3Aaction%3Dlightbox%26settings%3DeyJpZCI6NTI3MzMsInVybCI6Imh0dHBzOlwvXC93d3cucG9saWNpYWRlbG5ldXF1ZW4uZ29iLmFyXC93cC1jb250ZW50XC91cGxvYWRzXC8yMDI0XC8wM1wvV2hhdHNBcHAtSW1hZ2UtMjAyNC0wMy0wNy1hdC02LjA1LjIwLVBNLmpwZWciLCJzbGlkZXNob3ciOiJiOWYzMDNlIn0%3D\" href='https:\/\/www.policiadelneuquen.gob.ar\/wp-content\/uploads\/2024\/03\/WhatsApp-Image-2024-03-07-at-6.05.20-PM.jpeg'><img loading=\"lazy\" decoding=\"async\" width=\"150\" height=\"150\" src=\"https:\/\/www.policiadelneuquen.gob.ar\/wp-content\/uploads\/2024\/03\/WhatsApp-Image-2024-03-07-at-6.05.20-PM-150x150.jpeg\" class=\"attachment-thumbnail size-thumbnail\" alt=\"\" srcset=\"https:\/\/www.policiadelneuquen.gob.ar\/wp-content\/uploads\/2024\/03\/WhatsApp-Image-2024-03-07-at-6.05.20-PM-150x150.jpeg 150w, https:\/\/www.policiadelneuquen.gob.ar\/wp-content\/uploads\/2024\/03\/WhatsApp-Image-2024-03-07-at-6.05.20-PM-250x250.jpeg 250w\" sizes=\"(max-width: 150px) 100vw, 150px\" \/><\/a>\n\t\t\t<\/div><\/figure><figure class='gallery-item'>\n\t\t\t<div class='gallery-icon landscape'>\n\t\t\t\t<a data-elementor-open-lightbox=\"yes\" data-elementor-lightbox-slideshow=\"b9f303e\" data-elementor-lightbox-title=\"PORTADA\" data-e-action-hash=\"#elementor-action%3Aaction%3Dlightbox%26settings%3DeyJpZCI6NTI3MzIsInVybCI6Imh0dHBzOlwvXC93d3cucG9saWNpYWRlbG5ldXF1ZW4uZ29iLmFyXC93cC1jb250ZW50XC91cGxvYWRzXC8yMDI0XC8wM1wvUE9SVEFEQS5qcGVnIiwic2xpZGVzaG93IjoiYjlmMzAzZSJ9\" href='https:\/\/www.policiadelneuquen.gob.ar\/wp-content\/uploads\/2024\/03\/PORTADA.jpeg'><img loading=\"lazy\" decoding=\"async\" width=\"150\" height=\"150\" src=\"https:\/\/www.policiadelneuquen.gob.ar\/wp-content\/uploads\/2024\/03\/PORTADA-150x150.jpeg\" class=\"attachment-thumbnail size-thumbnail\" alt=\"\" srcset=\"https:\/\/www.policiadelneuquen.gob.ar\/wp-content\/uploads\/2024\/03\/PORTADA-150x150.jpeg 150w, https:\/\/www.policiadelneuquen.gob.ar\/wp-content\/uploads\/2024\/03\/PORTADA-250x250.jpeg 250w\" sizes=\"(max-width: 150px) 100vw, 150px\" \/><\/a>\n\t\t\t<\/div><\/figure>\n\t\t<\/div>\n\t\t<\/div>\n\t\t\t\t\t\t<\/div>\n\t\t\t\t<\/div>\n\t\t\t\t\t<\/div>\n\t\t\t\t<\/div>\n\t\t\t\t<\/div>\n\t\t","protected":false},"excerpt":{"rendered":"<p>Esta tarde (07\/03), se llev\u00f3 a cabo el acto por el 12\u00b0 aniversario del fallecimiento del Suboficial Mayor (PM) Jos\u00e9 Eduardo Aigo, el mismo tuvo lugar en las instalaciones de la Divisi\u00f3n Tr\u00e1nsito Jun\u00edn de los Andes. Minutos despu\u00e9s de las 16:00 inici\u00f3 la ceremonia la cual fue presidida por Ministro de Seguridad Dr. Mat\u00edas [&hellip;]<\/p>\n","protected":false},"author":6,"featured_media":52732,"comment_status":"open","ping_status":"open","sticky":false,"template":"","format":"standard","meta":{"site-sidebar-layout":"default","site-content-layout":"","ast-site-content-layout":"","site-content-style":"default","site-sidebar-style":"default","ast-global-header-display":"","ast-banner-title-visibility":"","ast-main-header-display":"","ast-hfb-above-header-display":"","ast-hfb-below-header-display":"","ast-hfb-mobile-header-display":"","site-post-title":"","ast-breadcrumbs-content":"","ast-featured-img":"","footer-sml-layout":"","theme-transparent-header-meta":"","adv-header-id-meta":"","stick-header-meta":"","header-above-stick-meta":"","header-main-stick-meta":"","header-below-stick-meta":"","astra-migrate-meta-layouts":"default","ast-page-background-enabled":"default","ast-page-background-meta":{"desktop":{"background-color":"","background-image":"","background-repeat":"repeat","background-position":"center center","background-size":"auto","background-attachment":"scroll","background-type":"","background-media":"","overlay-type":"","overlay-color":"","overlay-opacity":"","overlay-gradient":""},"tablet":{"background-color":"","background-image":"","background-repeat":"repeat","background-position":"center center","background-size":"auto","background-attachment":"scroll","background-type":"","background-media":"","overlay-type":"","overlay-color":"","overlay-opacity":"","overlay-gradient":""},"mobile":{"background-color":"","background-image":"","background-repeat":"repeat","background-position":"center center","background-size":"auto","background-attachment":"scroll","background-type":"","background-media":"","overlay-type":"","overlay-color":"","overlay-opacity":"","overlay-gradient":""}},"ast-content-background-meta":{"desktop":{"background-color":"var(--ast-global-color-5)","background-image":"","background-repeat":"repeat","background-position":"center center","background-size":"auto","background-attachment":"scroll","background-type":"","background-media":"","overlay-type":"","overlay-color":"","overlay-opacity":"","overlay-gradient":""},"tablet":{"background-color":"var(--ast-global-color-5)","background-image":"","background-repeat":"repeat","background-position":"center center","background-size":"auto","background-attachment":"scroll","background-type":"","background-media":"","overlay-type":"","overlay-color":"","overlay-opacity":"","overlay-gradient":""},"mobile":{"background-color":"var(--ast-global-color-5)","background-image":"","background-repeat":"repeat","background-position":"center center","background-size":"auto","background-attachment":"scroll","background-type":"","background-media":"","overlay-type":"","overlay-color":"","overlay-opacity":"","overlay-gradient":""}},"footnotes":""},"categories":[1],"tags":[],"class_list":["post-52730","post","type-post","status-publish","format-standard","has-post-thumbnail","hentry","category-sin-categorizar"],"jetpack_featured_media_url":"https:\/\/www.policiadelneuquen.gob.ar\/wp-content\/uploads\/2024\/03\/PORTADA.jpeg","_links":{"self":[{"href":"https:\/\/www.policiadelneuquen.gob.ar\/index.php\/wp-json\/wp\/v2\/posts\/52730","targetHints":{"allow":["GET"]}}],"collection":[{"href":"https:\/\/www.policiadelneuquen.gob.ar\/index.php\/wp-json\/wp\/v2\/posts"}],"about":[{"href":"https:\/\/www.policiadelneuquen.gob.ar\/index.php\/wp-json\/wp\/v2\/types\/post"}],"author":[{"embeddable":true,"href":"https:\/\/www.policiadelneuquen.gob.ar\/index.php\/wp-json\/wp\/v2\/users\/6"}],"replies":[{"embeddable":true,"href":"https:\/\/www.policiadelneuquen.gob.ar\/index.php\/wp-json\/wp\/v2\/comments?post=52730"}],"version-history":[{"count":4,"href":"https:\/\/www.policiadelneuquen.gob.ar\/index.php\/wp-json\/wp\/v2\/posts\/52730\/revisions"}],"predecessor-version":[{"id":52766,"href":"https:\/\/www.policiadelneuquen.gob.ar\/index.php\/wp-json\/wp\/v2\/posts\/52730\/revisions\/52766"}],"wp:featuredmedia":[{"embeddable":true,"href":"https:\/\/www.policiadelneuquen.gob.ar\/index.php\/wp-json\/wp\/v2\/media\/52732"}],"wp:attachment":[{"href":"https:\/\/www.policiadelneuquen.gob.ar\/index.php\/wp-json\/wp\/v2\/media?parent=52730"}],"wp:term":[{"taxonomy":"category","embeddable":true,"href":"https:\/\/www.policiadelneuquen.gob.ar\/index.php\/wp-json\/wp\/v2\/categories?post=52730"},{"taxonomy":"post_tag","embeddable":true,"href":"https:\/\/www.policiadelneuquen.gob.ar\/index.php\/wp-json\/wp\/v2\/tags?post=52730"}],"curies":[{"name":"wp","href":"https:\/\/api.w.org\/{rel}","templated":true}]}}