{"id":52771,"date":"2024-03-09T10:09:35","date_gmt":"2024-03-09T13:09:35","guid":{"rendered":"https:\/\/www.policiadelneuquen.gob.ar\/?p=52771"},"modified":"2024-03-09T10:09:41","modified_gmt":"2024-03-09T13:09:41","slug":"junin-de-los-andes-secuestro-de-cabezas-de-ciervos","status":"publish","type":"post","link":"https:\/\/www.policiadelneuquen.gob.ar\/index.php\/junin-de-los-andes-secuestro-de-cabezas-de-ciervos\/","title":{"rendered":"Jun\u00edn De Los Andes: Secuestro de cabezas de ciervos"},"content":{"rendered":"\n<p>En la tarde del jueves (07\/03) personal de la Divisi\u00f3n Brigada Rural y Abigeato Jun\u00edn De Los Andes secuestr\u00f3 un veh\u00edculo y 5 cabezas de ciervos.&nbsp;<\/p>\n\n\n\n<p>Pasadas las 19:50 Hs el personal antes mencionado, realizaba patrullajes preventivos por calle Vidal P\u00e9rez cuando observaron a un sujeto circulando en un veh\u00edculo Citroen Berlingo Blanco en actitud sospechosa, por lo que procedieron a su correcta identificaci\u00f3n, cabe mencionar que los uniformados, observaron en el asiento trasero cabezas de ciervos y lo que ser\u00eda un supresor de sonido.<\/p>\n\n\n\n<p>Tras comunicaciones con la Fiscal\u00eda interviniente&nbsp; y requisa del rodado, se logro secuestrar dos cabezas de ciervo de 10 puntas, una cabeza de ciervo de 12 puntas, una cabeza de ciervo de 13 puntas, una cabeza de ciervo de 14 puntas, un supresor de sonido, un posible&nbsp; da\u00f1o de arma de fuego sin numeraci\u00f3n.&nbsp;<\/p>\n\n\n\n<p>Finalmente se notific\u00f3 al sujeto de formulaci\u00f3n de legajo y libertad supeditada, quedando los elementos secuestrados a disposici\u00f3n de la justicia interviniente.&nbsp;<\/p>\n","protected":false},"excerpt":{"rendered":"<p>En la tarde del jueves (07\/03) personal de la Divisi\u00f3n Brigada Rural y Abigeato Jun\u00edn De Los Andes secuestr\u00f3 un veh\u00edculo y 5 cabezas de ciervos.&nbsp; Pasadas las 19:50 Hs el personal antes mencionado, realizaba patrullajes preventivos por calle Vidal P\u00e9rez cuando observaron a un sujeto circulando en un veh\u00edculo Citroen Berlingo Blanco en actitud [&hellip;]<\/p>\n","protected":false},"author":14,"featured_media":52772,"comment_status":"open","ping_status":"open","sticky":false,"template":"","format":"standard","meta":{"site-sidebar-layout":"default","site-content-layout":"","ast-site-content-layout":"","site-content-style":"default","site-sidebar-style":"default","ast-global-header-display":"","ast-banner-title-visibility":"","ast-main-header-display":"","ast-hfb-above-header-display":"","ast-hfb-below-header-display":"","ast-hfb-mobile-header-display":"","site-post-title":"","ast-breadcrumbs-content":"","ast-featured-img":"","footer-sml-layout":"","theme-transparent-header-meta":"","adv-header-id-meta":"","stick-header-meta":"","header-above-stick-meta":"","header-main-stick-meta":"","header-below-stick-meta":"","astra-migrate-meta-layouts":"default","ast-page-background-enabled":"default","ast-page-background-meta":{"desktop":{"background-color":"","background-image":"","background-repeat":"repeat","background-position":"center center","background-size":"auto","background-attachment":"scroll","background-type":"","background-media":"","overlay-type":"","overlay-color":"","overlay-opacity":"","overlay-gradient":""},"tablet":{"background-color":"","background-image":"","background-repeat":"repeat","background-position":"center center","background-size":"auto","background-attachment":"scroll","background-type":"","background-media":"","overlay-type":"","overlay-color":"","overlay-opacity":"","overlay-gradient":""},"mobile":{"background-color":"","background-image":"","background-repeat":"repeat","background-position":"center center","background-size":"auto","background-attachment":"scroll","background-type":"","background-media":"","overlay-type":"","overlay-color":"","overlay-opacity":"","overlay-gradient":""}},"ast-content-background-meta":{"desktop":{"background-color":"var(--ast-global-color-5)","background-image":"","background-repeat":"repeat","background-position":"center center","background-size":"auto","background-attachment":"scroll","background-type":"","background-media":"","overlay-type":"","overlay-color":"","overlay-opacity":"","overlay-gradient":""},"tablet":{"background-color":"var(--ast-global-color-5)","background-image":"","background-repeat":"repeat","background-position":"center center","background-size":"auto","background-attachment":"scroll","background-type":"","background-media":"","overlay-type":"","overlay-color":"","overlay-opacity":"","overlay-gradient":""},"mobile":{"background-color":"var(--ast-global-color-5)","background-image":"","background-repeat":"repeat","background-position":"center center","background-size":"auto","background-attachment":"scroll","background-type":"","background-media":"","overlay-type":"","overlay-color":"","overlay-opacity":"","overlay-gradient":""}},"footnotes":""},"categories":[1],"tags":[],"class_list":["post-52771","post","type-post","status-publish","format-standard","has-post-thumbnail","hentry","category-sin-categorizar"],"jetpack_featured_media_url":"https:\/\/www.policiadelneuquen.gob.ar\/wp-content\/uploads\/2024\/03\/1.jpg","_links":{"self":[{"href":"https:\/\/www.policiadelneuquen.gob.ar\/index.php\/wp-json\/wp\/v2\/posts\/52771","targetHints":{"allow":["GET"]}}],"collection":[{"href":"https:\/\/www.policiadelneuquen.gob.ar\/index.php\/wp-json\/wp\/v2\/posts"}],"about":[{"href":"https:\/\/www.policiadelneuquen.gob.ar\/index.php\/wp-json\/wp\/v2\/types\/post"}],"author":[{"embeddable":true,"href":"https:\/\/www.policiadelneuquen.gob.ar\/index.php\/wp-json\/wp\/v2\/users\/14"}],"replies":[{"embeddable":true,"href":"https:\/\/www.policiadelneuquen.gob.ar\/index.php\/wp-json\/wp\/v2\/comments?post=52771"}],"version-history":[{"count":2,"href":"https:\/\/www.policiadelneuquen.gob.ar\/index.php\/wp-json\/wp\/v2\/posts\/52771\/revisions"}],"predecessor-version":[{"id":52774,"href":"https:\/\/www.policiadelneuquen.gob.ar\/index.php\/wp-json\/wp\/v2\/posts\/52771\/revisions\/52774"}],"wp:featuredmedia":[{"embeddable":true,"href":"https:\/\/www.policiadelneuquen.gob.ar\/index.php\/wp-json\/wp\/v2\/media\/52772"}],"wp:attachment":[{"href":"https:\/\/www.policiadelneuquen.gob.ar\/index.php\/wp-json\/wp\/v2\/media?parent=52771"}],"wp:term":[{"taxonomy":"category","embeddable":true,"href":"https:\/\/www.policiadelneuquen.gob.ar\/index.php\/wp-json\/wp\/v2\/categories?post=52771"},{"taxonomy":"post_tag","embeddable":true,"href":"https:\/\/www.policiadelneuquen.gob.ar\/index.php\/wp-json\/wp\/v2\/tags?post=52771"}],"curies":[{"name":"wp","href":"https:\/\/api.w.org\/{rel}","templated":true}]}}