{"id":52775,"date":"2024-03-09T12:30:09","date_gmt":"2024-03-09T15:30:09","guid":{"rendered":"https:\/\/www.policiadelneuquen.gob.ar\/?p=52775"},"modified":"2024-03-09T12:30:15","modified_gmt":"2024-03-09T15:30:15","slug":"cutral-co-allanamiento-con-resultados-positivos","status":"publish","type":"post","link":"https:\/\/www.policiadelneuquen.gob.ar\/index.php\/cutral-co-allanamiento-con-resultados-positivos\/","title":{"rendered":"CUTRAL C\u00d3: Allanamiento con resultados positivos"},"content":{"rendered":"\n<p>Personal dependiente de la Direcci\u00f3n Seguridad Interior Cutral C\u00f3, llev\u00f3 adelante el d\u00eda de ayer, una orden de allanamiento para un domicilio del Barrio Centenario de Plaza Hu\u00edncul, donde logr\u00f3 la demora de un hombre mayor de edad y es secuestro de una r\u00e9plica de arma de fuego.<\/p>\n\n\n\n<p>Todo comenz\u00f3 a las 8: 00 de la ma\u00f1ana cuando personal de Comisar\u00eda 6\u00b0, con la colaboraci\u00f3n del Departamento Comando Radioel\u00e9ctrico y personal del Grupo GEOP, llev\u00f3 adelante la orden judicial, enmarcada en una causa por robo calificado por el uso de arma de fuego, el que arroj\u00f3 resultados positivos, secuestrando una r\u00e9plica de pistola 9 mm (aire comprimido) color negra, (02) billeteras color marr\u00f3n y una gorra visera color celeste claro, asimismo y seg\u00fan lo dispuso la fiscal\u00eda se demor\u00f3 a un hombre de 30 a\u00f1os, involucrado en la causa.<\/p>\n\n\n\n<p>Posterior al traslado de lo secuestrado y del demorado a la unidad policial, la fiscal\u00eda dispuso su libertad supeditada a la causa y que los elementos queden a resguardo y a disposici\u00f3n de la justicia.<\/p>\n","protected":false},"excerpt":{"rendered":"<p>Personal dependiente de la Direcci\u00f3n Seguridad Interior Cutral C\u00f3, llev\u00f3 adelante el d\u00eda de ayer, una orden de allanamiento para un domicilio del Barrio Centenario de Plaza Hu\u00edncul, donde logr\u00f3 la demora de un hombre mayor de edad y es secuestro de una r\u00e9plica de arma de fuego. Todo comenz\u00f3 a las 8: 00 de [&hellip;]<\/p>\n","protected":false},"author":6,"featured_media":52838,"comment_status":"open","ping_status":"open","sticky":false,"template":"","format":"standard","meta":{"site-sidebar-layout":"default","site-content-layout":"","ast-site-content-layout":"","site-content-style":"default","site-sidebar-style":"default","ast-global-header-display":"","ast-banner-title-visibility":"","ast-main-header-display":"","ast-hfb-above-header-display":"","ast-hfb-below-header-display":"","ast-hfb-mobile-header-display":"","site-post-title":"","ast-breadcrumbs-content":"","ast-featured-img":"","footer-sml-layout":"","theme-transparent-header-meta":"","adv-header-id-meta":"","stick-header-meta":"","header-above-stick-meta":"","header-main-stick-meta":"","header-below-stick-meta":"","astra-migrate-meta-layouts":"default","ast-page-background-enabled":"default","ast-page-background-meta":{"desktop":{"background-color":"","background-image":"","background-repeat":"repeat","background-position":"center center","background-size":"auto","background-attachment":"scroll","background-type":"","background-media":"","overlay-type":"","overlay-color":"","overlay-opacity":"","overlay-gradient":""},"tablet":{"background-color":"","background-image":"","background-repeat":"repeat","background-position":"center center","background-size":"auto","background-attachment":"scroll","background-type":"","background-media":"","overlay-type":"","overlay-color":"","overlay-opacity":"","overlay-gradient":""},"mobile":{"background-color":"","background-image":"","background-repeat":"repeat","background-position":"center center","background-size":"auto","background-attachment":"scroll","background-type":"","background-media":"","overlay-type":"","overlay-color":"","overlay-opacity":"","overlay-gradient":""}},"ast-content-background-meta":{"desktop":{"background-color":"var(--ast-global-color-5)","background-image":"","background-repeat":"repeat","background-position":"center center","background-size":"auto","background-attachment":"scroll","background-type":"","background-media":"","overlay-type":"","overlay-color":"","overlay-opacity":"","overlay-gradient":""},"tablet":{"background-color":"var(--ast-global-color-5)","background-image":"","background-repeat":"repeat","background-position":"center center","background-size":"auto","background-attachment":"scroll","background-type":"","background-media":"","overlay-type":"","overlay-color":"","overlay-opacity":"","overlay-gradient":""},"mobile":{"background-color":"var(--ast-global-color-5)","background-image":"","background-repeat":"repeat","background-position":"center center","background-size":"auto","background-attachment":"scroll","background-type":"","background-media":"","overlay-type":"","overlay-color":"","overlay-opacity":"","overlay-gradient":""}},"footnotes":""},"categories":[1],"tags":[],"class_list":["post-52775","post","type-post","status-publish","format-standard","has-post-thumbnail","hentry","category-sin-categorizar"],"jetpack_featured_media_url":"https:\/\/www.policiadelneuquen.gob.ar\/wp-content\/uploads\/2024\/03\/dd-1.jpg","_links":{"self":[{"href":"https:\/\/www.policiadelneuquen.gob.ar\/index.php\/wp-json\/wp\/v2\/posts\/52775","targetHints":{"allow":["GET"]}}],"collection":[{"href":"https:\/\/www.policiadelneuquen.gob.ar\/index.php\/wp-json\/wp\/v2\/posts"}],"about":[{"href":"https:\/\/www.policiadelneuquen.gob.ar\/index.php\/wp-json\/wp\/v2\/types\/post"}],"author":[{"embeddable":true,"href":"https:\/\/www.policiadelneuquen.gob.ar\/index.php\/wp-json\/wp\/v2\/users\/6"}],"replies":[{"embeddable":true,"href":"https:\/\/www.policiadelneuquen.gob.ar\/index.php\/wp-json\/wp\/v2\/comments?post=52775"}],"version-history":[{"count":2,"href":"https:\/\/www.policiadelneuquen.gob.ar\/index.php\/wp-json\/wp\/v2\/posts\/52775\/revisions"}],"predecessor-version":[{"id":52840,"href":"https:\/\/www.policiadelneuquen.gob.ar\/index.php\/wp-json\/wp\/v2\/posts\/52775\/revisions\/52840"}],"wp:featuredmedia":[{"embeddable":true,"href":"https:\/\/www.policiadelneuquen.gob.ar\/index.php\/wp-json\/wp\/v2\/media\/52838"}],"wp:attachment":[{"href":"https:\/\/www.policiadelneuquen.gob.ar\/index.php\/wp-json\/wp\/v2\/media?parent=52775"}],"wp:term":[{"taxonomy":"category","embeddable":true,"href":"https:\/\/www.policiadelneuquen.gob.ar\/index.php\/wp-json\/wp\/v2\/categories?post=52775"},{"taxonomy":"post_tag","embeddable":true,"href":"https:\/\/www.policiadelneuquen.gob.ar\/index.php\/wp-json\/wp\/v2\/tags?post=52775"}],"curies":[{"name":"wp","href":"https:\/\/api.w.org\/{rel}","templated":true}]}}