{"id":53519,"date":"2024-03-23T12:32:29","date_gmt":"2024-03-23T15:32:29","guid":{"rendered":"https:\/\/www.policiadelneuquen.gob.ar\/?p=53519"},"modified":"2024-03-23T12:57:51","modified_gmt":"2024-03-23T15:57:51","slug":"sma-demorados-por-robo-2","status":"publish","type":"post","link":"https:\/\/www.policiadelneuquen.gob.ar\/index.php\/sma-demorados-por-robo-2\/","title":{"rendered":"SMA: DEMORADOS POR ROBO"},"content":{"rendered":"\n<h3>En la noche del Jueves (21\/03), a horas 22:40, un llamado ingres\u00f3 al Comando Radioel\u00e9ctrico de San Martin, y alert\u00f3 al personal policial de la Comisaria N\u00b0 23, quienes acudieron a calle Rivadavia al 200 aproximadamente, donde fueron entrevistados por el due\u00f1o de un complejo de departamentos quien aduc\u00eda, que a uno de sus inquilinos le habian\u00a0 da\u00f1ado una puerta y robado una billetera con documentaci\u00f3n personal, tarjetas de distintas entidades bancarias y algunas prendas de vestir.<\/h3>\n<h3>\n\n\n\n<\/h3>\n<h3>Al arribar al lugar, un testigo manifest\u00f3 haber observado a dos masculinos con determinadas caracter\u00edsticas f\u00edsicas y de vestimenta, en compa\u00f1\u00eda de una mujer y un bebe, cargando en el ba\u00fal de un veh\u00edculo VW color negro, dos cubiertas que habr\u00edan sido sustra\u00eddas de un dep\u00f3sito ubicado sobre la misma calle. Minutos despu\u00e9s, la mujer de 34 a\u00f1os de edad ingres\u00f3 al veh\u00edculo, el cual permanec\u00ed\u00f3 estacionado en la esquina de Calle Rivadavia y Calder\u00f3n, mientras los dos sujetos de 25 y 29 a\u00f1os de edad se retiraron a pie hacia la calle Calder\u00f3n. En la intersecci\u00f3n con la calle Coronel Diaz, fueron interceptados por los uniformados pudiendo constatar que llevaban una bater\u00eda de lancha, la cual hab\u00eda sido sustra\u00edda minutos antes de un taller.<\/h3>\n<h3>\n\n\n\n<\/h3>\n<h3>R\u00e1pidamente, personal policial sali\u00f3 en procura del veh\u00edculo VW que estar\u00eda implicado en los hechos, identificando en el interior del mismo, a dos personas de sexo masculino de 20 y 26 a\u00f1os de edad, a una mujer de 34 a\u00f1os y su bebe de 16 meses y una persona menor de edad (16). Se mantuvo comunicaci\u00f3n con la Fiscal\u00eda de la IV Circunscripci\u00f3n Judicial de San Martin de Los Andes, quien dispuso la entrega del menor de edad a sus progenitores, haciendose presente personal de la Comisaria de la Mujer, Ni\u00f1ez y Adolescencia quienes llevaron a cabo las diligencias de rigor; luego la demora de los dos ocupantes, y el retiro del lugar \u00a0de la mujer en compa\u00f1\u00eda de su bebe. Como as\u00ed tambi\u00e9n se procedi\u00f3 al secuestro del veh\u00edculo y la solicitud de una requisa vehicular.<\/h3>\n<h3>\n\n\n\n<\/h3>\n<h3>En ese instante, se hizo presente ante las autoridades policiales, el due\u00f1o del dep\u00f3sito desde donde habr\u00edan sustra\u00eddo las cubiertas, quien informa que se tratar\u00edan de dos cubiertas rodado 14, de chapa y serian de la lancha de un amigo, a quien le brinda el espacio para su resguardo.<\/h3>\n<h3>\n\n\n\n<\/h3>\n<h3>En los asientos de Comisaria 23 se recepcionaron las denuncias judiciales a el inquilino, quien declaraba los elementos faltantes, al propietario de las cubiertas que habr\u00edan sustra\u00eddo del deposito ubicado sobre la calle Rivadavia, y al due\u00f1o del taller desde donde hab\u00edan sustra\u00eddo la bater\u00eda de lancha.<\/h3>\n<h3>\n\n\n\n<figure class=\"wp-block-gallery has-nested-images columns-default is-cropped wp-block-gallery-1 is-layout-flex wp-block-gallery-is-layout-flex\">\n<figure class=\"wp-block-image size-large\"><img fetchpriority=\"high\" decoding=\"async\" width=\"1024\" height=\"769\" data-id=\"53526\" src=\"https:\/\/www.policiadelneuquen.gob.ar\/wp-content\/uploads\/2024\/03\/SMA-CON-SELLO-3-1024x769.jpg\" alt=\"\" class=\"wp-image-53526\" srcset=\"https:\/\/www.policiadelneuquen.gob.ar\/wp-content\/uploads\/2024\/03\/SMA-CON-SELLO-3-1024x769.jpg 1024w, https:\/\/www.policiadelneuquen.gob.ar\/wp-content\/uploads\/2024\/03\/SMA-CON-SELLO-3-300x225.jpg 300w, https:\/\/www.policiadelneuquen.gob.ar\/wp-content\/uploads\/2024\/03\/SMA-CON-SELLO-3-768x576.jpg 768w, https:\/\/www.policiadelneuquen.gob.ar\/wp-content\/uploads\/2024\/03\/SMA-CON-SELLO-3-1536x1153.jpg 1536w, https:\/\/www.policiadelneuquen.gob.ar\/wp-content\/uploads\/2024\/03\/SMA-CON-SELLO-3.jpg 1600w\" sizes=\"(max-width: 1024px) 100vw, 1024px\" \/><\/figure>\n\n\n\n<figure class=\"wp-block-image size-large\"><img decoding=\"async\" width=\"1024\" height=\"769\" data-id=\"53520\" src=\"https:\/\/www.policiadelneuquen.gob.ar\/wp-content\/uploads\/2024\/03\/SMA-CON-SELLO-2-1024x769.jpg\" alt=\"\" class=\"wp-image-53520\" srcset=\"https:\/\/www.policiadelneuquen.gob.ar\/wp-content\/uploads\/2024\/03\/SMA-CON-SELLO-2-1024x769.jpg 1024w, https:\/\/www.policiadelneuquen.gob.ar\/wp-content\/uploads\/2024\/03\/SMA-CON-SELLO-2-300x225.jpg 300w, https:\/\/www.policiadelneuquen.gob.ar\/wp-content\/uploads\/2024\/03\/SMA-CON-SELLO-2-768x576.jpg 768w, https:\/\/www.policiadelneuquen.gob.ar\/wp-content\/uploads\/2024\/03\/SMA-CON-SELLO-2-1536x1153.jpg 1536w, https:\/\/www.policiadelneuquen.gob.ar\/wp-content\/uploads\/2024\/03\/SMA-CON-SELLO-2.jpg 1600w\" sizes=\"(max-width: 1024px) 100vw, 1024px\" \/><\/figure>\n<\/figure>\n","protected":false},"excerpt":{"rendered":"<p>En la noche del Jueves (21\/03), a horas 22:40, un llamado ingres\u00f3 al Comando Radioel\u00e9ctrico de San Martin, y alert\u00f3 al personal policial de la Comisaria N\u00b0 23, quienes acudieron a calle Rivadavia al 200 aproximadamente, donde fueron entrevistados por el due\u00f1o de un complejo de departamentos quien aduc\u00eda, que a uno de sus inquilinos [&hellip;]<\/p>\n","protected":false},"author":14,"featured_media":53520,"comment_status":"open","ping_status":"open","sticky":false,"template":"","format":"standard","meta":{"site-sidebar-layout":"default","site-content-layout":"","ast-site-content-layout":"","site-content-style":"default","site-sidebar-style":"default","ast-global-header-display":"","ast-banner-title-visibility":"","ast-main-header-display":"","ast-hfb-above-header-display":"","ast-hfb-below-header-display":"","ast-hfb-mobile-header-display":"","site-post-title":"","ast-breadcrumbs-content":"","ast-featured-img":"","footer-sml-layout":"","theme-transparent-header-meta":"","adv-header-id-meta":"","stick-header-meta":"","header-above-stick-meta":"","header-main-stick-meta":"","header-below-stick-meta":"","astra-migrate-meta-layouts":"default","ast-page-background-enabled":"default","ast-page-background-meta":{"desktop":{"background-color":"","background-image":"","background-repeat":"repeat","background-position":"center center","background-size":"auto","background-attachment":"scroll","background-type":"","background-media":"","overlay-type":"","overlay-color":"","overlay-opacity":"","overlay-gradient":""},"tablet":{"background-color":"","background-image":"","background-repeat":"repeat","background-position":"center center","background-size":"auto","background-attachment":"scroll","background-type":"","background-media":"","overlay-type":"","overlay-color":"","overlay-opacity":"","overlay-gradient":""},"mobile":{"background-color":"","background-image":"","background-repeat":"repeat","background-position":"center center","background-size":"auto","background-attachment":"scroll","background-type":"","background-media":"","overlay-type":"","overlay-color":"","overlay-opacity":"","overlay-gradient":""}},"ast-content-background-meta":{"desktop":{"background-color":"var(--ast-global-color-5)","background-image":"","background-repeat":"repeat","background-position":"center center","background-size":"auto","background-attachment":"scroll","background-type":"","background-media":"","overlay-type":"","overlay-color":"","overlay-opacity":"","overlay-gradient":""},"tablet":{"background-color":"var(--ast-global-color-5)","background-image":"","background-repeat":"repeat","background-position":"center center","background-size":"auto","background-attachment":"scroll","background-type":"","background-media":"","overlay-type":"","overlay-color":"","overlay-opacity":"","overlay-gradient":""},"mobile":{"background-color":"var(--ast-global-color-5)","background-image":"","background-repeat":"repeat","background-position":"center center","background-size":"auto","background-attachment":"scroll","background-type":"","background-media":"","overlay-type":"","overlay-color":"","overlay-opacity":"","overlay-gradient":""}},"footnotes":""},"categories":[1],"tags":[],"class_list":["post-53519","post","type-post","status-publish","format-standard","has-post-thumbnail","hentry","category-sin-categorizar"],"jetpack_featured_media_url":"https:\/\/www.policiadelneuquen.gob.ar\/wp-content\/uploads\/2024\/03\/SMA-CON-SELLO-2.jpg","_links":{"self":[{"href":"https:\/\/www.policiadelneuquen.gob.ar\/index.php\/wp-json\/wp\/v2\/posts\/53519","targetHints":{"allow":["GET"]}}],"collection":[{"href":"https:\/\/www.policiadelneuquen.gob.ar\/index.php\/wp-json\/wp\/v2\/posts"}],"about":[{"href":"https:\/\/www.policiadelneuquen.gob.ar\/index.php\/wp-json\/wp\/v2\/types\/post"}],"author":[{"embeddable":true,"href":"https:\/\/www.policiadelneuquen.gob.ar\/index.php\/wp-json\/wp\/v2\/users\/14"}],"replies":[{"embeddable":true,"href":"https:\/\/www.policiadelneuquen.gob.ar\/index.php\/wp-json\/wp\/v2\/comments?post=53519"}],"version-history":[{"count":5,"href":"https:\/\/www.policiadelneuquen.gob.ar\/index.php\/wp-json\/wp\/v2\/posts\/53519\/revisions"}],"predecessor-version":[{"id":53527,"href":"https:\/\/www.policiadelneuquen.gob.ar\/index.php\/wp-json\/wp\/v2\/posts\/53519\/revisions\/53527"}],"wp:featuredmedia":[{"embeddable":true,"href":"https:\/\/www.policiadelneuquen.gob.ar\/index.php\/wp-json\/wp\/v2\/media\/53520"}],"wp:attachment":[{"href":"https:\/\/www.policiadelneuquen.gob.ar\/index.php\/wp-json\/wp\/v2\/media?parent=53519"}],"wp:term":[{"taxonomy":"category","embeddable":true,"href":"https:\/\/www.policiadelneuquen.gob.ar\/index.php\/wp-json\/wp\/v2\/categories?post=53519"},{"taxonomy":"post_tag","embeddable":true,"href":"https:\/\/www.policiadelneuquen.gob.ar\/index.php\/wp-json\/wp\/v2\/tags?post=53519"}],"curies":[{"name":"wp","href":"https:\/\/api.w.org\/{rel}","templated":true}]}}