{"id":57400,"date":"2024-05-20T09:01:03","date_gmt":"2024-05-20T12:01:03","guid":{"rendered":"https:\/\/www.policiadelneuquen.gob.ar\/?p=57400"},"modified":"2024-05-20T09:02:09","modified_gmt":"2024-05-20T12:02:09","slug":"villa-la-angostura-demorado-con-pedido-de-captura","status":"publish","type":"post","link":"https:\/\/www.policiadelneuquen.gob.ar\/index.php\/villa-la-angostura-demorado-con-pedido-de-captura\/","title":{"rendered":"VILLA LA ANGOSTURA: Demorado con pedido de captura"},"content":{"rendered":"\t\t<div data-elementor-type=\"wp-post\" data-elementor-id=\"57400\" class=\"elementor elementor-57400\">\n\t\t\t\t<div class=\"elementor-element elementor-element-4a624b43 e-flex e-con-boxed e-con e-parent\" data-id=\"4a624b43\" data-element_type=\"container\" data-e-type=\"container\">\n\t\t\t\t\t<div class=\"e-con-inner\">\n\t\t\t\t<div class=\"elementor-element elementor-element-1ac3580b elementor-widget elementor-widget-text-editor\" data-id=\"1ac3580b\" data-element_type=\"widget\" data-e-type=\"widget\" data-widget_type=\"text-editor.default\">\n\t\t\t\t<div class=\"elementor-widget-container\">\n\t\t\t\t\t\t\t\t\t\n<p><strong>El pasado s\u00e1bado (18\/05), personal de Comisar\u00eda 28\u00b0 demor\u00f3 a un hombre mayor de edad luego de constatar que registraba un pedido de captura en su contra.<\/strong><\/p>\n<p><strong><\/strong><\/p>\n<p><strong>Todo comenz\u00f3 pasado la 23.00, cuando efectivos de la mencionada Unidad fueron alertados de un desorden en un local, por parte de un individuo, el cual se ofusc\u00f3 por el cierre del mismo, retir\u00e1ndose del lugar.<\/strong><\/p>\n<p><strong><\/strong><\/p>\n<p><strong>Tras tomar conocimiento de las caracter\u00edsticas f\u00edsicas y vestimentas, los polic\u00edas lograron ubicarlo en calle Las Mutisias. Al corroborar los datos en los sistemas inform\u00e1ticos, pudieron establecer que registraba un pedido de captura por robo.<\/strong><\/p>\n<p><strong><\/strong><\/p>\n<p><strong>Finalmente, el demorado fue trasladado a la sede<\/strong> policial.<\/p>\n\t\t\t\t\t\t\t\t<\/div>\n\t\t\t\t<\/div>\n\t\t\t\t\t<\/div>\n\t\t\t\t<\/div>\n\t\t\t\t<\/div>\n\t\t","protected":false},"excerpt":{"rendered":"<p>El pasado s\u00e1bado (18\/05), personal de Comisar\u00eda 28\u00b0 demor\u00f3 a un hombre mayor de edad luego de constatar que registraba un pedido de captura en su contra. Todo comenz\u00f3 pasado la 23.00, cuando efectivos de la mencionada Unidad fueron alertados de un desorden en un local, por parte de un individuo, el cual se ofusc\u00f3 [&hellip;]<\/p>\n","protected":false},"author":14,"featured_media":57401,"comment_status":"open","ping_status":"open","sticky":false,"template":"","format":"standard","meta":{"site-sidebar-layout":"default","site-content-layout":"","ast-site-content-layout":"","site-content-style":"default","site-sidebar-style":"default","ast-global-header-display":"","ast-banner-title-visibility":"","ast-main-header-display":"","ast-hfb-above-header-display":"","ast-hfb-below-header-display":"","ast-hfb-mobile-header-display":"","site-post-title":"","ast-breadcrumbs-content":"","ast-featured-img":"","footer-sml-layout":"","theme-transparent-header-meta":"","adv-header-id-meta":"","stick-header-meta":"","header-above-stick-meta":"","header-main-stick-meta":"","header-below-stick-meta":"","astra-migrate-meta-layouts":"default","ast-page-background-enabled":"default","ast-page-background-meta":{"desktop":{"background-color":"","background-image":"","background-repeat":"repeat","background-position":"center center","background-size":"auto","background-attachment":"scroll","background-type":"","background-media":"","overlay-type":"","overlay-color":"","overlay-opacity":"","overlay-gradient":""},"tablet":{"background-color":"","background-image":"","background-repeat":"repeat","background-position":"center center","background-size":"auto","background-attachment":"scroll","background-type":"","background-media":"","overlay-type":"","overlay-color":"","overlay-opacity":"","overlay-gradient":""},"mobile":{"background-color":"","background-image":"","background-repeat":"repeat","background-position":"center center","background-size":"auto","background-attachment":"scroll","background-type":"","background-media":"","overlay-type":"","overlay-color":"","overlay-opacity":"","overlay-gradient":""}},"ast-content-background-meta":{"desktop":{"background-color":"var(--ast-global-color-5)","background-image":"","background-repeat":"repeat","background-position":"center center","background-size":"auto","background-attachment":"scroll","background-type":"","background-media":"","overlay-type":"","overlay-color":"","overlay-opacity":"","overlay-gradient":""},"tablet":{"background-color":"var(--ast-global-color-5)","background-image":"","background-repeat":"repeat","background-position":"center center","background-size":"auto","background-attachment":"scroll","background-type":"","background-media":"","overlay-type":"","overlay-color":"","overlay-opacity":"","overlay-gradient":""},"mobile":{"background-color":"var(--ast-global-color-5)","background-image":"","background-repeat":"repeat","background-position":"center center","background-size":"auto","background-attachment":"scroll","background-type":"","background-media":"","overlay-type":"","overlay-color":"","overlay-opacity":"","overlay-gradient":""}},"footnotes":""},"categories":[1],"tags":[],"class_list":["post-57400","post","type-post","status-publish","format-standard","has-post-thumbnail","hentry","category-sin-categorizar"],"jetpack_featured_media_url":"https:\/\/www.policiadelneuquen.gob.ar\/wp-content\/uploads\/2024\/05\/A.jpg","_links":{"self":[{"href":"https:\/\/www.policiadelneuquen.gob.ar\/index.php\/wp-json\/wp\/v2\/posts\/57400","targetHints":{"allow":["GET"]}}],"collection":[{"href":"https:\/\/www.policiadelneuquen.gob.ar\/index.php\/wp-json\/wp\/v2\/posts"}],"about":[{"href":"https:\/\/www.policiadelneuquen.gob.ar\/index.php\/wp-json\/wp\/v2\/types\/post"}],"author":[{"embeddable":true,"href":"https:\/\/www.policiadelneuquen.gob.ar\/index.php\/wp-json\/wp\/v2\/users\/14"}],"replies":[{"embeddable":true,"href":"https:\/\/www.policiadelneuquen.gob.ar\/index.php\/wp-json\/wp\/v2\/comments?post=57400"}],"version-history":[{"count":4,"href":"https:\/\/www.policiadelneuquen.gob.ar\/index.php\/wp-json\/wp\/v2\/posts\/57400\/revisions"}],"predecessor-version":[{"id":57405,"href":"https:\/\/www.policiadelneuquen.gob.ar\/index.php\/wp-json\/wp\/v2\/posts\/57400\/revisions\/57405"}],"wp:featuredmedia":[{"embeddable":true,"href":"https:\/\/www.policiadelneuquen.gob.ar\/index.php\/wp-json\/wp\/v2\/media\/57401"}],"wp:attachment":[{"href":"https:\/\/www.policiadelneuquen.gob.ar\/index.php\/wp-json\/wp\/v2\/media?parent=57400"}],"wp:term":[{"taxonomy":"category","embeddable":true,"href":"https:\/\/www.policiadelneuquen.gob.ar\/index.php\/wp-json\/wp\/v2\/categories?post=57400"},{"taxonomy":"post_tag","embeddable":true,"href":"https:\/\/www.policiadelneuquen.gob.ar\/index.php\/wp-json\/wp\/v2\/tags?post=57400"}],"curies":[{"name":"wp","href":"https:\/\/api.w.org\/{rel}","templated":true}]}}