{"id":58128,"date":"2024-06-04T15:59:56","date_gmt":"2024-06-04T18:59:56","guid":{"rendered":"https:\/\/www.policiadelneuquen.gob.ar\/?p=58128"},"modified":"2024-06-04T16:01:19","modified_gmt":"2024-06-04T19:01:19","slug":"plottier-demorado-con-requerimiento-judicial","status":"publish","type":"post","link":"https:\/\/www.policiadelneuquen.gob.ar\/index.php\/plottier-demorado-con-requerimiento-judicial\/","title":{"rendered":"Plottier: Demorado con requerimiento judicial"},"content":{"rendered":"\t\t<div data-elementor-type=\"wp-post\" data-elementor-id=\"58128\" class=\"elementor elementor-58128\">\n\t\t\t\t<div class=\"elementor-element elementor-element-627065b1 e-flex e-con-boxed e-con e-parent\" data-id=\"627065b1\" data-element_type=\"container\" data-e-type=\"container\">\n\t\t\t\t\t<div class=\"e-con-inner\">\n\t\t\t\t<div class=\"elementor-element elementor-element-24eb64de elementor-widget elementor-widget-text-editor\" data-id=\"24eb64de\" data-element_type=\"widget\" data-e-type=\"widget\" data-widget_type=\"text-editor.default\">\n\t\t\t\t<div class=\"elementor-widget-container\">\n\t\t\t\t\t\t\t\t\t\n<h3>El martes (04\/06) personal dependiente del Departamento de Delitos y Leyes Especiales llev\u00f3 adelante la demora de un sujeto mayor de edad condenado por la justicia.\u00a0<\/h3>\n<h3><\/h3>\n<h3>Pasado el mediod\u00eda y tras tareas de investigaci\u00f3n y campo, personal de la Divisi\u00f3n de Recaptura de Evadidos dependiente del Departamento antes mencionado, llev\u00f3 adelante una orden de allanamiento y detenci\u00f3n en la ciudad de Plottier de un sujeto requerido por la justicia, cabe mencionar que al momento del allanamiento encontraron en el lugar 3 plantas de Cannabis Sativa, 5 frascos con flores de la misma sustancia procesada en el interior de un invernadero de secado, motivo tal por el que solicitaron la colaboraci\u00f3n del Departamento Antinarc\u00f3ticos quienes efectivizaron su comprobaci\u00f3n y secuestro.\u00a0<\/h3>\n<h3><\/h3>\n<h3>Finalmente tanto el sujeto como las sustancias secuestrados quedaron a disposici\u00f3n de la justicia interviniente\u00a0<\/h3>\n\t\t\t\t\t\t\t\t<\/div>\n\t\t\t\t<\/div>\n\t\t\t\t\t<\/div>\n\t\t\t\t<\/div>\n\t\t\t\t<\/div>\n\t\t","protected":false},"excerpt":{"rendered":"<p>El martes (04\/06) personal dependiente del Departamento de Delitos y Leyes Especiales llev\u00f3 adelante la demora de un sujeto mayor de edad condenado por la justicia.\u00a0 Pasado el mediod\u00eda y tras tareas de investigaci\u00f3n y campo, personal de la Divisi\u00f3n de Recaptura de Evadidos dependiente del Departamento antes mencionado, llev\u00f3 adelante una orden de allanamiento [&hellip;]<\/p>\n","protected":false},"author":6,"featured_media":58129,"comment_status":"open","ping_status":"open","sticky":false,"template":"","format":"standard","meta":{"site-sidebar-layout":"default","site-content-layout":"","ast-site-content-layout":"default","site-content-style":"default","site-sidebar-style":"default","ast-global-header-display":"","ast-banner-title-visibility":"","ast-main-header-display":"","ast-hfb-above-header-display":"","ast-hfb-below-header-display":"","ast-hfb-mobile-header-display":"","site-post-title":"","ast-breadcrumbs-content":"","ast-featured-img":"","footer-sml-layout":"","theme-transparent-header-meta":"","adv-header-id-meta":"","stick-header-meta":"","header-above-stick-meta":"","header-main-stick-meta":"","header-below-stick-meta":"","astra-migrate-meta-layouts":"set","ast-page-background-enabled":"default","ast-page-background-meta":{"desktop":{"background-color":"","background-image":"","background-repeat":"repeat","background-position":"center center","background-size":"auto","background-attachment":"scroll","background-type":"","background-media":"","overlay-type":"","overlay-color":"","overlay-opacity":"","overlay-gradient":""},"tablet":{"background-color":"","background-image":"","background-repeat":"repeat","background-position":"center center","background-size":"auto","background-attachment":"scroll","background-type":"","background-media":"","overlay-type":"","overlay-color":"","overlay-opacity":"","overlay-gradient":""},"mobile":{"background-color":"","background-image":"","background-repeat":"repeat","background-position":"center center","background-size":"auto","background-attachment":"scroll","background-type":"","background-media":"","overlay-type":"","overlay-color":"","overlay-opacity":"","overlay-gradient":""}},"ast-content-background-meta":{"desktop":{"background-color":"var(--ast-global-color-5)","background-image":"","background-repeat":"repeat","background-position":"center center","background-size":"auto","background-attachment":"scroll","background-type":"","background-media":"","overlay-type":"","overlay-color":"","overlay-opacity":"","overlay-gradient":""},"tablet":{"background-color":"var(--ast-global-color-5)","background-image":"","background-repeat":"repeat","background-position":"center center","background-size":"auto","background-attachment":"scroll","background-type":"","background-media":"","overlay-type":"","overlay-color":"","overlay-opacity":"","overlay-gradient":""},"mobile":{"background-color":"var(--ast-global-color-5)","background-image":"","background-repeat":"repeat","background-position":"center center","background-size":"auto","background-attachment":"scroll","background-type":"","background-media":"","overlay-type":"","overlay-color":"","overlay-opacity":"","overlay-gradient":""}},"footnotes":""},"categories":[1],"tags":[],"class_list":["post-58128","post","type-post","status-publish","format-standard","has-post-thumbnail","hentry","category-sin-categorizar"],"jetpack_featured_media_url":"https:\/\/www.policiadelneuquen.gob.ar\/wp-content\/uploads\/2024\/06\/07.jpg","_links":{"self":[{"href":"https:\/\/www.policiadelneuquen.gob.ar\/index.php\/wp-json\/wp\/v2\/posts\/58128","targetHints":{"allow":["GET"]}}],"collection":[{"href":"https:\/\/www.policiadelneuquen.gob.ar\/index.php\/wp-json\/wp\/v2\/posts"}],"about":[{"href":"https:\/\/www.policiadelneuquen.gob.ar\/index.php\/wp-json\/wp\/v2\/types\/post"}],"author":[{"embeddable":true,"href":"https:\/\/www.policiadelneuquen.gob.ar\/index.php\/wp-json\/wp\/v2\/users\/6"}],"replies":[{"embeddable":true,"href":"https:\/\/www.policiadelneuquen.gob.ar\/index.php\/wp-json\/wp\/v2\/comments?post=58128"}],"version-history":[{"count":4,"href":"https:\/\/www.policiadelneuquen.gob.ar\/index.php\/wp-json\/wp\/v2\/posts\/58128\/revisions"}],"predecessor-version":[{"id":58133,"href":"https:\/\/www.policiadelneuquen.gob.ar\/index.php\/wp-json\/wp\/v2\/posts\/58128\/revisions\/58133"}],"wp:featuredmedia":[{"embeddable":true,"href":"https:\/\/www.policiadelneuquen.gob.ar\/index.php\/wp-json\/wp\/v2\/media\/58129"}],"wp:attachment":[{"href":"https:\/\/www.policiadelneuquen.gob.ar\/index.php\/wp-json\/wp\/v2\/media?parent=58128"}],"wp:term":[{"taxonomy":"category","embeddable":true,"href":"https:\/\/www.policiadelneuquen.gob.ar\/index.php\/wp-json\/wp\/v2\/categories?post=58128"},{"taxonomy":"post_tag","embeddable":true,"href":"https:\/\/www.policiadelneuquen.gob.ar\/index.php\/wp-json\/wp\/v2\/tags?post=58128"}],"curies":[{"name":"wp","href":"https:\/\/api.w.org\/{rel}","templated":true}]}}