{"id":58148,"date":"2024-06-05T08:56:09","date_gmt":"2024-06-05T11:56:09","guid":{"rendered":"https:\/\/www.policiadelneuquen.gob.ar\/?p=58148"},"modified":"2024-06-05T08:59:03","modified_gmt":"2024-06-05T11:59:03","slug":"sujeto-demorado-con-pedido-de-captura","status":"publish","type":"post","link":"https:\/\/www.policiadelneuquen.gob.ar\/index.php\/sujeto-demorado-con-pedido-de-captura\/","title":{"rendered":"SUJETO DEMORADO CON PEDIDO DE CAPTURA"},"content":{"rendered":"\t\t<div data-elementor-type=\"wp-post\" data-elementor-id=\"58148\" class=\"elementor elementor-58148\">\n\t\t\t\t<div class=\"elementor-element elementor-element-4e1522ff e-flex e-con-boxed e-con e-parent\" data-id=\"4e1522ff\" data-element_type=\"container\" data-e-type=\"container\">\n\t\t\t\t\t<div class=\"e-con-inner\">\n\t\t\t\t<div class=\"elementor-element elementor-element-2cbd73c4 elementor-widget elementor-widget-text-editor\" data-id=\"2cbd73c4\" data-element_type=\"widget\" data-e-type=\"widget\" data-widget_type=\"text-editor.default\">\n\t\t\t\t<div class=\"elementor-widget-container\">\n\t\t\t\t\t\t\t\t\t\n<h5>Un sujeto de 23 a\u00f1os de edad fue demorado la madrugada de hoy (05\/06), por registrar pedido de captura vigente por presunto robo simple. El procedimiento fue realizado por uniformados de Comisar\u00eda 21\u00b0 del Barrio Melipal y del Comando de Operaciones Policiales.<\/h5>\n<h5><\/h5>\n<h5>La tarea surgi\u00f3 pasada las 04:25, cuando personal de Monitoreo solicit\u00f3 a la Comisar\u00eda de la jurisdicci\u00f3n, identificar a un sujeto que circulaba por calles San Mart\u00edn y Violeta Parra del Barrio Huiliches.<\/h5>\n<h5><\/h5>\n<h5>En el lugar, Polic\u00edas entrevistaron e identificaron a un joven de 23 a\u00f1os de edad que al consultar los datos al Centro de An\u00e1lisis, el operador de turno inform\u00f3 que el mismo, registraba pedido de captura vigente por presunto robo simple, con fecha 05\/04\/2024, a requerimiento del Juez de Garant\u00edas de la ciudad capital.<\/h5>\n<h5><\/h5>\n<h5>Finalmente, demoraron al sujeto y lo trasladaron a Sede Policial 21\u00b0 quedando a disposici\u00f3n de la justicia.<\/h5>\n\t\t\t\t\t\t\t\t<\/div>\n\t\t\t\t<\/div>\n\t\t\t\t\t<\/div>\n\t\t\t\t<\/div>\n\t\t\t\t<\/div>\n\t\t","protected":false},"excerpt":{"rendered":"<p>Un sujeto de 23 a\u00f1os de edad fue demorado la madrugada de hoy (05\/06), por registrar pedido de captura vigente por presunto robo simple. El procedimiento fue realizado por uniformados de Comisar\u00eda 21\u00b0 del Barrio Melipal y del Comando de Operaciones Policiales. La tarea surgi\u00f3 pasada las 04:25, cuando personal de Monitoreo solicit\u00f3 a la [&hellip;]<\/p>\n","protected":false},"author":9,"featured_media":58150,"comment_status":"open","ping_status":"open","sticky":false,"template":"","format":"standard","meta":{"site-sidebar-layout":"default","site-content-layout":"","ast-site-content-layout":"default","site-content-style":"default","site-sidebar-style":"default","ast-global-header-display":"","ast-banner-title-visibility":"","ast-main-header-display":"","ast-hfb-above-header-display":"","ast-hfb-below-header-display":"","ast-hfb-mobile-header-display":"","site-post-title":"","ast-breadcrumbs-content":"","ast-featured-img":"","footer-sml-layout":"","theme-transparent-header-meta":"","adv-header-id-meta":"","stick-header-meta":"","header-above-stick-meta":"","header-main-stick-meta":"","header-below-stick-meta":"","astra-migrate-meta-layouts":"set","ast-page-background-enabled":"default","ast-page-background-meta":{"desktop":{"background-color":"","background-image":"","background-repeat":"repeat","background-position":"center center","background-size":"auto","background-attachment":"scroll","background-type":"","background-media":"","overlay-type":"","overlay-color":"","overlay-opacity":"","overlay-gradient":""},"tablet":{"background-color":"","background-image":"","background-repeat":"repeat","background-position":"center center","background-size":"auto","background-attachment":"scroll","background-type":"","background-media":"","overlay-type":"","overlay-color":"","overlay-opacity":"","overlay-gradient":""},"mobile":{"background-color":"","background-image":"","background-repeat":"repeat","background-position":"center center","background-size":"auto","background-attachment":"scroll","background-type":"","background-media":"","overlay-type":"","overlay-color":"","overlay-opacity":"","overlay-gradient":""}},"ast-content-background-meta":{"desktop":{"background-color":"var(--ast-global-color-5)","background-image":"","background-repeat":"repeat","background-position":"center center","background-size":"auto","background-attachment":"scroll","background-type":"","background-media":"","overlay-type":"","overlay-color":"","overlay-opacity":"","overlay-gradient":""},"tablet":{"background-color":"var(--ast-global-color-5)","background-image":"","background-repeat":"repeat","background-position":"center center","background-size":"auto","background-attachment":"scroll","background-type":"","background-media":"","overlay-type":"","overlay-color":"","overlay-opacity":"","overlay-gradient":""},"mobile":{"background-color":"var(--ast-global-color-5)","background-image":"","background-repeat":"repeat","background-position":"center center","background-size":"auto","background-attachment":"scroll","background-type":"","background-media":"","overlay-type":"","overlay-color":"","overlay-opacity":"","overlay-gradient":""}},"footnotes":""},"categories":[1],"tags":[],"class_list":["post-58148","post","type-post","status-publish","format-standard","has-post-thumbnail","hentry","category-sin-categorizar"],"jetpack_featured_media_url":"https:\/\/www.policiadelneuquen.gob.ar\/wp-content\/uploads\/2024\/06\/COMISARIA21.jpg","_links":{"self":[{"href":"https:\/\/www.policiadelneuquen.gob.ar\/index.php\/wp-json\/wp\/v2\/posts\/58148","targetHints":{"allow":["GET"]}}],"collection":[{"href":"https:\/\/www.policiadelneuquen.gob.ar\/index.php\/wp-json\/wp\/v2\/posts"}],"about":[{"href":"https:\/\/www.policiadelneuquen.gob.ar\/index.php\/wp-json\/wp\/v2\/types\/post"}],"author":[{"embeddable":true,"href":"https:\/\/www.policiadelneuquen.gob.ar\/index.php\/wp-json\/wp\/v2\/users\/9"}],"replies":[{"embeddable":true,"href":"https:\/\/www.policiadelneuquen.gob.ar\/index.php\/wp-json\/wp\/v2\/comments?post=58148"}],"version-history":[{"count":4,"href":"https:\/\/www.policiadelneuquen.gob.ar\/index.php\/wp-json\/wp\/v2\/posts\/58148\/revisions"}],"predecessor-version":[{"id":58153,"href":"https:\/\/www.policiadelneuquen.gob.ar\/index.php\/wp-json\/wp\/v2\/posts\/58148\/revisions\/58153"}],"wp:featuredmedia":[{"embeddable":true,"href":"https:\/\/www.policiadelneuquen.gob.ar\/index.php\/wp-json\/wp\/v2\/media\/58150"}],"wp:attachment":[{"href":"https:\/\/www.policiadelneuquen.gob.ar\/index.php\/wp-json\/wp\/v2\/media?parent=58148"}],"wp:term":[{"taxonomy":"category","embeddable":true,"href":"https:\/\/www.policiadelneuquen.gob.ar\/index.php\/wp-json\/wp\/v2\/categories?post=58148"},{"taxonomy":"post_tag","embeddable":true,"href":"https:\/\/www.policiadelneuquen.gob.ar\/index.php\/wp-json\/wp\/v2\/tags?post=58148"}],"curies":[{"name":"wp","href":"https:\/\/api.w.org\/{rel}","templated":true}]}}