{"id":58162,"date":"2024-06-05T11:26:49","date_gmt":"2024-06-05T14:26:49","guid":{"rendered":"https:\/\/www.policiadelneuquen.gob.ar\/?p=58162"},"modified":"2024-06-05T11:31:37","modified_gmt":"2024-06-05T14:31:37","slug":"sujeto-demorado-con-pedido-de-captura-vigente-3","status":"publish","type":"post","link":"https:\/\/www.policiadelneuquen.gob.ar\/index.php\/sujeto-demorado-con-pedido-de-captura-vigente-3\/","title":{"rendered":"SUJETO DEMORADO CON PEDIDO DE CAPTURA VIGENTE"},"content":{"rendered":"\t\t<div data-elementor-type=\"wp-post\" data-elementor-id=\"58162\" class=\"elementor elementor-58162\">\n\t\t\t\t<div class=\"elementor-element elementor-element-16e4254f e-flex e-con-boxed e-con e-parent\" data-id=\"16e4254f\" data-element_type=\"container\" data-e-type=\"container\">\n\t\t\t\t\t<div class=\"e-con-inner\">\n\t\t\t\t<div class=\"elementor-element elementor-element-528dcfae elementor-widget elementor-widget-text-editor\" data-id=\"528dcfae\" data-element_type=\"widget\" data-e-type=\"widget\" data-widget_type=\"text-editor.default\">\n\t\t\t\t<div class=\"elementor-widget-container\">\n\t\t\t\t\t\t\t\t\t\n<h3>Uniformados de Comisar\u00eda 16\u00b0 del Barrio San Lorenzo demoraron la madrugada de hoy (05\/06), a un sujeto de 28 a\u00f1os de edad que registraba pedido de captura vigente por presunto encubrimiento.<\/h3>\n<h3><\/h3>\n<h3>La tarea de los uniformados surgi\u00f3 pasada las 02:47, a ra\u00edz de una identificaci\u00f3n de rutina donde al entrevistar a un sujeto que circulaba por la v\u00eda publica, se pudo constatar gracias al Operador de turno del Centro de An\u00e1lisis Criminal que registraba pedido de captura vigente por presunto encubrimiento con fecha del 06 de febrero del corriente a\u00f1o.<\/h3>\n<h3><\/h3>\n<h3>Finalmente el sujeto fue demorado y trasladado en el m\u00f3vil oficial a Sede Policial 16\u00b0 donde qued\u00f3 a disposici\u00f3n de la justicia.<\/h3>\n\t\t\t\t\t\t\t\t<\/div>\n\t\t\t\t<\/div>\n\t\t\t\t\t<\/div>\n\t\t\t\t<\/div>\n\t\t\t\t<\/div>\n\t\t","protected":false},"excerpt":{"rendered":"<p>Uniformados de Comisar\u00eda 16\u00b0 del Barrio San Lorenzo demoraron la madrugada de hoy (05\/06), a un sujeto de 28 a\u00f1os de edad que registraba pedido de captura vigente por presunto encubrimiento. La tarea de los uniformados surgi\u00f3 pasada las 02:47, a ra\u00edz de una identificaci\u00f3n de rutina donde al entrevistar a un sujeto que circulaba [&hellip;]<\/p>\n","protected":false},"author":9,"featured_media":58164,"comment_status":"open","ping_status":"open","sticky":false,"template":"","format":"standard","meta":{"site-sidebar-layout":"default","site-content-layout":"","ast-site-content-layout":"default","site-content-style":"default","site-sidebar-style":"default","ast-global-header-display":"","ast-banner-title-visibility":"","ast-main-header-display":"","ast-hfb-above-header-display":"","ast-hfb-below-header-display":"","ast-hfb-mobile-header-display":"","site-post-title":"","ast-breadcrumbs-content":"","ast-featured-img":"","footer-sml-layout":"","theme-transparent-header-meta":"","adv-header-id-meta":"","stick-header-meta":"","header-above-stick-meta":"","header-main-stick-meta":"","header-below-stick-meta":"","astra-migrate-meta-layouts":"set","ast-page-background-enabled":"default","ast-page-background-meta":{"desktop":{"background-color":"","background-image":"","background-repeat":"repeat","background-position":"center center","background-size":"auto","background-attachment":"scroll","background-type":"","background-media":"","overlay-type":"","overlay-color":"","overlay-opacity":"","overlay-gradient":""},"tablet":{"background-color":"","background-image":"","background-repeat":"repeat","background-position":"center center","background-size":"auto","background-attachment":"scroll","background-type":"","background-media":"","overlay-type":"","overlay-color":"","overlay-opacity":"","overlay-gradient":""},"mobile":{"background-color":"","background-image":"","background-repeat":"repeat","background-position":"center center","background-size":"auto","background-attachment":"scroll","background-type":"","background-media":"","overlay-type":"","overlay-color":"","overlay-opacity":"","overlay-gradient":""}},"ast-content-background-meta":{"desktop":{"background-color":"var(--ast-global-color-5)","background-image":"","background-repeat":"repeat","background-position":"center center","background-size":"auto","background-attachment":"scroll","background-type":"","background-media":"","overlay-type":"","overlay-color":"","overlay-opacity":"","overlay-gradient":""},"tablet":{"background-color":"var(--ast-global-color-5)","background-image":"","background-repeat":"repeat","background-position":"center center","background-size":"auto","background-attachment":"scroll","background-type":"","background-media":"","overlay-type":"","overlay-color":"","overlay-opacity":"","overlay-gradient":""},"mobile":{"background-color":"var(--ast-global-color-5)","background-image":"","background-repeat":"repeat","background-position":"center center","background-size":"auto","background-attachment":"scroll","background-type":"","background-media":"","overlay-type":"","overlay-color":"","overlay-opacity":"","overlay-gradient":""}},"footnotes":""},"categories":[1],"tags":[],"class_list":["post-58162","post","type-post","status-publish","format-standard","has-post-thumbnail","hentry","category-sin-categorizar"],"jetpack_featured_media_url":"https:\/\/www.policiadelneuquen.gob.ar\/wp-content\/uploads\/2024\/06\/comisaria16.jpg","_links":{"self":[{"href":"https:\/\/www.policiadelneuquen.gob.ar\/index.php\/wp-json\/wp\/v2\/posts\/58162","targetHints":{"allow":["GET"]}}],"collection":[{"href":"https:\/\/www.policiadelneuquen.gob.ar\/index.php\/wp-json\/wp\/v2\/posts"}],"about":[{"href":"https:\/\/www.policiadelneuquen.gob.ar\/index.php\/wp-json\/wp\/v2\/types\/post"}],"author":[{"embeddable":true,"href":"https:\/\/www.policiadelneuquen.gob.ar\/index.php\/wp-json\/wp\/v2\/users\/9"}],"replies":[{"embeddable":true,"href":"https:\/\/www.policiadelneuquen.gob.ar\/index.php\/wp-json\/wp\/v2\/comments?post=58162"}],"version-history":[{"count":4,"href":"https:\/\/www.policiadelneuquen.gob.ar\/index.php\/wp-json\/wp\/v2\/posts\/58162\/revisions"}],"predecessor-version":[{"id":58168,"href":"https:\/\/www.policiadelneuquen.gob.ar\/index.php\/wp-json\/wp\/v2\/posts\/58162\/revisions\/58168"}],"wp:featuredmedia":[{"embeddable":true,"href":"https:\/\/www.policiadelneuquen.gob.ar\/index.php\/wp-json\/wp\/v2\/media\/58164"}],"wp:attachment":[{"href":"https:\/\/www.policiadelneuquen.gob.ar\/index.php\/wp-json\/wp\/v2\/media?parent=58162"}],"wp:term":[{"taxonomy":"category","embeddable":true,"href":"https:\/\/www.policiadelneuquen.gob.ar\/index.php\/wp-json\/wp\/v2\/categories?post=58162"},{"taxonomy":"post_tag","embeddable":true,"href":"https:\/\/www.policiadelneuquen.gob.ar\/index.php\/wp-json\/wp\/v2\/tags?post=58162"}],"curies":[{"name":"wp","href":"https:\/\/api.w.org\/{rel}","templated":true}]}}