{"id":58188,"date":"2024-06-06T10:54:26","date_gmt":"2024-06-06T13:54:26","guid":{"rendered":"https:\/\/www.policiadelneuquen.gob.ar\/?p=58188"},"modified":"2024-06-06T10:54:58","modified_gmt":"2024-06-06T13:54:58","slug":"cometieron-hurto-y-fueron-liberados-por-la-justicia","status":"publish","type":"post","link":"https:\/\/www.policiadelneuquen.gob.ar\/index.php\/cometieron-hurto-y-fueron-liberados-por-la-justicia\/","title":{"rendered":"COMETIERON HURTO Y FUERON LIBERADOS POR LA JUSTICIA"},"content":{"rendered":"\t\t<div data-elementor-type=\"wp-post\" data-elementor-id=\"58188\" class=\"elementor elementor-58188\">\n\t\t\t\t<div class=\"elementor-element elementor-element-62e7046c e-flex e-con-boxed e-con e-parent\" data-id=\"62e7046c\" data-element_type=\"container\" data-e-type=\"container\">\n\t\t\t\t\t<div class=\"e-con-inner\">\n\t\t\t\t<div class=\"elementor-element elementor-element-32f48c70 elementor-widget elementor-widget-text-editor\" data-id=\"32f48c70\" data-element_type=\"widget\" data-e-type=\"widget\" data-widget_type=\"text-editor.default\">\n\t\t\t\t<div class=\"elementor-widget-container\">\n\t\t\t\t\t\t\t\t\t\n<h4>Dos sujetos mayores de edad fueron demorados el pasado martes (04\/06), por uniformados de Comisar\u00eda S\u00e9ptima de la ciudad de Plottier por presunto hurto.<\/h4>\n<h4><\/h4>\n<h4>La justicia los libero luego de haber sido notificados de la causa.<\/h4>\n<h4><\/h4>\n<h4>Los mismos hab\u00edan sustra\u00eddo un televisor y una garrafa de una vivienda del Barrio Gran Plottier.<\/h4>\n<h4><\/h4>\n<h4>La tarea Policial surgi\u00f3 pasada las 21:50, cuando fueron alertados por una persona que fue damnificada de un il\u00edcito en su domicilio. Malvivientes le hab\u00edan ingresado a su casa por el ventanal sin ejercer da\u00f1os sustrayendo un televisor de 50\u201d y una garrafa de 10kg. Por otra parte, un vecino, colaboro con las caracter\u00edsticas de los sujetos de 26 y 23 a\u00f1os de edad que fueron aprehendidos en cercan\u00edas de un bald\u00edo del barrio.<\/h4>\n<h4><\/h4>\n<h4>El damnificado afortunadamente recupero sus pertenencias.<\/h4>\n<h4><\/h4>\n<h4>Como consecuencia, ambos fueron demorados y trasladados a Sede Policial quedando a disposici\u00f3n de la justicia que ordeno a los minutos la libertad supeditada luego de ser notificados de la causa.<\/h4>\n\t\t\t\t\t\t\t\t<\/div>\n\t\t\t\t<\/div>\n\t\t\t\t\t<\/div>\n\t\t\t\t<\/div>\n\t\t\t\t<\/div>\n\t\t","protected":false},"excerpt":{"rendered":"<p>Dos sujetos mayores de edad fueron demorados el pasado martes (04\/06), por uniformados de Comisar\u00eda S\u00e9ptima de la ciudad de Plottier por presunto hurto. La justicia los libero luego de haber sido notificados de la causa. Los mismos hab\u00edan sustra\u00eddo un televisor y una garrafa de una vivienda del Barrio Gran Plottier. La tarea Policial [&hellip;]<\/p>\n","protected":false},"author":6,"featured_media":58189,"comment_status":"open","ping_status":"open","sticky":false,"template":"","format":"standard","meta":{"site-sidebar-layout":"default","site-content-layout":"","ast-site-content-layout":"default","site-content-style":"default","site-sidebar-style":"default","ast-global-header-display":"","ast-banner-title-visibility":"","ast-main-header-display":"","ast-hfb-above-header-display":"","ast-hfb-below-header-display":"","ast-hfb-mobile-header-display":"","site-post-title":"","ast-breadcrumbs-content":"","ast-featured-img":"","footer-sml-layout":"","theme-transparent-header-meta":"","adv-header-id-meta":"","stick-header-meta":"","header-above-stick-meta":"","header-main-stick-meta":"","header-below-stick-meta":"","astra-migrate-meta-layouts":"set","ast-page-background-enabled":"default","ast-page-background-meta":{"desktop":{"background-color":"","background-image":"","background-repeat":"repeat","background-position":"center center","background-size":"auto","background-attachment":"scroll","background-type":"","background-media":"","overlay-type":"","overlay-color":"","overlay-opacity":"","overlay-gradient":""},"tablet":{"background-color":"","background-image":"","background-repeat":"repeat","background-position":"center center","background-size":"auto","background-attachment":"scroll","background-type":"","background-media":"","overlay-type":"","overlay-color":"","overlay-opacity":"","overlay-gradient":""},"mobile":{"background-color":"","background-image":"","background-repeat":"repeat","background-position":"center center","background-size":"auto","background-attachment":"scroll","background-type":"","background-media":"","overlay-type":"","overlay-color":"","overlay-opacity":"","overlay-gradient":""}},"ast-content-background-meta":{"desktop":{"background-color":"var(--ast-global-color-5)","background-image":"","background-repeat":"repeat","background-position":"center center","background-size":"auto","background-attachment":"scroll","background-type":"","background-media":"","overlay-type":"","overlay-color":"","overlay-opacity":"","overlay-gradient":""},"tablet":{"background-color":"var(--ast-global-color-5)","background-image":"","background-repeat":"repeat","background-position":"center center","background-size":"auto","background-attachment":"scroll","background-type":"","background-media":"","overlay-type":"","overlay-color":"","overlay-opacity":"","overlay-gradient":""},"mobile":{"background-color":"var(--ast-global-color-5)","background-image":"","background-repeat":"repeat","background-position":"center center","background-size":"auto","background-attachment":"scroll","background-type":"","background-media":"","overlay-type":"","overlay-color":"","overlay-opacity":"","overlay-gradient":""}},"footnotes":""},"categories":[1],"tags":[],"class_list":["post-58188","post","type-post","status-publish","format-standard","has-post-thumbnail","hentry","category-sin-categorizar"],"jetpack_featured_media_url":"https:\/\/www.policiadelneuquen.gob.ar\/wp-content\/uploads\/2024\/06\/Sin-titulo.jpg","_links":{"self":[{"href":"https:\/\/www.policiadelneuquen.gob.ar\/index.php\/wp-json\/wp\/v2\/posts\/58188","targetHints":{"allow":["GET"]}}],"collection":[{"href":"https:\/\/www.policiadelneuquen.gob.ar\/index.php\/wp-json\/wp\/v2\/posts"}],"about":[{"href":"https:\/\/www.policiadelneuquen.gob.ar\/index.php\/wp-json\/wp\/v2\/types\/post"}],"author":[{"embeddable":true,"href":"https:\/\/www.policiadelneuquen.gob.ar\/index.php\/wp-json\/wp\/v2\/users\/6"}],"replies":[{"embeddable":true,"href":"https:\/\/www.policiadelneuquen.gob.ar\/index.php\/wp-json\/wp\/v2\/comments?post=58188"}],"version-history":[{"count":4,"href":"https:\/\/www.policiadelneuquen.gob.ar\/index.php\/wp-json\/wp\/v2\/posts\/58188\/revisions"}],"predecessor-version":[{"id":58193,"href":"https:\/\/www.policiadelneuquen.gob.ar\/index.php\/wp-json\/wp\/v2\/posts\/58188\/revisions\/58193"}],"wp:featuredmedia":[{"embeddable":true,"href":"https:\/\/www.policiadelneuquen.gob.ar\/index.php\/wp-json\/wp\/v2\/media\/58189"}],"wp:attachment":[{"href":"https:\/\/www.policiadelneuquen.gob.ar\/index.php\/wp-json\/wp\/v2\/media?parent=58188"}],"wp:term":[{"taxonomy":"category","embeddable":true,"href":"https:\/\/www.policiadelneuquen.gob.ar\/index.php\/wp-json\/wp\/v2\/categories?post=58188"},{"taxonomy":"post_tag","embeddable":true,"href":"https:\/\/www.policiadelneuquen.gob.ar\/index.php\/wp-json\/wp\/v2\/tags?post=58188"}],"curies":[{"name":"wp","href":"https:\/\/api.w.org\/{rel}","templated":true}]}}